{"id":59877,"date":"2026-01-27T09:49:35","date_gmt":"2026-01-27T12:49:35","guid":{"rendered":"https:\/\/mussicom.com\/mercado-de-trigo-inicia-2026-com-baixa-demanda\/"},"modified":"2026-01-27T09:49:35","modified_gmt":"2026-01-27T12:49:35","slug":"mercado-de-trigo-inicia-2026-com-baixa-demanda","status":"publish","type":"post","link":"https:\/\/mussicom.com\/noticias\/mercado-de-trigo-inicia-2026-com-baixa-demanda\/","title":{"rendered":"Mercado de trigo inicia 2026 com baixa demanda"},"content":{"rendered":"<p> <br \/>\n<\/p>\n<div>\n<div class=\"row\">\n<div class=\"col-lg col-infos mt-0 mt-lg-0\">\n<div class=\"section-sub-title\">\n<p itemprop=\"description\">&#13;<br \/>\n                                Mercado interno desacelera em janeiro, com exporta\u00e7\u00f5es abaixo do esperado&#13;\n                            <\/p>\n<\/p><\/div>\n<div class=\"container\">\n<div class=\"row\">\n<div class=\"col-lg p-0\">\n<div>\n<div class=\"block-news-main-infos mt-3 text-start\">\n<p>                                            <strong class=\"fn\" itemprop=\"author\" style=\"color: rgb(112, 112, 112); \">&#13;<br \/>\n                                                Agrolink&#13;<br \/>\n&#13;<br \/>\n                                                    &#8211; Aline Merladete&#13;<br \/>\n&#13;<br \/>\n                                            <\/strong><br \/>\n                                        <\/p>\n<p>                                            <abbr><time datetime=\"2026 - 01 - 27T09:25\" itemprop=\"datePublished dateModified\"> Publicado em 27\/01\/2026 \u00e0s 09:25h.<\/time><\/abbr>\n                                    <\/div>\n<\/p><\/div>\n<\/p><\/div>\n<div class=\"col-lg p-0 text-lg-end\">\n<div>\n<div id=\"mdEnviarPagina\" class=\"modal fade\" role=\"dialog\">\n<div class=\"modal-dialog\">\n<div class=\"modal-content\">\n<div class=\"modal-body\">\n<p><strong>Estimado usu\u00e1rio.<\/strong><br \/>Preencha o formul\u00e1rio abaixo para remeter a p\u00e1gina.<\/p>\n<\/p><\/div>\n<\/p><\/div>\n<\/p><\/div>\n<\/div><\/div>\n<\/p><\/div>\n<\/p><\/div>\n<\/p><\/div>\n<\/p><\/div>\n<\/p><\/div>\n<div class=\"row justify-content-md-center mt-3\">\n<div class=\"col-lg-auto col-image block-news-main-image\">\n<p>                                <br \/>\n                                                <span class=\"publicity-photo d-block mt-1\">Foto: Divulga\u00e7\u00e3o<\/span><\/p><\/div>\n<\/p><\/div>\n<div class=\"section-description section-description-noticias mt-3\">\n<p style=\"text-align:justify\">O mercado brasileiro de trigo iniciou 2026 com baixa movimenta\u00e7\u00e3o comercial, reflexo da combina\u00e7\u00e3o entre oferta contida e demanda limitada. De acordo com dados divulgados pelo Cepea, o setor operou de forma pontual ao longo de janeiro, sem avan\u00e7os significativos nas negocia\u00e7\u00f5es internas ou externas.&#13;\n<\/p>\n<p style=\"text-align:justify\">A lentid\u00e3o \u00e9 atribu\u00edda principalmente ao foco dos produtores nas atividades de colheita da safra de ver\u00e3o e no preparo das lavouras da segunda safra. Esse cen\u00e1rio tem mantido os vendedores menos ativos, participando do mercado apenas em situa\u00e7\u00f5es espec\u00edficas, como necessidade de gerar caixa ou liberar espa\u00e7o nos armaz\u00e9ns.<\/p>\n<p style=\"text-align:justify\">Do lado da demanda, os compradores tamb\u00e9m n\u00e3o demonstraram apetite para neg\u00f3cios mais robustos. Conforme apontam os analistas do Cepea, muitas empresas j\u00e1 se encontram abastecidas, seja por estoques remanescentes ou por contratos previamente firmados para os dois primeiros meses do ano.&#13;\n<\/p>\n<p style=\"text-align:justify\">Al\u00e9m da fraca movimenta\u00e7\u00e3o no mercado dom\u00e9stico, as trocas internacionais de trigo tamb\u00e9m ficaram abaixo do volume registrado em janeiro de 2025. Tanto as exporta\u00e7\u00f5es quanto as importa\u00e7\u00f5es recuaram, evidenciando uma menor din\u00e2mica no com\u00e9rcio exterior neste in\u00edcio de ano.<\/p>\n<p style=\"text-align:justify\">Comportamento est\u00e1 diretamente ligado ao equil\u00edbrio entre a oferta dispon\u00edvel e os compromissos j\u00e1 assumidos pelos agentes da cadeia. A baixa procura no mercado spot, refor\u00e7ada pela cobertura contratual, acaba desestimulando novas transa\u00e7\u00f5es no curto prazo.\u00a0Especialistas do Cepea destacam que o ritmo reduzido n\u00e3o representa necessariamente um problema estrutural, mas sim um ajuste sazonal comum ao per\u00edodo. A expectativa \u00e9 que, com o avan\u00e7o das atividades agr\u00edcolas, o fluxo comercial ganhe novo impulso nas pr\u00f3ximas semanas.&#13;\n<\/p>\n<\/p><\/div>\n<\/p><\/div>\n<p><script data-cfasync=\"false\">\n    !function (f, b, e, v, n, t, s) {\n        if (f.fbq) return; n = f.fbq = function () {\n            n.callMethod ?\n                n.callMethod.apply(n, arguments) : n.queue.push(arguments)\n        };\n        if (!f._fbq) f._fbq = n; n.push = n; n.loaded = !0; n.version = '2.0';\n        n.queue = []; t = b.createElement(e); t.async = !0;\n        t.src = v; s = b.getElementsByTagName(e)[0];\n        s.parentNode.insertBefore(t, s)\n    }(window, document, 'script',\n        'https:\/\/connect.facebook.net\/en_US\/fbevents.js');\n    fbq('init', '522546078623747');\n    fbq('track', 'PageView');\n<\/script><br \/>\n<br \/><br \/>\n<br \/>Fonte: <a href=\"https:\/\/www.agrolink.com.br\/noticias\/mercado-de-trigo-inicia-2026-com-baixa-demanda_510233.html\">AGROLINK<\/a><\/p>\n","protected":false},"excerpt":{"rendered":"<p>&#13; Mercado interno desacelera em janeiro, com exporta\u00e7\u00f5es abaixo do esperado&#13; &#13; Agrolink&#13; &#13; &#8211; Aline Merladete&#13; &#13; Publicado em 27\/01\/2026 \u00e0s 09:25h. Estimado usu\u00e1rio.Preencha o formul\u00e1rio abaixo para remeter a p\u00e1gina. Foto: Divulga\u00e7\u00e3o O mercado brasileiro de trigo iniciou 2026 com baixa movimenta\u00e7\u00e3o comercial, reflexo da combina\u00e7\u00e3o entre oferta contida e demanda limitada. De [&hellip;]<\/p>\n","protected":false},"author":5,"featured_media":59878,"comment_status":"open","ping_status":"open","sticky":false,"template":"","format":"standard","meta":{"_seopress_robots_primary_cat":"","_seopress_titles_title":"","_seopress_titles_desc":"","_seopress_robots_index":"","footnotes":""},"categories":[53],"tags":[],"class_list":["post-59877","post","type-post","status-publish","format-standard","has-post-thumbnail","hentry","category-agronegocio"],"_links":{"self":[{"href":"https:\/\/mussicom.com\/noticias\/wp-json\/wp\/v2\/posts\/59877","targetHints":{"allow":["GET"]}}],"collection":[{"href":"https:\/\/mussicom.com\/noticias\/wp-json\/wp\/v2\/posts"}],"about":[{"href":"https:\/\/mussicom.com\/noticias\/wp-json\/wp\/v2\/types\/post"}],"author":[{"embeddable":true,"href":"https:\/\/mussicom.com\/noticias\/wp-json\/wp\/v2\/users\/5"}],"replies":[{"embeddable":true,"href":"https:\/\/mussicom.com\/noticias\/wp-json\/wp\/v2\/comments?post=59877"}],"version-history":[{"count":0,"href":"https:\/\/mussicom.com\/noticias\/wp-json\/wp\/v2\/posts\/59877\/revisions"}],"wp:featuredmedia":[{"embeddable":true,"href":"https:\/\/mussicom.com\/noticias\/wp-json\/wp\/v2\/media\/59878"}],"wp:attachment":[{"href":"https:\/\/mussicom.com\/noticias\/wp-json\/wp\/v2\/media?parent=59877"}],"wp:term":[{"taxonomy":"category","embeddable":true,"href":"https:\/\/mussicom.com\/noticias\/wp-json\/wp\/v2\/categories?post=59877"},{"taxonomy":"post_tag","embeddable":true,"href":"https:\/\/mussicom.com\/noticias\/wp-json\/wp\/v2\/tags?post=59877"}],"curies":[{"name":"wp","href":"https:\/\/api.w.org\/{rel}","templated":true}]}}