{"id":59832,"date":"2026-01-27T00:40:16","date_gmt":"2026-01-27T03:40:16","guid":{"rendered":"https:\/\/mussicom.com\/mercado-de-corantes-naturais-mantem-ritmo-de-expansao\/"},"modified":"2026-01-27T00:40:16","modified_gmt":"2026-01-27T03:40:16","slug":"mercado-de-corantes-naturais-mantem-ritmo-de-expansao","status":"publish","type":"post","link":"https:\/\/mussicom.com\/noticias\/mercado-de-corantes-naturais-mantem-ritmo-de-expansao\/","title":{"rendered":"Mercado de corantes naturais mant\u00e9m ritmo de expans\u00e3o"},"content":{"rendered":"<p> <br \/>\n<\/p>\n<div>\n<div class=\"row\">\n<div class=\"col-lg col-infos mt-0 mt-lg-0\">\n<div class=\"section-sub-title\">\n<p itemprop=\"description\">&#13;<br \/>\n                                EUA est\u00e1 proibindo o uso de corantes artificiais&#13;\n                            <\/p>\n<\/p><\/div>\n<div class=\"container\">\n<div class=\"row\">\n<div class=\"col-lg p-0\">\n<div>\n<div class=\"block-news-main-infos mt-3 text-start\">\n<p>                                            <strong class=\"fn\" itemprop=\"author\" style=\"color: rgb(112, 112, 112); \">&#13;<br \/>\n                                                Agrolink&#13;<br \/>\n&#13;<br \/>\n                                                    &#8211; Leonardo Gottems&#13;<br \/>\n&#13;<br \/>\n                                            <\/strong><br \/>\n                                        <\/p>\n<p>                                            <abbr><time datetime=\"2026 - 01 - 26T16:10\" itemprop=\"datePublished dateModified\"> Publicado em 26\/01\/2026 \u00e0s 16:10h.<\/time><\/abbr>\n                                    <\/div>\n<\/p><\/div>\n<\/p><\/div>\n<div class=\"col-lg p-0 text-lg-end\">\n<div>\n<div id=\"mdEnviarPagina\" class=\"modal fade\" role=\"dialog\">\n<div class=\"modal-dialog\">\n<div class=\"modal-content\">\n<div class=\"modal-body\">\n<p><strong>Estimado usu\u00e1rio.<\/strong><br \/>Preencha o formul\u00e1rio abaixo para remeter a p\u00e1gina.<\/p>\n<\/p><\/div>\n<\/p><\/div>\n<\/p><\/div>\n<\/div><\/div>\n<\/p><\/div>\n<\/p><\/div>\n<\/p><\/div>\n<\/p><\/div>\n<\/p><\/div>\n<div class=\"row justify-content-md-center mt-3\">\n<div class=\"col-lg-auto col-image block-news-main-image\">\n<p>                                <br \/>\n                                                <span class=\"d-block mt-1\">EUA est\u00e1 proibindo o uso de corantes artificiais &#8211; Foto: Pixabay<\/span><\/p><\/div>\n<\/p><\/div>\n<div class=\"section-description section-description-noticias mt-3\">\n<p>O mercado de corantes naturais avan\u00e7a de forma consistente, impulsionado por mudan\u00e7as regulat\u00f3rias e pela demanda por ingredientes considerados mais seguros e transparentes. As informa\u00e7\u00f5es s\u00e3o de Giovanna Cappellano, gerente de ESG e Assuntos Estrat\u00e9gicos na Concepta Ingredients, que acompanha a evolu\u00e7\u00e3o desse segmento. Segundo a Meticulous Market Research, o setor global deve atingir US$ 5,42 bilh\u00f5es at\u00e9 2031, com crescimento m\u00e9dio anual de 6,5%, refletindo a prefer\u00eancia por produtos livres de compostos artificiais.&#13;\n<\/p>\n<p>Nos Estados Unidos, a proibi\u00e7\u00e3o do uso de corantes artificiais at\u00e9 o fim de 2026 refor\u00e7a esse movimento, apoiada em estudos que associam esses aditivos a riscos \u00e0 sa\u00fade. Paralelamente, cresce o interesse por solu\u00e7\u00f5es naturais, com parcela relevante dos consumidores priorizando r\u00f3tulos que indiquem a aus\u00eancia desses ingredientes.<\/p>\n<p>Nesse contexto, o Extrato de Jenipapo, da esp\u00e9cie Genipa americana L., surge como alternativa ligada \u00e0 biodiversidade brasileira. Aprovado pela Anvisa em 2025 para uso na ind\u00fastria aliment\u00edcia, o ingrediente oferece tonalidade azul transparente e est\u00e1vel, obtida por oxida\u00e7\u00e3o natural da polpa do fruto. Tradicionalmente utilizado por comunidades ind\u00edgenas em rituais e pinturas corporais, o jenipapo passa a ocupar espa\u00e7o como substituto natural do Azul Patente V, sem OGM e compat\u00edvel com dietas veganas e vegetarianas.&#13;\n<\/p>\n<p>A estrutura\u00e7\u00e3o dessa cadeia envolve iniciativas de uso \u00e9tico da biodiversidade, como o Termo de Consentimento Pr\u00e9vio Informado firmado com a comunidade ind\u00edgena Akro\u00e1-Gamella, no Piau\u00ed. O projeto beneficia fam\u00edlias ind\u00edgenas e agroextrativistas, gera renda acima do sal\u00e1rio-m\u00ednimo e contribui para a regenera\u00e7\u00e3o do Cerrado e da Caatinga, fortalecendo a bioeconomia como caminho para o desenvolvimento sustent\u00e1vel.<\/p>\n<p>\u201cAo transformar o jenipapo \u2014 s\u00edmbolo da sabedoria tradicional \u2014 em um ingrediente de alto valor agregado, a Concepta reafirma seu papel como ponte entre as comunidades e as ind\u00fastrias que t\u00eam a sustentabilidade como pilar central\u201d, conclui.<br \/>&#13;<br \/>\n\u00a0<\/p>\n<\/p><\/div>\n<\/p><\/div>\n<p><script data-cfasync=\"false\">\n    !function (f, b, e, v, n, t, s) {\n        if (f.fbq) return; n = f.fbq = function () {\n            n.callMethod ?\n                n.callMethod.apply(n, arguments) : n.queue.push(arguments)\n        };\n        if (!f._fbq) f._fbq = n; n.push = n; n.loaded = !0; n.version = '2.0';\n        n.queue = []; t = b.createElement(e); t.async = !0;\n        t.src = v; s = b.getElementsByTagName(e)[0];\n        s.parentNode.insertBefore(t, s)\n    }(window, document, 'script',\n        'https:\/\/connect.facebook.net\/en_US\/fbevents.js');\n    fbq('init', '522546078623747');\n    fbq('track', 'PageView');\n<\/script><br \/>\n<br \/><br \/>\n<br \/>Fonte: <a href=\"https:\/\/www.agrolink.com.br\/noticias\/mercado-de-corantes-naturais-mantem-ritmo-de-expansao_510213.html\">AGROLINK<\/a><\/p>\n","protected":false},"excerpt":{"rendered":"<p>&#13; EUA est\u00e1 proibindo o uso de corantes artificiais&#13; &#13; Agrolink&#13; &#13; &#8211; Leonardo Gottems&#13; &#13; Publicado em 26\/01\/2026 \u00e0s 16:10h. Estimado usu\u00e1rio.Preencha o formul\u00e1rio abaixo para remeter a p\u00e1gina. EUA est\u00e1 proibindo o uso de corantes artificiais &#8211; Foto: Pixabay O mercado de corantes naturais avan\u00e7a de forma consistente, impulsionado por mudan\u00e7as regulat\u00f3rias e [&hellip;]<\/p>\n","protected":false},"author":5,"featured_media":59833,"comment_status":"open","ping_status":"open","sticky":false,"template":"","format":"standard","meta":{"_seopress_robots_primary_cat":"","_seopress_titles_title":"","_seopress_titles_desc":"","_seopress_robots_index":"","footnotes":""},"categories":[53],"tags":[],"class_list":["post-59832","post","type-post","status-publish","format-standard","has-post-thumbnail","hentry","category-agronegocio"],"_links":{"self":[{"href":"https:\/\/mussicom.com\/noticias\/wp-json\/wp\/v2\/posts\/59832","targetHints":{"allow":["GET"]}}],"collection":[{"href":"https:\/\/mussicom.com\/noticias\/wp-json\/wp\/v2\/posts"}],"about":[{"href":"https:\/\/mussicom.com\/noticias\/wp-json\/wp\/v2\/types\/post"}],"author":[{"embeddable":true,"href":"https:\/\/mussicom.com\/noticias\/wp-json\/wp\/v2\/users\/5"}],"replies":[{"embeddable":true,"href":"https:\/\/mussicom.com\/noticias\/wp-json\/wp\/v2\/comments?post=59832"}],"version-history":[{"count":0,"href":"https:\/\/mussicom.com\/noticias\/wp-json\/wp\/v2\/posts\/59832\/revisions"}],"wp:featuredmedia":[{"embeddable":true,"href":"https:\/\/mussicom.com\/noticias\/wp-json\/wp\/v2\/media\/59833"}],"wp:attachment":[{"href":"https:\/\/mussicom.com\/noticias\/wp-json\/wp\/v2\/media?parent=59832"}],"wp:term":[{"taxonomy":"category","embeddable":true,"href":"https:\/\/mussicom.com\/noticias\/wp-json\/wp\/v2\/categories?post=59832"},{"taxonomy":"post_tag","embeddable":true,"href":"https:\/\/mussicom.com\/noticias\/wp-json\/wp\/v2\/tags?post=59832"}],"curies":[{"name":"wp","href":"https:\/\/api.w.org\/{rel}","templated":true}]}}