{"id":59772,"date":"2026-01-26T18:41:14","date_gmt":"2026-01-26T21:41:14","guid":{"rendered":"https:\/\/mussicom.com\/tarcisio-exalta-nikolas-e-diz-que-protesto-nao-afeta-dialogo-com-stf\/"},"modified":"2026-01-26T18:41:14","modified_gmt":"2026-01-26T21:41:14","slug":"tarcisio-exalta-nikolas-e-diz-que-protesto-nao-afeta-dialogo-com-stf","status":"publish","type":"post","link":"https:\/\/mussicom.com\/noticias\/tarcisio-exalta-nikolas-e-diz-que-protesto-nao-afeta-dialogo-com-stf\/","title":{"rendered":"Tarc\u00edsio exalta Nikolas e diz que protesto n\u00e3o afeta di\u00e1logo com STF"},"content":{"rendered":"<p> <br \/>\n<\/p>\n<div id=\"tp-post-content\">\n<p class=\"postParagraph_post-paragraph__juWZN postParagraph_post-paragraph-innerHtml__Q5vwc\">O governador de S\u00e3o Paulo, Tarc\u00edsio de Freitas (Republicanos), elogiou nesta segunda-feira (26) a caminhada promovida pelo deputado federal Nikolas Ferreira (PL) em defesa da transfer\u00eancia do ex-presidente Jair Bolsonaro (PL) para a pris\u00e3o domiciliar. Tarc\u00edsio chamou Nikolas de \u201cmenino ungido\u201d e \u201cfen\u00f4meno\u201d.<\/p>\n<p class=\"postParagraph_post-paragraph__juWZN postParagraph_post-paragraph-innerHtml__Q5vwc\">\u201cFoi um grande movimento liderado pelo Nikolas, que \u00e9 realmente um fen\u00f4meno, \u00e9 uma grande lideran\u00e7a. \u00c9 um menino ungido, eu posso falar um menino porque sou bem mais velho que ele. [Ele tem] 29 anos, com essa capacidade de comunica\u00e7\u00e3o, de mobiliza\u00e7\u00e3o\u201d, afirmou durante uma agenda em Santos.<\/p>\n<p class=\"postParagraph_post-paragraph__juWZN postParagraph_post-paragraph-innerHtml__Q5vwc\">Apesar de exaltar a iniciativa de Nikolas, o governador n\u00e3o compareceu ao ato. A \u201cCaminhada pela Liberdade\u201d, promovida pelo deputado, percorreu cerca de 240 quil\u00f4metros de Paracatu (MG) at\u00e9 Bras\u00edlia.<\/p>\n<div class=\"postViewMore_post-view-more-container___5wai\" data-mrf-recirculation=\"Post - Veja tamb\u00e9m\">\n<p class=\"gp-styles-module-size-small-afeYRa gp-styles-module-font-family2-afeYRa gp-styles-module-color-secondary-afeYRa gp-styles-module-weight-bold-afeYRa\">VEJA TAMB\u00c9M:<\/p>\n<ul class=\"postViewMore_post-view-more-list__CU_CE\">\n<li class=\"postViewMore_post-view-more-item__2MzRb\"><span class=\"postViewMore_post-view-more-link-icon___stPC\"><svg xmlns=\"http:\/\/www.w3.org\/2000\/svg\" width=\"16\" height=\"16\" viewbox=\"0 0 16 16\"><rect width=\"16\" height=\"16\" fill=\"none\"\/><g transform=\"translate(3 3)\"><path d=\"M22.5,15l3.4,3.4-3.4,3.4\" transform=\"translate(-15.896 -11.793)\" fill=\"none\" stroke=\"#717171\" stroke-linecap=\"round\" stroke-width=\"1.4\"\/><path d=\"M6,6v4.2a2.452,2.452,0,0,0,2.5,2.4H16\" transform=\"translate(-6 -6)\" fill=\"none\" stroke=\"#717171\" stroke-linecap=\"round\" stroke-width=\"1.4\"\/><\/g><\/svg><\/span><span class=\"postViewMore_post-view-more-link-text__hO_kM\">Pol\u00edticos da Caminhada pela Liberdade s\u00f3 souberam de queda de raio no fim de ato no domingo<\/span><\/li>\n<\/ul>\n<\/div>\n<p class=\"postParagraph_post-paragraph__juWZN postParagraph_post-paragraph-innerHtml__Q5vwc\">Tarc\u00edsio afirmou que o protesto n\u00e3o atrapalha as tratativas junto aos ministros do Supremo Tribunal Federal (STF) em prol do regime domiciliar para Bolsonaro.<\/p>\n<p class=\"postParagraph_post-paragraph__juWZN postParagraph_post-paragraph-innerHtml__Q5vwc\">\u201cAcho que n\u00e3o tem porque atrapalhar, no final das contas \u00e9 um clamor da sociedade ampla, n\u00e3o s\u00f3 pela pris\u00e3o domiciliar, mas tamb\u00e9m pela Justi\u00e7a, e mostra um pouco o term\u00f4metro da sociedade, a insatisfa\u00e7\u00e3o, o inconformismo com uma s\u00e9rie de crises de ordem moral\u201d, destacou.<\/p>\n<p class=\"postParagraph_post-paragraph__juWZN postParagraph_post-paragraph-innerHtml__Q5vwc\">\u201cE, obviamente, a gente quer tamb\u00e9m que olhem para os pequenos, para aquelas pessoas que est\u00e3o sofrendo, que est\u00e3o na pris\u00e3o, de maneira, na nossa vis\u00e3o, desarrazoada, e que merecem voltar para suas casas\u201d, acrescentou o governador.<\/p>\n<p class=\"postParagraph_post-paragraph__juWZN postParagraph_post-paragraph-innerHtml__Q5vwc\">Segundo ele, \u201cas institui\u00e7\u00f5es est\u00e3o sendo desrespeitadas\u201d e \u00e9 preciso \u201cvirar a chave\u201d. Durante o ato neste domingo (25), Nikolas criticou o ministro Alexandre de Moraes, relator da a\u00e7\u00e3o penal de Bolsonaro.<\/p>\n<p class=\"postParagraph_post-paragraph__juWZN postParagraph_post-paragraph-innerHtml__Q5vwc\">\u201cAlexandre de Moraes, o Brasil n\u00e3o tem medo de voc\u00ea\u201d, disse o parlamentar.<\/p>\n<\/div>\n<p><br \/>\n<br \/>Fonte: <a href=\"https:\/\/www.gazetadopovo.com.br\/republica\/tarcisio-chama-nikolas-de-fenomeno-e-diz-que-protesto-nao-afeta-dialogo-com-o-stf\/\">Revista Oeste<\/a><\/p>\n","protected":false},"excerpt":{"rendered":"<p>O governador de S\u00e3o Paulo, Tarc\u00edsio de Freitas (Republicanos), elogiou nesta segunda-feira (26) a caminhada promovida pelo deputado federal Nikolas Ferreira (PL) em defesa da transfer\u00eancia do ex-presidente Jair Bolsonaro (PL) para a pris\u00e3o domiciliar. Tarc\u00edsio chamou Nikolas de \u201cmenino ungido\u201d e \u201cfen\u00f4meno\u201d. \u201cFoi um grande movimento liderado pelo Nikolas, que \u00e9 realmente um fen\u00f4meno, [&hellip;]<\/p>\n","protected":false},"author":5,"featured_media":59773,"comment_status":"open","ping_status":"open","sticky":false,"template":"","format":"standard","meta":{"_seopress_robots_primary_cat":"","_seopress_titles_title":"","_seopress_titles_desc":"","_seopress_robots_index":"","footnotes":""},"categories":[1],"tags":[],"class_list":["post-59772","post","type-post","status-publish","format-standard","has-post-thumbnail","hentry","category-ultimas-noticias"],"_links":{"self":[{"href":"https:\/\/mussicom.com\/noticias\/wp-json\/wp\/v2\/posts\/59772","targetHints":{"allow":["GET"]}}],"collection":[{"href":"https:\/\/mussicom.com\/noticias\/wp-json\/wp\/v2\/posts"}],"about":[{"href":"https:\/\/mussicom.com\/noticias\/wp-json\/wp\/v2\/types\/post"}],"author":[{"embeddable":true,"href":"https:\/\/mussicom.com\/noticias\/wp-json\/wp\/v2\/users\/5"}],"replies":[{"embeddable":true,"href":"https:\/\/mussicom.com\/noticias\/wp-json\/wp\/v2\/comments?post=59772"}],"version-history":[{"count":0,"href":"https:\/\/mussicom.com\/noticias\/wp-json\/wp\/v2\/posts\/59772\/revisions"}],"wp:featuredmedia":[{"embeddable":true,"href":"https:\/\/mussicom.com\/noticias\/wp-json\/wp\/v2\/media\/59773"}],"wp:attachment":[{"href":"https:\/\/mussicom.com\/noticias\/wp-json\/wp\/v2\/media?parent=59772"}],"wp:term":[{"taxonomy":"category","embeddable":true,"href":"https:\/\/mussicom.com\/noticias\/wp-json\/wp\/v2\/categories?post=59772"},{"taxonomy":"post_tag","embeddable":true,"href":"https:\/\/mussicom.com\/noticias\/wp-json\/wp\/v2\/tags?post=59772"}],"curies":[{"name":"wp","href":"https:\/\/api.w.org\/{rel}","templated":true}]}}