{"id":59710,"date":"2026-01-26T12:52:17","date_gmt":"2026-01-26T15:52:17","guid":{"rendered":"https:\/\/mussicom.com\/agencias-do-inss-fecham-de-quarta-a-sexta-feira-desta-semana\/"},"modified":"2026-01-26T12:52:17","modified_gmt":"2026-01-26T15:52:17","slug":"agencias-do-inss-fecham-de-quarta-a-sexta-feira-desta-semana","status":"publish","type":"post","link":"https:\/\/mussicom.com\/noticias\/agencias-do-inss-fecham-de-quarta-a-sexta-feira-desta-semana\/","title":{"rendered":"Ag\u00eancias do INSS fecham de quarta a sexta-feira desta semana"},"content":{"rendered":"<p> <br \/>\n<\/p>\n<div id=\"texto\">\n<p>As ag\u00eancias do Instituto Nacional do Seguro Social (INSS) em todo o pa\u00eds estar\u00e3o fechadas de quarta (28) a sexta-feira (30) para atendimento presencial em raz\u00e3o de melhorias programadas nos sistemas previdenci\u00e1rios da Dataprev, empresa respons\u00e1vel pela tecnologia da informa\u00e7\u00e3o da Previd\u00eancia Social.<img decoding=\"async\" src=\"https:\/\/agenciabrasil.ebc.com.br\/ebc.gif?id=1676005&amp;o=node\"\/><\/p>\n<p><strong>Vale lembrar que os canais remotos de atendimento, como o\u00a0Meu INSS\u00a0(<em>site<\/em>\u00a0e aplicativo ) e a central telef\u00f4nica 135, funcionar\u00e3o normalmente at\u00e9 o dia 27, com mais de 100 servi\u00e7os dispon\u00edveis.<\/strong><\/p>\n<p><strong>O INSS alerta ainda que, a partir das 19h do dia 27 at\u00e9 o dia 31 de janeiro, o Meu INSS (<em>site<\/em>\u00a0e aplicativo) e a central telef\u00f4nica 135\u00a0ficar\u00e3o indispon\u00edveis.<\/strong><\/p>\n<p><strong>A medida, segundo o instituto, \u00e9 necess\u00e1ria para a moderniza\u00e7\u00e3o dos sistemas, de modo a assegurar maior estabilidade, seguran\u00e7a e efici\u00eancia dos servi\u00e7os.<\/strong><\/p>\n<p>Para reduzir os impactos aos cidad\u00e3os, o INSS realizou atendimento\u00a0extra no \u00faltimo final de semana, \u201ccom o objetivo de antecipar agendamentos e compensar a suspens\u00e3o tempor\u00e1ria do servi\u00e7o\u00a0presencial\u201d.<\/p>\n<p>O instituto informou\u00a0ainda que garantiu o reencaixe\u00a0nos casos em que o benefici\u00e1rio preferiu receber atendimento presencial em dia \u00fatil.<\/p>\n<p>\u00a0<\/p>\n<p>\u00a0<\/p>\n<p>\u00a0<\/p>\n<p>\u00a0<\/p>\n<p>Ag\u00eancia Brasil<\/p>\n<\/p><\/div>\n<p><script async defer crossorigin=\"anonymous\" src=\"https:\/\/connect.facebook.net\/pt_BR\/sdk.js#xfbml=1&#038;version=v12.0&#038;appId=&#038;autoLogAppEvents=1\" nonce=\"ou0fI1lo\"><\/script><br \/>\n<br \/><br \/>\n<br \/>Fonte: <a href=\"https:\/\/www.bs9.com.br\/brasil\/agencias-do-inss-fecham-de-quarta-a-sexta-feira-desta-semana\/37316\/\">BS9<\/a><\/p>\n","protected":false},"excerpt":{"rendered":"<p>As ag\u00eancias do Instituto Nacional do Seguro Social (INSS) em todo o pa\u00eds estar\u00e3o fechadas de quarta (28) a sexta-feira (30) para atendimento presencial em raz\u00e3o de melhorias programadas nos sistemas previdenci\u00e1rios da Dataprev, empresa respons\u00e1vel pela tecnologia da informa\u00e7\u00e3o da Previd\u00eancia Social. Vale lembrar que os canais remotos de atendimento, como o\u00a0Meu INSS\u00a0(site\u00a0e aplicativo [&hellip;]<\/p>\n","protected":false},"author":5,"featured_media":59711,"comment_status":"open","ping_status":"open","sticky":false,"template":"","format":"standard","meta":{"_seopress_robots_primary_cat":"","_seopress_titles_title":"","_seopress_titles_desc":"","_seopress_robots_index":"","footnotes":""},"categories":[52],"tags":[],"class_list":["post-59710","post","type-post","status-publish","format-standard","has-post-thumbnail","hentry","category-santoseregiao"],"_links":{"self":[{"href":"https:\/\/mussicom.com\/noticias\/wp-json\/wp\/v2\/posts\/59710","targetHints":{"allow":["GET"]}}],"collection":[{"href":"https:\/\/mussicom.com\/noticias\/wp-json\/wp\/v2\/posts"}],"about":[{"href":"https:\/\/mussicom.com\/noticias\/wp-json\/wp\/v2\/types\/post"}],"author":[{"embeddable":true,"href":"https:\/\/mussicom.com\/noticias\/wp-json\/wp\/v2\/users\/5"}],"replies":[{"embeddable":true,"href":"https:\/\/mussicom.com\/noticias\/wp-json\/wp\/v2\/comments?post=59710"}],"version-history":[{"count":0,"href":"https:\/\/mussicom.com\/noticias\/wp-json\/wp\/v2\/posts\/59710\/revisions"}],"wp:featuredmedia":[{"embeddable":true,"href":"https:\/\/mussicom.com\/noticias\/wp-json\/wp\/v2\/media\/59711"}],"wp:attachment":[{"href":"https:\/\/mussicom.com\/noticias\/wp-json\/wp\/v2\/media?parent=59710"}],"wp:term":[{"taxonomy":"category","embeddable":true,"href":"https:\/\/mussicom.com\/noticias\/wp-json\/wp\/v2\/categories?post=59710"},{"taxonomy":"post_tag","embeddable":true,"href":"https:\/\/mussicom.com\/noticias\/wp-json\/wp\/v2\/tags?post=59710"}],"curies":[{"name":"wp","href":"https:\/\/api.w.org\/{rel}","templated":true}]}}