{"id":59651,"date":"2026-01-26T08:31:17","date_gmt":"2026-01-26T11:31:17","guid":{"rendered":"https:\/\/mussicom.com\/fachin-diz-que-maioria-do-stf-apoia-codigo-de-conduta-mas-nao-agora\/"},"modified":"2026-01-26T08:31:17","modified_gmt":"2026-01-26T11:31:17","slug":"fachin-diz-que-maioria-do-stf-apoia-codigo-de-conduta-mas-nao-agora","status":"publish","type":"post","link":"https:\/\/mussicom.com\/noticias\/fachin-diz-que-maioria-do-stf-apoia-codigo-de-conduta-mas-nao-agora\/","title":{"rendered":"Fachin diz que maioria do STF apoia c\u00f3digo de conduta, mas n\u00e3o agora"},"content":{"rendered":"<p> <br \/>\n<\/p>\n<div id=\"tp-post-content\">\n<p class=\"postParagraph_post-paragraph__juWZN postParagraph_post-paragraph-innerHtml__Q5vwc\">O presidente do Supremo Tribunal Federal (STF), Edson Fachin, disse que a maioria dos seus colegas de Corte apoia sua ideia de um c\u00f3digo de conduta para os membros de tribunais superiores. Este apoio, por\u00e9m, teria uma ressalva: os colegas teriam expressado que este n\u00e3o seria o momento adequado para tal altera\u00e7\u00e3o.<\/p>\n<p class=\"postParagraph_post-paragraph__juWZN postParagraph_post-paragraph-innerHtml__Q5vwc\">&#8220;O que eu posso dizer \u00e9 que h\u00e1 um sentimento de alguns colegas, n\u00e3o s\u00e3o muitos, que ontologicamente s\u00e3o contra o c\u00f3digo, mas n\u00e3o \u00e9 a maioria. A maioria entende que esse n\u00e3o seria o momento adequado, porque, no ano das elei\u00e7\u00f5es, as institui\u00e7\u00f5es v\u00e3o estar mais expostas&#8221;, revelou o ministro, em entrevista ao jornal <em>O Estado de S\u00e3o Paulo <\/em>divulgada nesta segunda-feira (26).<\/p>\n<div class=\"postViewMore_post-view-more-container___5wai\" data-mrf-recirculation=\"Post - Veja tamb\u00e9m\">\n<p class=\"gp-styles-module-size-small-afeYRa gp-styles-module-font-family2-afeYRa gp-styles-module-color-secondary-afeYRa gp-styles-module-weight-bold-afeYRa\">VEJA TAMB\u00c9M:<\/p>\n<ul class=\"postViewMore_post-view-more-list__CU_CE\">\n<li class=\"postViewMore_post-view-more-item__2MzRb\"><span class=\"postViewMore_post-view-more-link-icon___stPC\"><svg xmlns=\"http:\/\/www.w3.org\/2000\/svg\" width=\"16\" height=\"16\" viewbox=\"0 0 16 16\"><rect width=\"16\" height=\"16\" fill=\"none\"\/><g transform=\"translate(3 3)\"><path d=\"M22.5,15l3.4,3.4-3.4,3.4\" transform=\"translate(-15.896 -11.793)\" fill=\"none\" stroke=\"#717171\" stroke-linecap=\"round\" stroke-width=\"1.4\"\/><path d=\"M6,6v4.2a2.452,2.452,0,0,0,2.5,2.4H16\" transform=\"translate(-6 -6)\" fill=\"none\" stroke=\"#717171\" stroke-linecap=\"round\" stroke-width=\"1.4\"\/><\/g><\/svg><\/span><span class=\"postViewMore_post-view-more-link-text__hO_kM\">Senado tem proposta que substitui plano de Fachin para criar c\u00f3digo de \u00e9tica do STF<\/span><\/li>\n<li class=\"postViewMore_post-view-more-item__2MzRb\"><span class=\"postViewMore_post-view-more-link-icon___stPC\"><svg xmlns=\"http:\/\/www.w3.org\/2000\/svg\" width=\"16\" height=\"16\" viewbox=\"0 0 16 16\"><rect width=\"16\" height=\"16\" fill=\"none\"\/><g transform=\"translate(3 3)\"><path d=\"M22.5,15l3.4,3.4-3.4,3.4\" transform=\"translate(-15.896 -11.793)\" fill=\"none\" stroke=\"#717171\" stroke-linecap=\"round\" stroke-width=\"1.4\"\/><path d=\"M6,6v4.2a2.452,2.452,0,0,0,2.5,2.4H16\" transform=\"translate(-6 -6)\" fill=\"none\" stroke=\"#717171\" stroke-linecap=\"round\" stroke-width=\"1.4\"\/><\/g><\/svg><\/span><span class=\"postViewMore_post-view-more-link-text__hO_kM\">Fachin celebra fim da Magnitsky contra Moraes em discurso de encerramento de ano<\/span><\/li>\n<\/ul>\n<\/div>\n<h2 class=\"postParagraph_post-paragraph__juWZN postParagraph_post-paragraph-innerHtml__Q5vwc postParagraph_type-tag-h2__TtFkT\">Ministros contr\u00e1rios a c\u00f3digo de conduta apoiam-se na lei da magistratura, revela ministro<\/h2>\n<p class=\"postParagraph_post-paragraph__juWZN postParagraph_post-paragraph-innerHtml__Q5vwc\">Ainda de acordo com Fachin, a corrente contr\u00e1ria estaria argumentando que as normas de conduta para os ministros e desembargadores j\u00e1 estariam abarcadas pela Lei Org\u00e2nica da Magistratura (Loman). A norma cita, entre outras coisas, o dever do magistrado de &#8221;\u00a0manter conduta irrepreens\u00edvel na vida p\u00fablica e particular&#8221;, al\u00e9m de proibir aos julgadores &#8220;manifestar, por qualquer meio de comunica\u00e7\u00e3o, opini\u00e3o sobre processo pendente de julgamento, seu ou de outrem, ou ju\u00edzo depreciativo sobre despachos, votos ou senten\u00e7as, de \u00f3rg\u00e3os judiciais, ressalvada a cr\u00edtica nos autos e em obras t\u00e9cnicas ou no exerc\u00edcio do magist\u00e9rio.&#8221;<\/p>\n<p class=\"postParagraph_post-paragraph__juWZN postParagraph_post-paragraph-innerHtml__Q5vwc\">&#8220;\u00c9 certo que as discuss\u00f5es j\u00e1 come\u00e7aram, por\u00e9m h\u00e1 duas perguntas iniciais que ainda n\u00e3o foram respondidas: o c\u00f3digo de conduta \u00e9 necess\u00e1rio? <strong>Se a maioria do colegiado entender que n\u00e3o, acabou a\u00ed.<\/strong> Eu entendo que \u00e9 necess\u00e1rio. Um c\u00f3digo de conduta \u00e9 uma medida de defesa do pr\u00f3prio tribunal e \u00e9 uma evolu\u00e7\u00e3o desse aprendizado institucional&#8221;, argumentou Fachin.<\/p>\n<p class=\"postParagraph_post-paragraph__juWZN postParagraph_post-paragraph-innerHtml__Q5vwc\">A ideia do ministro \u00e9 inspirada na experi\u00eancia alem\u00e3, e ganhou for\u00e7a com sua ascens\u00e3o \u00e0 presid\u00eancia do STF, cargo que d\u00e1 tamb\u00e9m direito ao comando do Conselho Nacional de Justi\u00e7a (CNJ). A proposta inicial restringiria declara\u00e7\u00f5es p\u00fablicas dos ministros em entrevistas e palestras, al\u00e9m de fixar regras de transpar\u00eancia para os valores recebidos por cursos ou participa\u00e7\u00f5es em eventos.<\/p>\n<\/div>\n<p><br \/>\n<br \/>Fonte: <a href=\"https:\/\/www.gazetadopovo.com.br\/republica\/fachin-diz-que-maioria-do-stf-apoia-codigo-de-conduta-mas-nao-agora\/\">Revista Oeste<\/a><\/p>\n","protected":false},"excerpt":{"rendered":"<p>O presidente do Supremo Tribunal Federal (STF), Edson Fachin, disse que a maioria dos seus colegas de Corte apoia sua ideia de um c\u00f3digo de conduta para os membros de tribunais superiores. Este apoio, por\u00e9m, teria uma ressalva: os colegas teriam expressado que este n\u00e3o seria o momento adequado para tal altera\u00e7\u00e3o. &#8220;O que eu [&hellip;]<\/p>\n","protected":false},"author":5,"featured_media":59652,"comment_status":"open","ping_status":"open","sticky":false,"template":"","format":"standard","meta":{"_seopress_robots_primary_cat":"","_seopress_titles_title":"","_seopress_titles_desc":"","_seopress_robots_index":"","footnotes":""},"categories":[1],"tags":[],"class_list":["post-59651","post","type-post","status-publish","format-standard","has-post-thumbnail","hentry","category-ultimas-noticias"],"_links":{"self":[{"href":"https:\/\/mussicom.com\/noticias\/wp-json\/wp\/v2\/posts\/59651","targetHints":{"allow":["GET"]}}],"collection":[{"href":"https:\/\/mussicom.com\/noticias\/wp-json\/wp\/v2\/posts"}],"about":[{"href":"https:\/\/mussicom.com\/noticias\/wp-json\/wp\/v2\/types\/post"}],"author":[{"embeddable":true,"href":"https:\/\/mussicom.com\/noticias\/wp-json\/wp\/v2\/users\/5"}],"replies":[{"embeddable":true,"href":"https:\/\/mussicom.com\/noticias\/wp-json\/wp\/v2\/comments?post=59651"}],"version-history":[{"count":0,"href":"https:\/\/mussicom.com\/noticias\/wp-json\/wp\/v2\/posts\/59651\/revisions"}],"wp:featuredmedia":[{"embeddable":true,"href":"https:\/\/mussicom.com\/noticias\/wp-json\/wp\/v2\/media\/59652"}],"wp:attachment":[{"href":"https:\/\/mussicom.com\/noticias\/wp-json\/wp\/v2\/media?parent=59651"}],"wp:term":[{"taxonomy":"category","embeddable":true,"href":"https:\/\/mussicom.com\/noticias\/wp-json\/wp\/v2\/categories?post=59651"},{"taxonomy":"post_tag","embeddable":true,"href":"https:\/\/mussicom.com\/noticias\/wp-json\/wp\/v2\/tags?post=59651"}],"curies":[{"name":"wp","href":"https:\/\/api.w.org\/{rel}","templated":true}]}}