{"id":59650,"date":"2026-01-26T08:24:16","date_gmt":"2026-01-26T11:24:16","guid":{"rendered":"https:\/\/mussicom.com\/fique-atento-ao-mercado-de-milho-diz-consultoria\/"},"modified":"2026-01-26T08:24:16","modified_gmt":"2026-01-26T11:24:16","slug":"fique-atento-ao-mercado-de-milho-diz-consultoria","status":"publish","type":"post","link":"https:\/\/mussicom.com\/noticias\/fique-atento-ao-mercado-de-milho-diz-consultoria\/","title":{"rendered":"Fique atento ao mercado de milho, diz consultoria"},"content":{"rendered":"<p> <br \/>\n<\/p>\n<div>\n<div class=\"row\">\n<div class=\"col-lg col-infos mt-0 mt-lg-0\">\n<div class=\"section-sub-title\">\n<p itemprop=\"description\">&#13;<br \/>\n                                No mercado internacional, os pre\u00e7os encerraram a semana em alta em Chicago&#13;\n                            <\/p>\n<\/p><\/div>\n<div class=\"container\">\n<div class=\"row\">\n<div class=\"col-lg p-0\">\n<div>\n<div class=\"block-news-main-infos mt-3 text-start\">\n<p>                                            <strong class=\"fn\" itemprop=\"author\" style=\"color: rgb(112, 112, 112); \">&#13;<br \/>\n                                                Agrolink&#13;<br \/>\n&#13;<br \/>\n                                                    &#8211; Leonardo Gottems&#13;<br \/>\n&#13;<br \/>\n                                            <\/strong><br \/>\n                                        <\/p>\n<p>                                            <abbr><time datetime=\"2026 - 01 - 26T07:57\" itemprop=\"datePublished dateModified\"> Publicado em 26\/01\/2026 \u00e0s 07:57h.<\/time><\/abbr>\n                                    <\/div>\n<\/p><\/div>\n<\/p><\/div>\n<div class=\"col-lg p-0 text-lg-end\">\n<div>\n<div id=\"mdEnviarPagina\" class=\"modal fade\" role=\"dialog\">\n<div class=\"modal-dialog\">\n<div class=\"modal-content\">\n<div class=\"modal-body\">\n<p><strong>Estimado usu\u00e1rio.<\/strong><br \/>Preencha o formul\u00e1rio abaixo para remeter a p\u00e1gina.<\/p>\n<\/p><\/div>\n<\/p><\/div>\n<\/p><\/div>\n<\/div><\/div>\n<\/p><\/div>\n<\/p><\/div>\n<\/p><\/div>\n<\/p><\/div>\n<\/p><\/div>\n<div class=\"row justify-content-md-center mt-3\">\n<div class=\"col-lg-auto col-image block-news-main-image\">\n<p>                                <br \/>\n                                                <span class=\"d-block mt-1\">No mercado internacional, os pre\u00e7os encerraram a semana em alta em Chicago &#8211; Foto: Leonardo Gottems<\/span><\/p><\/div>\n<\/p><\/div>\n<div class=\"section-description section-description-noticias mt-3\">\n<p>O mercado de milho passa por um per\u00edodo de transi\u00e7\u00e3o, marcado por ajustes t\u00e9cnicos nos pre\u00e7os, baixa liquidez e um impasse entre compradores e vendedores, em um ambiente que exige aten\u00e7\u00e3o redobrada. An\u00e1lise da TF Agroecon\u00f4mica aponta que o movimento recente reflete um cen\u00e1rio de corre\u00e7\u00e3o ap\u00f3s oscila\u00e7\u00f5es intensas, sem indicar uma mudan\u00e7a estrutural de tend\u00eancia no curto prazo.&#13;\n<\/p>\n<p>No mercado internacional, os pre\u00e7os encerraram a semana em alta em Chicago, sustentados por um movimento de recupera\u00e7\u00e3o t\u00e9cnica depois das fortes quedas registradas anteriormente. O principal fator de apoio foi o desempenho expressivo das exporta\u00e7\u00f5es dos Estados Unidos, que ajudou a compensar press\u00f5es negativas ligadas \u00e0 pol\u00edtica energ\u00e9tica e \u00e0s perspectivas de uma safra elevada no pa\u00eds.\u00a0<\/p>\n<p>Dados semanais do USDA mostraram vendas externas de 4,01 milh\u00f5es de toneladas entre 9 e 15 de janeiro, acima tanto da semana anterior quanto das expectativas do mercado, configurando o maior volume semanal da safra 2025\/26 at\u00e9 o momento. No acumulado, as exporta\u00e7\u00f5es somam 56,05 milh\u00f5es de toneladas, crescimento de 33,7% em rela\u00e7\u00e3o ao mesmo per\u00edodo do ano passado, sinalizando demanda internacional aquecida para absorver a oferta norte-americana.&#13;\n<\/p>\n<p>Outro elemento de sustenta\u00e7\u00e3o veio do clima na Argentina, onde o d\u00e9ficit h\u00eddrico em regi\u00f5es relevantes reduziu a condi\u00e7\u00e3o das lavouras classificadas como boas ou excelentes, adicionando pr\u00eamio clim\u00e1tico aos pre\u00e7os. A valoriza\u00e7\u00e3o do real frente ao d\u00f3lar tamb\u00e9m contribuiu ao reduzir a competitividade das exporta\u00e7\u00f5es brasileiras, diminuindo a press\u00e3o vendedora do pa\u00eds no mercado internacional e favorecendo as cota\u00e7\u00f5es em Chicago no curto prazo.<\/p>\n<p>Por outro lado, permanecem fatores de baixa no horizonte. A frustra\u00e7\u00e3o com a n\u00e3o libera\u00e7\u00e3o da venda do E15 durante todo o ano nos Estados Unidos limita a capacidade do etanol de absorver o excedente de milho, aumentando o risco de excesso estrutural de oferta. Soma-se a isso a perspectiva de safra recorde norte-americana, que mant\u00e9m um vi\u00e9s estrutural baixista e exige uma resposta consistente da demanda para evitar press\u00e3o prolongada sobre os pre\u00e7os.<br \/>&#13;<br \/>\n\u00a0&#13;\n<\/p>\n<\/p><\/div>\n<\/p><\/div>\n<p><script data-cfasync=\"false\">\n    !function (f, b, e, v, n, t, s) {\n        if (f.fbq) return; n = f.fbq = function () {\n            n.callMethod ?\n                n.callMethod.apply(n, arguments) : n.queue.push(arguments)\n        };\n        if (!f._fbq) f._fbq = n; n.push = n; n.loaded = !0; n.version = '2.0';\n        n.queue = []; t = b.createElement(e); t.async = !0;\n        t.src = v; s = b.getElementsByTagName(e)[0];\n        s.parentNode.insertBefore(t, s)\n    }(window, document, 'script',\n        'https:\/\/connect.facebook.net\/en_US\/fbevents.js');\n    fbq('init', '522546078623747');\n    fbq('track', 'PageView');\n<\/script><br \/>\n<br \/><br \/>\n<br \/>Fonte: <a href=\"https:\/\/www.agrolink.com.br\/noticias\/fique-atento-ao-mercado-de-milho--diz-consultoria_510179.html\">AGROLINK<\/a><\/p>\n","protected":false},"excerpt":{"rendered":"<p>&#13; No mercado internacional, os pre\u00e7os encerraram a semana em alta em Chicago&#13; &#13; Agrolink&#13; &#13; &#8211; Leonardo Gottems&#13; &#13; Publicado em 26\/01\/2026 \u00e0s 07:57h. Estimado usu\u00e1rio.Preencha o formul\u00e1rio abaixo para remeter a p\u00e1gina. No mercado internacional, os pre\u00e7os encerraram a semana em alta em Chicago &#8211; Foto: Leonardo Gottems O mercado de milho passa [&hellip;]<\/p>\n","protected":false},"author":5,"featured_media":38453,"comment_status":"open","ping_status":"open","sticky":false,"template":"","format":"standard","meta":{"_seopress_robots_primary_cat":"","_seopress_titles_title":"","_seopress_titles_desc":"","_seopress_robots_index":"","footnotes":""},"categories":[53],"tags":[],"class_list":["post-59650","post","type-post","status-publish","format-standard","has-post-thumbnail","hentry","category-agronegocio"],"_links":{"self":[{"href":"https:\/\/mussicom.com\/noticias\/wp-json\/wp\/v2\/posts\/59650","targetHints":{"allow":["GET"]}}],"collection":[{"href":"https:\/\/mussicom.com\/noticias\/wp-json\/wp\/v2\/posts"}],"about":[{"href":"https:\/\/mussicom.com\/noticias\/wp-json\/wp\/v2\/types\/post"}],"author":[{"embeddable":true,"href":"https:\/\/mussicom.com\/noticias\/wp-json\/wp\/v2\/users\/5"}],"replies":[{"embeddable":true,"href":"https:\/\/mussicom.com\/noticias\/wp-json\/wp\/v2\/comments?post=59650"}],"version-history":[{"count":0,"href":"https:\/\/mussicom.com\/noticias\/wp-json\/wp\/v2\/posts\/59650\/revisions"}],"wp:featuredmedia":[{"embeddable":true,"href":"https:\/\/mussicom.com\/noticias\/wp-json\/wp\/v2\/media\/38453"}],"wp:attachment":[{"href":"https:\/\/mussicom.com\/noticias\/wp-json\/wp\/v2\/media?parent=59650"}],"wp:term":[{"taxonomy":"category","embeddable":true,"href":"https:\/\/mussicom.com\/noticias\/wp-json\/wp\/v2\/categories?post=59650"},{"taxonomy":"post_tag","embeddable":true,"href":"https:\/\/mussicom.com\/noticias\/wp-json\/wp\/v2\/tags?post=59650"}],"curies":[{"name":"wp","href":"https:\/\/api.w.org\/{rel}","templated":true}]}}