{"id":59535,"date":"2026-01-25T00:15:18","date_gmt":"2026-01-25T03:15:18","guid":{"rendered":"https:\/\/mussicom.com\/guaruja-tera-carreta-solidaria-para-arrecadar-bombons\/"},"modified":"2026-01-25T00:15:18","modified_gmt":"2026-01-25T03:15:18","slug":"guaruja-tera-carreta-solidaria-para-arrecadar-bombons","status":"publish","type":"post","link":"https:\/\/mussicom.com\/noticias\/guaruja-tera-carreta-solidaria-para-arrecadar-bombons\/","title":{"rendered":"Guaruj\u00e1 ter\u00e1 Carreta Solid\u00e1ria para arrecadar bombons"},"content":{"rendered":"<p> <br \/>\n<\/p>\n<div><\/p>\n<div>Fundo Social de Guaruj\u00e1 promove a Carreta Solid\u00e1ria nos dias 10 e 11 de fevereiro para arrecadar caixas de bombom destinadas \u00e0 P\u00e1scoa.<\/div>\n<\/div>\n<p><br \/>\n<br \/>Fonte: <a href=\"https:\/\/jornaldaorla.com.br\/noticias\/guaruja-promove-carreta-solidaria-para-arrecadacao-de-bombons\/\">Jornal Da Orla<\/a><\/p>\n","protected":false},"excerpt":{"rendered":"<p>Fundo Social de Guaruj\u00e1 promove a Carreta Solid\u00e1ria nos dias 10 e 11 de fevereiro para arrecadar caixas de bombom destinadas \u00e0 P\u00e1scoa. Fonte: Jornal Da Orla<\/p>\n","protected":false},"author":5,"featured_media":59536,"comment_status":"open","ping_status":"open","sticky":false,"template":"","format":"standard","meta":{"_seopress_robots_primary_cat":"","_seopress_titles_title":"","_seopress_titles_desc":"","_seopress_robots_index":"","footnotes":""},"categories":[52],"tags":[],"class_list":["post-59535","post","type-post","status-publish","format-standard","has-post-thumbnail","hentry","category-santoseregiao"],"_links":{"self":[{"href":"https:\/\/mussicom.com\/noticias\/wp-json\/wp\/v2\/posts\/59535","targetHints":{"allow":["GET"]}}],"collection":[{"href":"https:\/\/mussicom.com\/noticias\/wp-json\/wp\/v2\/posts"}],"about":[{"href":"https:\/\/mussicom.com\/noticias\/wp-json\/wp\/v2\/types\/post"}],"author":[{"embeddable":true,"href":"https:\/\/mussicom.com\/noticias\/wp-json\/wp\/v2\/users\/5"}],"replies":[{"embeddable":true,"href":"https:\/\/mussicom.com\/noticias\/wp-json\/wp\/v2\/comments?post=59535"}],"version-history":[{"count":0,"href":"https:\/\/mussicom.com\/noticias\/wp-json\/wp\/v2\/posts\/59535\/revisions"}],"wp:featuredmedia":[{"embeddable":true,"href":"https:\/\/mussicom.com\/noticias\/wp-json\/wp\/v2\/media\/59536"}],"wp:attachment":[{"href":"https:\/\/mussicom.com\/noticias\/wp-json\/wp\/v2\/media?parent=59535"}],"wp:term":[{"taxonomy":"category","embeddable":true,"href":"https:\/\/mussicom.com\/noticias\/wp-json\/wp\/v2\/categories?post=59535"},{"taxonomy":"post_tag","embeddable":true,"href":"https:\/\/mussicom.com\/noticias\/wp-json\/wp\/v2\/tags?post=59535"}],"curies":[{"name":"wp","href":"https:\/\/api.w.org\/{rel}","templated":true}]}}