{"id":59499,"date":"2026-01-24T15:13:21","date_gmt":"2026-01-24T18:13:21","guid":{"rendered":"https:\/\/mussicom.com\/santos-alcanca-marca-de-25-mil-ingressos-vendidos-para-duelo-contra-o-red-bull-bragantino\/"},"modified":"2026-01-24T15:13:21","modified_gmt":"2026-01-24T18:13:21","slug":"santos-alcanca-marca-de-25-mil-ingressos-vendidos-para-duelo-contra-o-red-bull-bragantino","status":"publish","type":"post","link":"https:\/\/mussicom.com\/noticias\/santos-alcanca-marca-de-25-mil-ingressos-vendidos-para-duelo-contra-o-red-bull-bragantino\/","title":{"rendered":"Santos alcan\u00e7a marca de 25 mil ingressos vendidos para duelo contra o Red Bull Bragantino"},"content":{"rendered":"<p> <br \/>\n<\/p>\n<div>\n<div id=\"attachment_154395\" style=\"width: 970px\" class=\"wp-caption aligncenter\"><img fetchpriority=\"high\" fetchpriority=\"high\" decoding=\"async\" aria-describedby=\"caption-attachment-154395\" class=\"wp-image-154395\" src=\"https:\/\/www.diariodopeixe.com.br\/wp-content\/uploads\/2024\/04\/53616270447_f3358d48c2_o-300x199.jpeg\" alt=\"Santos alcan\u00e7a marca de 25 mil ingressos vendidos para duelo contra o Red Bull Bragantino\" width=\"960\" height=\"637\" srcset=\"https:\/\/www.diariodopeixe.com.br\/wp-content\/uploads\/2024\/04\/53616270447_f3358d48c2_o-200x133.jpeg 200w, https:\/\/www.diariodopeixe.com.br\/wp-content\/uploads\/2024\/04\/53616270447_f3358d48c2_o-300x199.jpeg 300w, https:\/\/www.diariodopeixe.com.br\/wp-content\/uploads\/2024\/04\/53616270447_f3358d48c2_o-400x266.jpeg 400w, https:\/\/www.diariodopeixe.com.br\/wp-content\/uploads\/2024\/04\/53616270447_f3358d48c2_o-600x399.jpeg 600w, https:\/\/www.diariodopeixe.com.br\/wp-content\/uploads\/2024\/04\/53616270447_f3358d48c2_o-768x511.jpeg 768w, https:\/\/www.diariodopeixe.com.br\/wp-content\/uploads\/2024\/04\/53616270447_f3358d48c2_o-800x532.jpeg 800w, https:\/\/www.diariodopeixe.com.br\/wp-content\/uploads\/2024\/04\/53616270447_f3358d48c2_o-1024x681.jpeg 1024w, https:\/\/www.diariodopeixe.com.br\/wp-content\/uploads\/2024\/04\/53616270447_f3358d48c2_o-1200x798.jpeg 1200w, https:\/\/www.diariodopeixe.com.br\/wp-content\/uploads\/2024\/04\/53616270447_f3358d48c2_o-1536x1021.jpeg 1536w\" sizes=\"(max-width: 960px) 100vw, 960px\"\/><\/p>\n<p id=\"caption-attachment-154395\" class=\"wp-caption-text\">Santos voltar\u00e1 a atuar como mandante na Neo Qu\u00edmica Arena (Foto: Derik Caiado)<\/p>\n<\/div>\n<p>O <strong>Santos<\/strong> atingiu a marca de 25 mil ingressos vendidos para a partida contra o Red Bull Bragantino, v\u00e1lida pela quinta rodada do Campeonato Paulista. A parcial foi divulgada nesta sexta-feira (23) pelo presidente do clube, Marcelo Teixeira, por meio de sua conta no Instagram.<\/p>\n<p>O confronto est\u00e1 marcado para domingo (25), \u00e0s 16h (de Bras\u00edlia), na Neo Qu\u00edmica Arena. O Peixe ser\u00e1 mandante no est\u00e1dio corintiano por conta de um acordo firmado entre as diretorias dos dois clubes. Esse acerto tamb\u00e9m prev\u00ea o uso do local no dia 28 de janeiro, na estreia do Santos no Campeonato Brasileiro, contra o Bahia.<\/p>\n<p>A venda de ingressos come\u00e7ou na quarta-feira (21). Os s\u00f3cios com cinco ratings tiveram prioridade a partir das 14h, com acesso ao setor de cadeiras. A comercializa\u00e7\u00e3o para o p\u00fablico geral teve in\u00edcio \u00e0s 18h do mesmo dia. Os setores ainda dispon\u00edveis podem ser adquiridos pelo site do programa S\u00f3cio Rei. Para efetuar a compra e acessar o est\u00e1dio, \u00e9 obrigat\u00f3rio o reconhecimento facial.<\/p>\n<p>Ser\u00e1 a segunda vez que o Santos atuar\u00e1 como mandante na Neo Qu\u00edmica Arena. A primeira ocorreu em 2024, na semifinal do Campeonato Paulista, tamb\u00e9m contra o Red Bull Bragantino. Na ocasi\u00e3o, o Peixe venceu por 3 a 1.<\/p>\n<p>No momento, o Santos ocupa a oitava posi\u00e7\u00e3o na classifica\u00e7\u00e3o geral, dentro da zona de avan\u00e7o, com cinco pontos somados. J\u00e1 o Bragantino lidera o Estadual com dez pontos.<\/p>\n<\/p><\/div>\n<p><br \/>\n<br \/>Fonte: <a href=\"https:\/\/www.diariodopeixe.com.br\/noticias\/santos-alcanca-marca-de-25-mil-ingressos-vendidos-para-duelo-contra-o-red-bull-bragantino\/\">Di\u00e1rio do Peixe<\/a><\/p>\n","protected":false},"excerpt":{"rendered":"<p>Santos voltar\u00e1 a atuar como mandante na Neo Qu\u00edmica Arena (Foto: Derik Caiado) O Santos atingiu a marca de 25 mil ingressos vendidos para a partida contra o Red Bull Bragantino, v\u00e1lida pela quinta rodada do Campeonato Paulista. A parcial foi divulgada nesta sexta-feira (23) pelo presidente do clube, Marcelo Teixeira, por meio de sua [&hellip;]<\/p>\n","protected":false},"author":5,"featured_media":59500,"comment_status":"open","ping_status":"open","sticky":false,"template":"","format":"standard","meta":{"_seopress_robots_primary_cat":"","_seopress_titles_title":"","_seopress_titles_desc":"","_seopress_robots_index":"","footnotes":""},"categories":[55],"tags":[],"class_list":["post-59499","post","type-post","status-publish","format-standard","has-post-thumbnail","hentry","category-santos-fc"],"_links":{"self":[{"href":"https:\/\/mussicom.com\/noticias\/wp-json\/wp\/v2\/posts\/59499","targetHints":{"allow":["GET"]}}],"collection":[{"href":"https:\/\/mussicom.com\/noticias\/wp-json\/wp\/v2\/posts"}],"about":[{"href":"https:\/\/mussicom.com\/noticias\/wp-json\/wp\/v2\/types\/post"}],"author":[{"embeddable":true,"href":"https:\/\/mussicom.com\/noticias\/wp-json\/wp\/v2\/users\/5"}],"replies":[{"embeddable":true,"href":"https:\/\/mussicom.com\/noticias\/wp-json\/wp\/v2\/comments?post=59499"}],"version-history":[{"count":0,"href":"https:\/\/mussicom.com\/noticias\/wp-json\/wp\/v2\/posts\/59499\/revisions"}],"wp:featuredmedia":[{"embeddable":true,"href":"https:\/\/mussicom.com\/noticias\/wp-json\/wp\/v2\/media\/59500"}],"wp:attachment":[{"href":"https:\/\/mussicom.com\/noticias\/wp-json\/wp\/v2\/media?parent=59499"}],"wp:term":[{"taxonomy":"category","embeddable":true,"href":"https:\/\/mussicom.com\/noticias\/wp-json\/wp\/v2\/categories?post=59499"},{"taxonomy":"post_tag","embeddable":true,"href":"https:\/\/mussicom.com\/noticias\/wp-json\/wp\/v2\/tags?post=59499"}],"curies":[{"name":"wp","href":"https:\/\/api.w.org\/{rel}","templated":true}]}}