{"id":59482,"date":"2026-01-24T13:04:19","date_gmt":"2026-01-24T16:04:19","guid":{"rendered":"https:\/\/mussicom.com\/defesa-civil-de-cubatao-capacita-voluntarios-para-atuacao-em-emergencias\/"},"modified":"2026-01-24T13:04:19","modified_gmt":"2026-01-24T16:04:19","slug":"defesa-civil-de-cubatao-capacita-voluntarios-para-atuacao-em-emergencias","status":"publish","type":"post","link":"https:\/\/mussicom.com\/noticias\/defesa-civil-de-cubatao-capacita-voluntarios-para-atuacao-em-emergencias\/","title":{"rendered":"Defesa Civil de Cubat\u00e3o capacita volunt\u00e1rios para atua\u00e7\u00e3o em emerg\u00eancias"},"content":{"rendered":"<p> <br \/>\n<\/p>\n<div><\/p>\n<div>A Coordenadoria Municipal de Defesa Civil de Cubat\u00e3o (Comdec) deu in\u00edcio ao ciclo de capacita\u00e7\u00f5es dos volunt\u00e1rios cadastrados para atua\u00e7\u00e3o<\/div>\n<\/div>\n<p><br \/>\n<br \/>Fonte: <a href=\"https:\/\/jornaldaorla.com.br\/noticias\/defesa-civil-de-cubatao-capacita-voluntarios-para-atuacao-em-emergencias\/\">Jornal Da Orla<\/a><\/p>\n","protected":false},"excerpt":{"rendered":"<p>A Coordenadoria Municipal de Defesa Civil de Cubat\u00e3o (Comdec) deu in\u00edcio ao ciclo de capacita\u00e7\u00f5es dos volunt\u00e1rios cadastrados para atua\u00e7\u00e3o Fonte: Jornal Da Orla<\/p>\n","protected":false},"author":5,"featured_media":59483,"comment_status":"open","ping_status":"open","sticky":false,"template":"","format":"standard","meta":{"_seopress_robots_primary_cat":"","_seopress_titles_title":"","_seopress_titles_desc":"","_seopress_robots_index":"","footnotes":""},"categories":[52],"tags":[],"class_list":["post-59482","post","type-post","status-publish","format-standard","has-post-thumbnail","hentry","category-santoseregiao"],"_links":{"self":[{"href":"https:\/\/mussicom.com\/noticias\/wp-json\/wp\/v2\/posts\/59482","targetHints":{"allow":["GET"]}}],"collection":[{"href":"https:\/\/mussicom.com\/noticias\/wp-json\/wp\/v2\/posts"}],"about":[{"href":"https:\/\/mussicom.com\/noticias\/wp-json\/wp\/v2\/types\/post"}],"author":[{"embeddable":true,"href":"https:\/\/mussicom.com\/noticias\/wp-json\/wp\/v2\/users\/5"}],"replies":[{"embeddable":true,"href":"https:\/\/mussicom.com\/noticias\/wp-json\/wp\/v2\/comments?post=59482"}],"version-history":[{"count":0,"href":"https:\/\/mussicom.com\/noticias\/wp-json\/wp\/v2\/posts\/59482\/revisions"}],"wp:featuredmedia":[{"embeddable":true,"href":"https:\/\/mussicom.com\/noticias\/wp-json\/wp\/v2\/media\/59483"}],"wp:attachment":[{"href":"https:\/\/mussicom.com\/noticias\/wp-json\/wp\/v2\/media?parent=59482"}],"wp:term":[{"taxonomy":"category","embeddable":true,"href":"https:\/\/mussicom.com\/noticias\/wp-json\/wp\/v2\/categories?post=59482"},{"taxonomy":"post_tag","embeddable":true,"href":"https:\/\/mussicom.com\/noticias\/wp-json\/wp\/v2\/tags?post=59482"}],"curies":[{"name":"wp","href":"https:\/\/api.w.org\/{rel}","templated":true}]}}