{"id":59415,"date":"2026-01-24T01:36:14","date_gmt":"2026-01-24T04:36:14","guid":{"rendered":"https:\/\/mussicom.com\/pgr-defende-arquivamento-de-acao-contra-autores-da-vaza-toga\/"},"modified":"2026-01-24T01:36:14","modified_gmt":"2026-01-24T04:36:14","slug":"pgr-defende-arquivamento-de-acao-contra-autores-da-vaza-toga","status":"publish","type":"post","link":"https:\/\/mussicom.com\/noticias\/pgr-defende-arquivamento-de-acao-contra-autores-da-vaza-toga\/","title":{"rendered":"PGR defende arquivamento de a\u00e7\u00e3o contra autores da \u201cVaza Toga\u201d"},"content":{"rendered":"<p> <br \/>\n<\/p>\n<div id=\"tp-post-content\">\n<p class=\"postParagraph_post-paragraph__juWZN postParagraph_post-paragraph-innerHtml__Q5vwc\">A Procuradoria-Geral da Rep\u00fablica (PGR) defendeu nesta sexta-feira (23) o arquivamento da a\u00e7\u00e3o apresentada pela jornalista Let\u00edcia Sallorenzo de Freitas contra os jornalistas David \u00c1gape e Eli Vieira, autores da &#8220;Vaza Toga&#8221;, al\u00e9m do ex-assessor Eduardo Tagliaferro.<\/p>\n<p class=\"postParagraph_post-paragraph__juWZN postParagraph_post-paragraph-innerHtml__Q5vwc\">A jornalista alegou que foi alvo de uma \u201ccampanha difamat\u00f3ria sistem\u00e1tica\u201d para humilh\u00e1-la e prejudicar sua imagem profissional.<\/p>\n<p class=\"postParagraph_post-paragraph__juWZN postParagraph_post-paragraph-innerHtml__Q5vwc\">O procurador-geral da Rep\u00fablica, Paulo Gonet, argumentou que os fatos narrados por Let\u00edcia referem-se \u00e0 sua <strong>honra individual<\/strong> e devem ser resolvidos pelas vias ordin\u00e1rias c\u00edveis e criminais, sem a necessidade de interven\u00e7\u00e3o da Suprema Corte.<\/p>\n<div class=\"postViewMore_post-view-more-container___5wai\" data-mrf-recirculation=\"Post - Veja tamb\u00e9m\">\n<p class=\"gp-styles-module-size-small-afeYRa gp-styles-module-font-family2-afeYRa gp-styles-module-color-secondary-afeYRa gp-styles-module-weight-bold-afeYRa\">VEJA TAMB\u00c9M:<\/p>\n<ul class=\"postViewMore_post-view-more-list__CU_CE\">\n<li class=\"postViewMore_post-view-more-item__2MzRb\"><span class=\"postViewMore_post-view-more-link-icon___stPC\"><svg xmlns=\"http:\/\/www.w3.org\/2000\/svg\" width=\"16\" height=\"16\" viewbox=\"0 0 16 16\"><rect width=\"16\" height=\"16\" fill=\"none\"\/><g transform=\"translate(3 3)\"><path d=\"M22.5,15l3.4,3.4-3.4,3.4\" transform=\"translate(-15.896 -11.793)\" fill=\"none\" stroke=\"#717171\" stroke-linecap=\"round\" stroke-width=\"1.4\"\/><path d=\"M6,6v4.2a2.452,2.452,0,0,0,2.5,2.4H16\" transform=\"translate(-6 -6)\" fill=\"none\" stroke=\"#717171\" stroke-linecap=\"round\" stroke-width=\"1.4\"\/><\/g><\/svg><\/span><span class=\"postViewMore_post-view-more-link-text__hO_kM\">Direita n\u00e3o est\u00e1 fechada com Fl\u00e1vio Bolsonaro, diz presidente do Republicanos<\/span><\/li>\n<\/ul>\n<\/div>\n<p class=\"postParagraph_post-paragraph__juWZN postParagraph_post-paragraph-innerHtml__Q5vwc\">\u201cNa hip\u00f3tese, eventual impacto negativo \u00e0 honra da noticiante causado pelos conte\u00fados impugnados poder\u00e1 ser corrigido pela via individual, criminal e c\u00edvel\u201d, escreveu o procurador-geral.<\/p>\n<p class=\"postParagraph_post-paragraph__juWZN postParagraph_post-paragraph-innerHtml__Q5vwc\">Ela pedia a condena\u00e7\u00e3o dos tr\u00eas pelo suposto cometimento dos crimes de cal\u00fania, difama\u00e7\u00e3o, inj\u00faria, amea\u00e7a, persegui\u00e7\u00e3o, incita\u00e7\u00e3o e apologia ao crime, associa\u00e7\u00e3o e organiza\u00e7\u00e3o criminosa, peculato, prevarica\u00e7\u00e3o, viola\u00e7\u00e3o de sigilo funcional, coa\u00e7\u00e3o no curso do processo e aboli\u00e7\u00e3o violenta do Estado Democr\u00e1tico de Direito.<\/p>\n<p class=\"postParagraph_post-paragraph__juWZN postParagraph_post-paragraph-innerHtml__Q5vwc\">Let\u00edcia afirmou que eles teriam \u201cveiculado conte\u00fados que questionam a atua\u00e7\u00e3o da jornalista ou fomentam condutas potencialmente hostis\u201d, citando postagens em que \u00c1gape e Vieira divulgavam uma reportagem sobre ela.<\/p>\n<p class=\"postParagraph_post-paragraph__juWZN postParagraph_post-paragraph-innerHtml__Q5vwc\">Segundo a publica\u00e7\u00e3o mencionada, a jornalista colaborou com o Tribunal Superior Eleitoral (TSE), \u00e0 \u00e9poca comandado pelo ministro Alexandre de Moraes, apontando perfis e publica\u00e7\u00f5es que espalhavam nas redes suposta desinforma\u00e7\u00e3o contra o tribunal.<\/p>\n<p class=\"postParagraph_post-paragraph__juWZN postParagraph_post-paragraph-innerHtml__Q5vwc\">No entanto, Gonet apontou que a motiva\u00e7\u00e3o da queixa de Let\u00edcia para que o caso tramisse no STF n\u00e3o est\u00e1 vinculada aos inqu\u00e9ritos das mil\u00edcias digitais (4874\/DF) ou das fake news (4781\/DF).<\/p>\n<p class=\"postParagraph_post-paragraph__juWZN postParagraph_post-paragraph-innerHtml__Q5vwc\">Em outubro de 2025, a jornalista apresentou not\u00edcia-crime alegando ser alvo de uma campanha digital hostil e coordenada ap\u00f3s declara\u00e7\u00f5es de Tagliaferro. Entre os termos \u201cdegradantes e ofensivos\u201d dirigidos a ela, segundo a peti\u00e7\u00e3o inicial, est\u00e3o &#8220;bruxa do TSE&#8221;, &#8220;infiltrada&#8221; e &#8220;X-9&#8221;.<\/p>\n<p class=\"postParagraph_post-paragraph__juWZN postParagraph_post-paragraph-innerHtml__Q5vwc\">Os advogados de Let\u00edcia argumentaram que os ataques utilizavam o m\u00e9todo \u201cfirehosing\u201d \u2014 uma t\u00e9cnica de propaganda que usa &#8220;alto volume&#8221; de mentiras repetitivas para desorientar o p\u00fablico e destruir a credibilidade do alvo.<\/p>\n<h2 class=\"postParagraph_post-paragraph__juWZN postParagraph_post-paragraph-innerHtml__Q5vwc postParagraph_type-tag-h2__TtFkT\">&#8220;Vaza Toga&#8221;<\/h2>\n<p class=\"postParagraph_post-paragraph__juWZN postParagraph_post-paragraph-innerHtml__Q5vwc\">A s\u00e9rie de reportagens conhecida como \u201cVaza Toga\u201d foi produzida a partir do vazamento de mensagens trocadas por ex-assessores de Moraes. Entre agosto de 2022 e maio de 2023, Eduardo Tagliaferro comandou a Assessoria Especial de Enfrentamento \u00e0 Desinforma\u00e7\u00e3o (AEED), no TSE.<\/p>\n<p class=\"postParagraph_post-paragraph__juWZN postParagraph_post-paragraph-innerHtml__Q5vwc\">Em agosto de 2024, a<em> Folha de S.Paulo <\/em>revelou conversas entre Tagliaferro e o ent\u00e3o juiz instrutor Airton Vieira, assessor mais pr\u00f3ximo do ministro no STF. Os di\u00e1logos indicavam o suposto uso extraoficial do TSE por parte do magistrado.<\/p>\n<p class=\"postParagraph_post-paragraph__juWZN postParagraph_post-paragraph-innerHtml__Q5vwc\">Relat\u00f3rios produzidos na Corte eleitoral teriam sido utilizados para subsidiar o inqu\u00e9rito das fake news, relatado por ele no Supremo, em casos relacionados ou n\u00e3o \u00e0s elei\u00e7\u00f5es presidenciais de 2022. Dias depois, Moraes abriu um inqu\u00e9rito na Corte para investigar a origem do vazamento das mensagens.<\/p>\n<p class=\"postParagraph_post-paragraph__juWZN postParagraph_post-paragraph-innerHtml__Q5vwc\">Em abril de 2025, o conte\u00fado de uma s\u00e9rie de mensagens de Tagliaferro foi divulgado, com exclusividade, pela <strong>Gazeta do Povo<\/strong>. Nelas, ele disse ter medo de Moraes. \u201cSe eu falar algo, o Ministro me mata ou me prende\u201d, escreveu o perito, em 31 de mar\u00e7o de 2024, para a sua esposa, numa mensagem de WhatsApp.<\/p>\n<p class=\"postParagraph_post-paragraph__juWZN postParagraph_post-paragraph-innerHtml__Q5vwc\">Uma nova etapa da \u201cVaza Toga\u201d foi publicada em agosto de 2025 no site da organiza\u00e7\u00e3o <em>Civilization Works<\/em>, do jornalista americano Michael Shellenberger. As informa\u00e7\u00f5es foram obtidas pelos jornalistas David \u00c1gape e Eli Vieira. Segundo a publica\u00e7\u00e3o, a estrutura do TSE teria sido supostamente usada para investigar os atos de 8 de janeiro de 2023.<\/p>\n<p class=\"postParagraph_post-paragraph__juWZN postParagraph_post-paragraph-innerHtml__Q5vwc\">Em novembro de 2025, a Primeria Turma do STF tornou Tagliaferro r\u00e9u  por suposta viola\u00e7\u00e3o de sigilo funcional, obstru\u00e7\u00e3o de investiga\u00e7\u00e3o de organiza\u00e7\u00e3o criminosa, coa\u00e7\u00e3o no curso do processo e tentativa de aboli\u00e7\u00e3o violenta do Estado Democr\u00e1tico de Direito.<\/p>\n<p class=\"postParagraph_post-paragraph__juWZN postParagraph_post-paragraph-innerHtml__Q5vwc\">O ex-assessor deixou o Brasil e vive na It\u00e1lia, alegando que corre riscos por denunciar a atua\u00e7\u00e3o do ex-chefe. O governo brasileiro pediu sua extradi\u00e7\u00e3o em novembro do ano passado.<\/p>\n<\/div>\n<p><br \/>\n<br \/>Fonte: <a href=\"https:\/\/www.gazetadopovo.com.br\/republica\/pgr-defende-arquivamento-de-acao-contra-autores-da-vaza-toga-e-tagliaferro\/\">Revista Oeste<\/a><\/p>\n","protected":false},"excerpt":{"rendered":"<p>A Procuradoria-Geral da Rep\u00fablica (PGR) defendeu nesta sexta-feira (23) o arquivamento da a\u00e7\u00e3o apresentada pela jornalista Let\u00edcia Sallorenzo de Freitas contra os jornalistas David \u00c1gape e Eli Vieira, autores da &#8220;Vaza Toga&#8221;, al\u00e9m do ex-assessor Eduardo Tagliaferro. A jornalista alegou que foi alvo de uma \u201ccampanha difamat\u00f3ria sistem\u00e1tica\u201d para humilh\u00e1-la e prejudicar sua imagem profissional. [&hellip;]<\/p>\n","protected":false},"author":5,"featured_media":59416,"comment_status":"open","ping_status":"open","sticky":false,"template":"","format":"standard","meta":{"_seopress_robots_primary_cat":"","_seopress_titles_title":"","_seopress_titles_desc":"","_seopress_robots_index":"","footnotes":""},"categories":[1],"tags":[],"class_list":["post-59415","post","type-post","status-publish","format-standard","has-post-thumbnail","hentry","category-ultimas-noticias"],"_links":{"self":[{"href":"https:\/\/mussicom.com\/noticias\/wp-json\/wp\/v2\/posts\/59415","targetHints":{"allow":["GET"]}}],"collection":[{"href":"https:\/\/mussicom.com\/noticias\/wp-json\/wp\/v2\/posts"}],"about":[{"href":"https:\/\/mussicom.com\/noticias\/wp-json\/wp\/v2\/types\/post"}],"author":[{"embeddable":true,"href":"https:\/\/mussicom.com\/noticias\/wp-json\/wp\/v2\/users\/5"}],"replies":[{"embeddable":true,"href":"https:\/\/mussicom.com\/noticias\/wp-json\/wp\/v2\/comments?post=59415"}],"version-history":[{"count":0,"href":"https:\/\/mussicom.com\/noticias\/wp-json\/wp\/v2\/posts\/59415\/revisions"}],"wp:featuredmedia":[{"embeddable":true,"href":"https:\/\/mussicom.com\/noticias\/wp-json\/wp\/v2\/media\/59416"}],"wp:attachment":[{"href":"https:\/\/mussicom.com\/noticias\/wp-json\/wp\/v2\/media?parent=59415"}],"wp:term":[{"taxonomy":"category","embeddable":true,"href":"https:\/\/mussicom.com\/noticias\/wp-json\/wp\/v2\/categories?post=59415"},{"taxonomy":"post_tag","embeddable":true,"href":"https:\/\/mussicom.com\/noticias\/wp-json\/wp\/v2\/tags?post=59415"}],"curies":[{"name":"wp","href":"https:\/\/api.w.org\/{rel}","templated":true}]}}