{"id":59397,"date":"2026-01-23T23:09:14","date_gmt":"2026-01-24T02:09:14","guid":{"rendered":"https:\/\/mussicom.com\/apenas-com-reservas-no-campo-santos-se-reapresenta-e-inicia-preparacao-para-enfrentar-o-bragantino\/"},"modified":"2026-01-23T23:09:14","modified_gmt":"2026-01-24T02:09:14","slug":"apenas-com-reservas-no-campo-santos-se-reapresenta-e-inicia-preparacao-para-enfrentar-o-bragantino","status":"publish","type":"post","link":"https:\/\/mussicom.com\/noticias\/apenas-com-reservas-no-campo-santos-se-reapresenta-e-inicia-preparacao-para-enfrentar-o-bragantino\/","title":{"rendered":"Apenas com reservas no campo, Santos se reapresenta e inicia prepara\u00e7\u00e3o para enfrentar o Bragantino"},"content":{"rendered":"<p> <br \/>\n<\/p>\n<div>\n<div id=\"attachment_178078\" style=\"width: 250px\" class=\"wp-caption aligncenter\"><img alt=\"\" fetchpriority=\"high\" fetchpriority=\"high\" decoding=\"async\" aria-describedby=\"caption-attachment-178078\" class=\"size-medium wp-image-178078\" src=\"https:\/\/www.diariodopeixe.com.br\/wp-content\/uploads\/2026\/01\/55045209290_03dd1c656f_o-240x300.jpeg\" alt=\"\" width=\"240\" height=\"300\" srcset=\"https:\/\/www.diariodopeixe.com.br\/wp-content\/uploads\/2026\/01\/55045209290_03dd1c656f_o-200x250.jpeg 200w, https:\/\/www.diariodopeixe.com.br\/wp-content\/uploads\/2026\/01\/55045209290_03dd1c656f_o-240x300.jpeg 240w, https:\/\/www.diariodopeixe.com.br\/wp-content\/uploads\/2026\/01\/55045209290_03dd1c656f_o-400x500.jpeg 400w, https:\/\/www.diariodopeixe.com.br\/wp-content\/uploads\/2026\/01\/55045209290_03dd1c656f_o-600x750.jpeg 600w, https:\/\/www.diariodopeixe.com.br\/wp-content\/uploads\/2026\/01\/55045209290_03dd1c656f_o-768x960.jpeg 768w, https:\/\/www.diariodopeixe.com.br\/wp-content\/uploads\/2026\/01\/55045209290_03dd1c656f_o-800x1000.jpeg 800w, https:\/\/www.diariodopeixe.com.br\/wp-content\/uploads\/2026\/01\/55045209290_03dd1c656f_o-819x1024.jpeg 819w, https:\/\/www.diariodopeixe.com.br\/wp-content\/uploads\/2026\/01\/55045209290_03dd1c656f_o-1200x1500.jpeg 1200w, https:\/\/www.diariodopeixe.com.br\/wp-content\/uploads\/2026\/01\/55045209290_03dd1c656f_o-1229x1536.jpeg 1229w, https:\/\/www.diariodopeixe.com.br\/wp-content\/uploads\/2026\/01\/55045209290_03dd1c656f_o-1638x2048.jpeg 1638w\" sizes=\"(max-width: 240px) 100vw, 240px\"\/><\/p>\n<p id=\"caption-attachment-178078\" class=\"wp-caption-text\">Reservas v\u00e3o ao campo do CT Rei Pel\u00e9 ap\u00f3s empate (Foto: Raul Baretta \/ Santos FC)<\/p>\n<\/div>\n<p>Depois do empate contra o Corinthians, na \u00faltima quinta-feira (22), o elenco do Santos voltou aos trabalhos na tarde desta sexta, no CT Rei Pel\u00e9. Os atletas que estiveram em campo por pelo menos 45 minutos fizeram atividades regenerativas na academia, enquanto os demais participaram de treino no gramado.<\/p>\n<p>Sob comando da comiss\u00e3o t\u00e9cnica de Juan Pablo Vojvoda, o grupo realizou exerc\u00edcios t\u00e9cnicos e t\u00e1ticos em campo reduzido, dando sequ\u00eancia ao planejamento para a quinta rodada do Campeonato Paulista. O Santos enfrenta o Bragantino neste domingo, \u00e0s 16h (de Bras\u00edlia), na Neo Qu\u00edmica Arena.<\/p>\n<p>A expectativa \u00e9 de que Vojvoda esboce a forma\u00e7\u00e3o titular no treino deste s\u00e1bado, que deve ser a \u00fanica atividade com o elenco completo antes da partida.<\/p>\n<p>Para o confronto, o Peixe ainda convive com quatro desfalques. O principal deles \u00e9 Neymar, que segue em recupera\u00e7\u00e3o ap\u00f3s artroscopia no joelho esquerdo realizada no fim de dezembro. A previs\u00e3o de retorno do atacante permanece para 4 de fevereiro, contrata o S\u00e3o Paulo, pelo Campeonato Brasileiro.<\/p>\n<p>O meia Gabriel Bontempo trata um edema no m\u00fasculo posterior da coxa esquerda, enquanto o volante Gustavo Henrique se recupera de les\u00e3o muscular no adutor da coxa direita. Ambos seguem sob cuidados do departamento m\u00e9dico.<\/p>\n<\/p><\/div>\n<p><br \/>\n<br \/>Fonte: <a href=\"https:\/\/www.diariodopeixe.com.br\/noticias\/apenas-com-reservas-no-campo-santos-se-reapresenta-e-inicia-preparacao-para-enfrentar-o-bragantino\/\">Di\u00e1rio do Peixe<\/a><\/p>\n","protected":false},"excerpt":{"rendered":"<p>Reservas v\u00e3o ao campo do CT Rei Pel\u00e9 ap\u00f3s empate (Foto: Raul Baretta \/ Santos FC) Depois do empate contra o Corinthians, na \u00faltima quinta-feira (22), o elenco do Santos voltou aos trabalhos na tarde desta sexta, no CT Rei Pel\u00e9. Os atletas que estiveram em campo por pelo menos 45 minutos fizeram atividades regenerativas [&hellip;]<\/p>\n","protected":false},"author":5,"featured_media":59398,"comment_status":"open","ping_status":"open","sticky":false,"template":"","format":"standard","meta":{"_seopress_robots_primary_cat":"","_seopress_titles_title":"","_seopress_titles_desc":"","_seopress_robots_index":"","footnotes":""},"categories":[55],"tags":[],"class_list":["post-59397","post","type-post","status-publish","format-standard","has-post-thumbnail","hentry","category-santos-fc"],"_links":{"self":[{"href":"https:\/\/mussicom.com\/noticias\/wp-json\/wp\/v2\/posts\/59397","targetHints":{"allow":["GET"]}}],"collection":[{"href":"https:\/\/mussicom.com\/noticias\/wp-json\/wp\/v2\/posts"}],"about":[{"href":"https:\/\/mussicom.com\/noticias\/wp-json\/wp\/v2\/types\/post"}],"author":[{"embeddable":true,"href":"https:\/\/mussicom.com\/noticias\/wp-json\/wp\/v2\/users\/5"}],"replies":[{"embeddable":true,"href":"https:\/\/mussicom.com\/noticias\/wp-json\/wp\/v2\/comments?post=59397"}],"version-history":[{"count":0,"href":"https:\/\/mussicom.com\/noticias\/wp-json\/wp\/v2\/posts\/59397\/revisions"}],"wp:featuredmedia":[{"embeddable":true,"href":"https:\/\/mussicom.com\/noticias\/wp-json\/wp\/v2\/media\/59398"}],"wp:attachment":[{"href":"https:\/\/mussicom.com\/noticias\/wp-json\/wp\/v2\/media?parent=59397"}],"wp:term":[{"taxonomy":"category","embeddable":true,"href":"https:\/\/mussicom.com\/noticias\/wp-json\/wp\/v2\/categories?post=59397"},{"taxonomy":"post_tag","embeddable":true,"href":"https:\/\/mussicom.com\/noticias\/wp-json\/wp\/v2\/tags?post=59397"}],"curies":[{"name":"wp","href":"https:\/\/api.w.org\/{rel}","templated":true}]}}