{"id":59389,"date":"2026-01-23T22:33:16","date_gmt":"2026-01-24T01:33:16","guid":{"rendered":"https:\/\/mussicom.com\/moraes-mobiliza-pm-do-df-para-retirar-uma-barraca-da-papuda\/"},"modified":"2026-01-23T22:33:16","modified_gmt":"2026-01-24T01:33:16","slug":"moraes-mobiliza-pm-do-df-para-retirar-uma-barraca-da-papuda","status":"publish","type":"post","link":"https:\/\/mussicom.com\/noticias\/moraes-mobiliza-pm-do-df-para-retirar-uma-barraca-da-papuda\/","title":{"rendered":"Moraes mobiliza PM do DF para retirar uma barraca da Papuda"},"content":{"rendered":"<p> <br \/>\n<\/p>\n<div id=\"tp-post-content\">\n<p class=\"postParagraph_post-paragraph__juWZN postParagraph_post-paragraph-innerHtml__Q5vwc\">O ministro Supremo Tribunal Federal (STF), Alexandre de Moraes, deu ordem nesta sexta-feira (23) para que a Pol\u00edcia Militar (PM) do Distrito Federal seja mobilizada para retirar uma barraca das proximidades da Penitenci\u00e1ria Federal de Bras\u00edlia (Complexo da Papuda, em Bras\u00edlia), onde o ex-presidente Jair Bolsonaro cumpre pena. O STF noticiou que a decis\u00e3o foi tomada a partir de representa\u00e7\u00e3o da Procuradoria-Geral da Rep\u00fablica (PGR).<\/p>\n<p class=\"postParagraph_post-paragraph__juWZN postParagraph_post-paragraph-innerHtml__Q5vwc\">No documento, a PGR informou que ap\u00f3s a transfer\u00eancia de Bolsonaro para a Papudinha, um grupo de pessoas instalou \u201cuma barraca\u201d em frente ao complexo prisional e instalou tamb\u00e9m faixas em que pediam anistia e liberdade para o ex-presidente.<\/p>\n<div class=\"postViewMore_post-view-more-container___5wai\" data-mrf-recirculation=\"Post - Veja tamb\u00e9m\">\n<p class=\"gp-styles-module-size-small-afeYRa gp-styles-module-font-family2-afeYRa gp-styles-module-color-secondary-afeYRa gp-styles-module-weight-bold-afeYRa\">VEJA TAMB\u00c9M:<\/p>\n<ul class=\"postViewMore_post-view-more-list__CU_CE\">\n<li class=\"postViewMore_post-view-more-item__2MzRb\">\n<div class=\"postViewMore_post-view-more-image__5gUSe\"><picture class=\"imageDefault_image-container__XGd8_\"><\/picture><\/div>\n<p>STF se apoia na defesa da democracia para blindar Toffoli<\/li>\n<li class=\"postViewMore_post-view-more-item__2MzRb\">\n<div class=\"postViewMore_post-view-more-image__5gUSe\"><picture class=\"imageDefault_image-container__XGd8_\"><img decoding=\"async\" class=\"imageDefault_image-item__lU2Dk\" src=\"https:\/\/media.gazetadopovo.com.br\/2026\/01\/16170644\/8022983571001-380x214.jpg.webp\" alt=\"\" width=\"72\" height=\"72\"\/><\/picture><\/div>\n<p>Moraes exibe sadismo com sofrimento de Bolsonaro<\/li>\n<\/ul>\n<\/div>\n<p class=\"postParagraph_post-paragraph__juWZN postParagraph_post-paragraph-innerHtml__Q5vwc\">Na decis\u00e3o, Moraes afirmou que os direitos de reuni\u00e3o e de livre manifesta\u00e7\u00e3o \u201cn\u00e3o s\u00e3o absolutos\u201d e devem, \u201cem uma sociedade democr\u00e1tica\u201d, ser exercidos de forma a n\u00e3o violar outros direitos fundamentais. De acordo com o ministro, o local ocupado \u00e9 \u00e1rea de seguran\u00e7a situada nas proximidades de uma penitenci\u00e1ria federal de seguran\u00e7a m\u00e1xima, cujo per\u00edmetro compreenderia as rotas de autoridades federais.<\/p>\n<p class=\"postParagraph_post-paragraph__juWZN postParagraph_post-paragraph-innerHtml__Q5vwc\">O ministro lembrou ainda que a omiss\u00e3o de diversas autoridades p\u00fablicas permitiu a instala\u00e7\u00e3o de acampamentos que chamou de \u201cilegais\u201d em frente a quart\u00e9is do Ex\u00e9rcito ap\u00f3s as elei\u00e7\u00f5es de 2022, o que, de acordo com o ministro, resultaram em \u201catos violentos\u201d, em refer\u00eancia ao 8 de janeiro.<\/p>\n<p class=\"postParagraph_post-paragraph__juWZN postParagraph_post-paragraph-innerHtml__Q5vwc\">Moraes lembrou da Caminhada da Liberdade de Nikolas Ferreira na decis\u00e3o, dizendo que est\u00e3o marcados atos pela liberdade dos custodiados. Ele advertiu que qualquer pessoa que insista em permanecer nas proximidades da Papuda pode ser &#8220;presa em flagrante&#8221;.<\/p>\n<\/div>\n<p><br \/>\n<br \/>Fonte: <a href=\"https:\/\/www.gazetadopovo.com.br\/republica\/moraes-mobiliza-pm-do-df-para-a-retirada-de-uma-barraca-das-proximidades-da-papuda\/\">Revista Oeste<\/a><\/p>\n","protected":false},"excerpt":{"rendered":"<p>O ministro Supremo Tribunal Federal (STF), Alexandre de Moraes, deu ordem nesta sexta-feira (23) para que a Pol\u00edcia Militar (PM) do Distrito Federal seja mobilizada para retirar uma barraca das proximidades da Penitenci\u00e1ria Federal de Bras\u00edlia (Complexo da Papuda, em Bras\u00edlia), onde o ex-presidente Jair Bolsonaro cumpre pena. O STF noticiou que a decis\u00e3o foi [&hellip;]<\/p>\n","protected":false},"author":5,"featured_media":59390,"comment_status":"open","ping_status":"open","sticky":false,"template":"","format":"standard","meta":{"_seopress_robots_primary_cat":"","_seopress_titles_title":"","_seopress_titles_desc":"","_seopress_robots_index":"","footnotes":""},"categories":[1],"tags":[],"class_list":["post-59389","post","type-post","status-publish","format-standard","has-post-thumbnail","hentry","category-ultimas-noticias"],"_links":{"self":[{"href":"https:\/\/mussicom.com\/noticias\/wp-json\/wp\/v2\/posts\/59389","targetHints":{"allow":["GET"]}}],"collection":[{"href":"https:\/\/mussicom.com\/noticias\/wp-json\/wp\/v2\/posts"}],"about":[{"href":"https:\/\/mussicom.com\/noticias\/wp-json\/wp\/v2\/types\/post"}],"author":[{"embeddable":true,"href":"https:\/\/mussicom.com\/noticias\/wp-json\/wp\/v2\/users\/5"}],"replies":[{"embeddable":true,"href":"https:\/\/mussicom.com\/noticias\/wp-json\/wp\/v2\/comments?post=59389"}],"version-history":[{"count":0,"href":"https:\/\/mussicom.com\/noticias\/wp-json\/wp\/v2\/posts\/59389\/revisions"}],"wp:featuredmedia":[{"embeddable":true,"href":"https:\/\/mussicom.com\/noticias\/wp-json\/wp\/v2\/media\/59390"}],"wp:attachment":[{"href":"https:\/\/mussicom.com\/noticias\/wp-json\/wp\/v2\/media?parent=59389"}],"wp:term":[{"taxonomy":"category","embeddable":true,"href":"https:\/\/mussicom.com\/noticias\/wp-json\/wp\/v2\/categories?post=59389"},{"taxonomy":"post_tag","embeddable":true,"href":"https:\/\/mussicom.com\/noticias\/wp-json\/wp\/v2\/tags?post=59389"}],"curies":[{"name":"wp","href":"https:\/\/api.w.org\/{rel}","templated":true}]}}