{"id":59365,"date":"2026-01-23T20:31:15","date_gmt":"2026-01-23T23:31:15","guid":{"rendered":"https:\/\/mussicom.com\/lula-acusa-trump-de-querer-criar-uma-nova-onu\/"},"modified":"2026-01-23T20:31:15","modified_gmt":"2026-01-23T23:31:15","slug":"lula-acusa-trump-de-querer-criar-uma-nova-onu","status":"publish","type":"post","link":"https:\/\/mussicom.com\/noticias\/lula-acusa-trump-de-querer-criar-uma-nova-onu\/","title":{"rendered":"Lula acusa Trump de querer criar uma &#8220;nova ONU&#8221;"},"content":{"rendered":"<p> <br \/>\n<\/p>\n<div id=\"tp-post-content\">\n<p class=\"postParagraph_post-paragraph__juWZN postParagraph_post-paragraph-innerHtml__Q5vwc\">O presidente Luiz In\u00e1cio Lula da Silva (PT) acusou nesta sexta-feira (23) o presidente dos Estados Unidos, Donald Trump, de querer criar uma &#8220;nova ONU&#8221; da qual ele pr\u00f3prio seria o &#8220;dono&#8221;, referindo-se ao Conselho de Paz proposto pela Casa Branca para resolver conflitos.<\/p>\n<p class=\"postParagraph_post-paragraph__juWZN postParagraph_post-paragraph-innerHtml__Q5vwc\">\u201cEm vez de corrigir a ONU, como a gente reivindica desde 2003, com a entrada de novos pa\u00edses \u2014 como M\u00e9xico, Brasil e pa\u00edses africanos \u2014 o que est\u00e1 acontecendo \u00e9 que o presidente Trump est\u00e1 fazendo uma proposta de criar uma nova ONU, da qual ele \u00e9 o \u00fanico dono\u201d, disse Lula durante o 14\u00ba Encontro Nacional do Movimento dos Trabalhadores Rurais Sem Terra (MST).<\/p>\n<p class=\"postParagraph_post-paragraph__juWZN postParagraph_post-paragraph-innerHtml__Q5vwc\">O Conselho da Paz foi criado por Trump para supervisionar a administra\u00e7\u00e3o e a reconstru\u00e7\u00e3o de Gaza. Lula foi convidado a participar da iniciativa, mas ainda n\u00e3o respondeu. Para o presidente brasileiro, a &#8220;Carta da ONU est\u00e1 sendo rasgada&#8221;.<\/p>\n<div class=\"postViewMore_post-view-more-container___5wai\" data-mrf-recirculation=\"Post - Veja tamb\u00e9m\">\n<p class=\"gp-styles-module-size-small-afeYRa gp-styles-module-font-family2-afeYRa gp-styles-module-color-secondary-afeYRa gp-styles-module-weight-bold-afeYRa\">VEJA TAMB\u00c9M:<\/p>\n<ul class=\"postViewMore_post-view-more-list__CU_CE\">\n<li class=\"postViewMore_post-view-more-item__2MzRb\"><span class=\"postViewMore_post-view-more-link-icon___stPC\"><svg xmlns=\"http:\/\/www.w3.org\/2000\/svg\" width=\"16\" height=\"16\" viewbox=\"0 0 16 16\"><rect width=\"16\" height=\"16\" fill=\"none\"\/><g transform=\"translate(3 3)\"><path d=\"M22.5,15l3.4,3.4-3.4,3.4\" transform=\"translate(-15.896 -11.793)\" fill=\"none\" stroke=\"#717171\" stroke-linecap=\"round\" stroke-width=\"1.4\"\/><path d=\"M6,6v4.2a2.452,2.452,0,0,0,2.5,2.4H16\" transform=\"translate(-6 -6)\" fill=\"none\" stroke=\"#717171\" stroke-linecap=\"round\" stroke-width=\"1.4\"\/><\/g><\/svg><\/span><span class=\"postViewMore_post-view-more-link-text__hO_kM\">Brasil se abst\u00e9m em vota\u00e7\u00e3o na ONU de resolu\u00e7\u00e3o que condena viola\u00e7\u00f5es de direitos humanos no Ir\u00e3<\/span><\/li>\n<\/ul>\n<\/div>\n<p class=\"postParagraph_post-paragraph__juWZN postParagraph_post-paragraph-innerHtml__Q5vwc\">Lula afirmou que o \u201cmultilateralismo est\u00e1 sendo jogado fora pelo unilateralismo\u201d e, assim, a \u201clei do mais forte\u201d prevalece.<\/p>\n<p class=\"postParagraph_post-paragraph__juWZN postParagraph_post-paragraph-innerHtml__Q5vwc\">\u201cEu estou h\u00e1 uma semana telefonando para pa\u00edses do mundo inteiro\u201d, disse Lula ao defender um compromisso das na\u00e7\u00f5es em prol do multilateralismo.<\/p>\n<p class=\"postParagraph_post-paragraph__juWZN postParagraph_post-paragraph-innerHtml__Q5vwc\">\u201cO que a gente n\u00e3o aceita mais \u00e9 voltar a ser col\u00f4nia para algu\u00e9m mandar na gente\u201d, acrescentou. O chefe do Executivo defendeu o di\u00e1logo para resolver conflitos e &#8220;fazer pol\u00edtica&#8221;.<\/p>\n<p class=\"postParagraph_post-paragraph__juWZN postParagraph_post-paragraph-innerHtml__Q5vwc\">Durante o evento, o petista tamb\u00e9m disse estar<strong> \u201cindignado\u201d <\/strong>com a captura do ditador da Venezuela, Nicol\u00e1s Maduro, pelos Estados Unidos.<\/p>\n<p class=\"postParagraph_post-paragraph__juWZN postParagraph_post-paragraph-innerHtml__Q5vwc\">\u201cEu fico toda a noite indignado com o que aconteceu na Venezuela. N\u00e3o consigo acreditar. O Maduro sabia que tinham 15 mil soldados americanos no Mar do Caribe, que todo dia tinha uma amea\u00e7a. Os caras entram \u00e0 noite na Venezuela, v\u00e3o no quartel, onde morava Maduro, e o levam embora\u201d, afirmou o presidente.<\/p>\n<p class=\"postParagraph_post-paragraph__juWZN postParagraph_post-paragraph-innerHtml__Q5vwc\">O l\u00edder chavista e sua esposa, Cilia Flores, est\u00e3o presos nos Estados Unidos e respondem por crimes relacionados ao narcoterrorismo. \u201cComo \u00e9 poss\u00edvel a falta de respeito \u00e0 integridade territorial de um pa\u00eds? N\u00e3o existe isso na Am\u00e9rica do Sul\u201d, acrescentou o presidente. <strong>(Com Ag\u00eancia EFE)<\/strong><\/p>\n<\/div>\n<p><br \/>\n<br \/>Fonte: <a href=\"https:\/\/www.gazetadopovo.com.br\/republica\/lula-acusa-trump-de-querer-criar-uma-nova-onu-com-ele-proprio-como-dono\/\">Revista Oeste<\/a><\/p>\n","protected":false},"excerpt":{"rendered":"<p>O presidente Luiz In\u00e1cio Lula da Silva (PT) acusou nesta sexta-feira (23) o presidente dos Estados Unidos, Donald Trump, de querer criar uma &#8220;nova ONU&#8221; da qual ele pr\u00f3prio seria o &#8220;dono&#8221;, referindo-se ao Conselho de Paz proposto pela Casa Branca para resolver conflitos. \u201cEm vez de corrigir a ONU, como a gente reivindica desde [&hellip;]<\/p>\n","protected":false},"author":5,"featured_media":59366,"comment_status":"open","ping_status":"open","sticky":false,"template":"","format":"standard","meta":{"_seopress_robots_primary_cat":"","_seopress_titles_title":"","_seopress_titles_desc":"","_seopress_robots_index":"","footnotes":""},"categories":[1],"tags":[],"class_list":["post-59365","post","type-post","status-publish","format-standard","has-post-thumbnail","hentry","category-ultimas-noticias"],"_links":{"self":[{"href":"https:\/\/mussicom.com\/noticias\/wp-json\/wp\/v2\/posts\/59365","targetHints":{"allow":["GET"]}}],"collection":[{"href":"https:\/\/mussicom.com\/noticias\/wp-json\/wp\/v2\/posts"}],"about":[{"href":"https:\/\/mussicom.com\/noticias\/wp-json\/wp\/v2\/types\/post"}],"author":[{"embeddable":true,"href":"https:\/\/mussicom.com\/noticias\/wp-json\/wp\/v2\/users\/5"}],"replies":[{"embeddable":true,"href":"https:\/\/mussicom.com\/noticias\/wp-json\/wp\/v2\/comments?post=59365"}],"version-history":[{"count":0,"href":"https:\/\/mussicom.com\/noticias\/wp-json\/wp\/v2\/posts\/59365\/revisions"}],"wp:featuredmedia":[{"embeddable":true,"href":"https:\/\/mussicom.com\/noticias\/wp-json\/wp\/v2\/media\/59366"}],"wp:attachment":[{"href":"https:\/\/mussicom.com\/noticias\/wp-json\/wp\/v2\/media?parent=59365"}],"wp:term":[{"taxonomy":"category","embeddable":true,"href":"https:\/\/mussicom.com\/noticias\/wp-json\/wp\/v2\/categories?post=59365"},{"taxonomy":"post_tag","embeddable":true,"href":"https:\/\/mussicom.com\/noticias\/wp-json\/wp\/v2\/tags?post=59365"}],"curies":[{"name":"wp","href":"https:\/\/api.w.org\/{rel}","templated":true}]}}