{"id":59331,"date":"2026-01-23T17:28:15","date_gmt":"2026-01-23T20:28:15","guid":{"rendered":"https:\/\/mussicom.com\/senador-diz-que-ministros-do-stf-acobertam-seus-colegas\/"},"modified":"2026-01-23T17:28:15","modified_gmt":"2026-01-23T20:28:15","slug":"senador-diz-que-ministros-do-stf-acobertam-seus-colegas","status":"publish","type":"post","link":"https:\/\/mussicom.com\/noticias\/senador-diz-que-ministros-do-stf-acobertam-seus-colegas\/","title":{"rendered":"Senador diz que ministros do STF acobertam seus colegas"},"content":{"rendered":"<p> <br \/>\n<\/p>\n<div id=\"tp-post-content\">\n<p class=\"postParagraph_post-paragraph__juWZN postParagraph_post-paragraph-innerHtml__Q5vwc\">O senador Alessandro Vieira (MDB-SE) declarou nesta sexta-feira (23) que o Supremo Tribunal Federal (STF) tomou o caminho da prote\u00e7\u00e3o aos seus integrantes ao inv\u00e9s de ser transparente. O parlamentar definiu como uma \u201cmiss\u00e3o\u201d do Senado controlar a Corte atrav\u00e9s de um processo de impeachment.<\/p>\n<p class=\"postParagraph_post-paragraph__juWZN postParagraph_post-paragraph-innerHtml__Q5vwc\">\u201cEntre a transpar\u00eancia e o esp\u00edrito de corpo o STF escolheu acobertar as condutas escandalosas de Toffoli e Moraes. O \u00fanico caminho dispon\u00edvel \u00e9 levar o Senado a uma in\u00e9dita a\u00e7\u00e3o de controle, via processo de impeachment. Essa ser\u00e1 a miss\u00e3o fundamental nos pr\u00f3ximos meses\u201d, escreveu o parlamentar em sua conta no X.<\/p>\n<div class=\"postViewMore_post-view-more-container___5wai\" data-mrf-recirculation=\"Post - Veja tamb\u00e9m\">\n<p class=\"gp-styles-module-size-small-afeYRa gp-styles-module-font-family2-afeYRa gp-styles-module-color-secondary-afeYRa gp-styles-module-weight-bold-afeYRa\">VEJA TAMB\u00c9M:<\/p>\n<ul class=\"postViewMore_post-view-more-list__CU_CE\">\n<li class=\"postViewMore_post-view-more-item__2MzRb\">\n<div class=\"postViewMore_post-view-more-image__5gUSe\"><picture class=\"imageDefault_image-container__XGd8_\"><\/picture><\/div>\n<p>Fim da ditadura do STF \u00e9 o caminho para a liberdade e a justi\u00e7a<\/li>\n<li class=\"postViewMore_post-view-more-item__2MzRb\">\n<div class=\"postViewMore_post-view-more-image__5gUSe\"><picture class=\"imageDefault_image-container__XGd8_\"><img decoding=\"async\" class=\"imageDefault_image-item__lU2Dk\" src=\"https:\/\/media.gazetadopovo.com.br\/2026\/01\/17180712\/Banco-Master-1-2-380x214.jpg.webp\" alt=\"Banco Master\" width=\"72\" height=\"72\"\/><\/picture><\/div>\n<p>Revista brit\u00e2nica repercute esc\u00e2ndalo do Banco Master e cita queda de reputa\u00e7\u00e3o do STF<\/li>\n<\/ul>\n<\/div>\n<p class=\"postParagraph_post-paragraph__juWZN postParagraph_post-paragraph-innerHtml__Q5vwc\">A declara\u00e7\u00e3o do parlamentar veio ap\u00f3s manifesta\u00e7\u00f5es de ministros do STF em defesa de seus pares. O presidente da Corte Edson Fachin, e o decano do Gilmar Mendes elogiaram a decis\u00e3o da Procuradoria-Geral da Rep\u00fablica de arquivar as\u00a0den\u00fancias contra Dias Toffoli\u00a0relacionadas ao Caso Master.<\/p>\n<p class=\"postParagraph_post-paragraph__juWZN postParagraph_post-paragraph-innerHtml__Q5vwc\">Ex-delegado de pol\u00edcia, Vieira (MDB-SE), tem como foco da atividade parlamentar o combate \u00e0 corrup\u00e7\u00e3o, seguran\u00e7a p\u00fablica e controle do judici\u00e1rio em. Ele articula CPIs contra abusos no STF, relatou o marco legal do crime organizado e prop\u00f4s individualizar as penas de quem participou nos atos de 8 de janeiro.<\/p>\n<\/div>\n<p><br \/>\n<br \/>Fonte: <a href=\"https:\/\/www.gazetadopovo.com.br\/republica\/senador-diz-que-ministros-do-stf-acobertam-seus-pares-e-que-impeachment-e-missao\/\">Revista Oeste<\/a><\/p>\n","protected":false},"excerpt":{"rendered":"<p>O senador Alessandro Vieira (MDB-SE) declarou nesta sexta-feira (23) que o Supremo Tribunal Federal (STF) tomou o caminho da prote\u00e7\u00e3o aos seus integrantes ao inv\u00e9s de ser transparente. O parlamentar definiu como uma \u201cmiss\u00e3o\u201d do Senado controlar a Corte atrav\u00e9s de um processo de impeachment. \u201cEntre a transpar\u00eancia e o esp\u00edrito de corpo o STF [&hellip;]<\/p>\n","protected":false},"author":5,"featured_media":58090,"comment_status":"open","ping_status":"open","sticky":false,"template":"","format":"standard","meta":{"_seopress_robots_primary_cat":"","_seopress_titles_title":"","_seopress_titles_desc":"","_seopress_robots_index":"","footnotes":""},"categories":[1],"tags":[],"class_list":["post-59331","post","type-post","status-publish","format-standard","has-post-thumbnail","hentry","category-ultimas-noticias"],"_links":{"self":[{"href":"https:\/\/mussicom.com\/noticias\/wp-json\/wp\/v2\/posts\/59331","targetHints":{"allow":["GET"]}}],"collection":[{"href":"https:\/\/mussicom.com\/noticias\/wp-json\/wp\/v2\/posts"}],"about":[{"href":"https:\/\/mussicom.com\/noticias\/wp-json\/wp\/v2\/types\/post"}],"author":[{"embeddable":true,"href":"https:\/\/mussicom.com\/noticias\/wp-json\/wp\/v2\/users\/5"}],"replies":[{"embeddable":true,"href":"https:\/\/mussicom.com\/noticias\/wp-json\/wp\/v2\/comments?post=59331"}],"version-history":[{"count":0,"href":"https:\/\/mussicom.com\/noticias\/wp-json\/wp\/v2\/posts\/59331\/revisions"}],"wp:featuredmedia":[{"embeddable":true,"href":"https:\/\/mussicom.com\/noticias\/wp-json\/wp\/v2\/media\/58090"}],"wp:attachment":[{"href":"https:\/\/mussicom.com\/noticias\/wp-json\/wp\/v2\/media?parent=59331"}],"wp:term":[{"taxonomy":"category","embeddable":true,"href":"https:\/\/mussicom.com\/noticias\/wp-json\/wp\/v2\/categories?post=59331"},{"taxonomy":"post_tag","embeddable":true,"href":"https:\/\/mussicom.com\/noticias\/wp-json\/wp\/v2\/tags?post=59331"}],"curies":[{"name":"wp","href":"https:\/\/api.w.org\/{rel}","templated":true}]}}