{"id":59321,"date":"2026-01-23T16:27:15","date_gmt":"2026-01-23T19:27:15","guid":{"rendered":"https:\/\/mussicom.com\/lula-anuncia-isencao-de-vistos-para-cidadaos-da-china-entrarem\/"},"modified":"2026-01-23T16:27:15","modified_gmt":"2026-01-23T19:27:15","slug":"lula-anuncia-isencao-de-vistos-para-cidadaos-da-china-entrarem","status":"publish","type":"post","link":"https:\/\/mussicom.com\/noticias\/lula-anuncia-isencao-de-vistos-para-cidadaos-da-china-entrarem\/","title":{"rendered":"Lula anuncia isen\u00e7\u00e3o de vistos para cidad\u00e3os da China entrarem"},"content":{"rendered":"<p> <br \/>\n<\/p>\n<div id=\"tp-post-content\">\n<p class=\"postParagraph_post-paragraph__juWZN postParagraph_post-paragraph-innerHtml__Q5vwc\">O presidente Luiz In\u00e1cio Lula da Silva anunciou que o Brasil deixar\u00e1 de exigir vistos de curta dura\u00e7\u00e3o para algumas categorias de cidad\u00e3os chineses. A medida de isen\u00e7\u00e3o foi adotada pela China para brasileiros em 2025, e somente agora o Brasil retribuiu o gesto.<\/p>\n<p class=\"postParagraph_post-paragraph__juWZN postParagraph_post-paragraph-innerHtml__Q5vwc\">Em nota divulgada na manh\u00e3 desta sexta-feira (23), o Pal\u00e1cio do Planalto explicou que a isen\u00e7\u00e3o ocorre no contexto da amplia\u00e7\u00e3o da coopera\u00e7\u00e3o em \u00e1reas da \u201cfronteira do conhecimento\u201d, conforme noticiou a <em>Ag\u00eancia Brasil<\/em>.<\/p>\n<div class=\"postViewMore_post-view-more-container___5wai\" data-mrf-recirculation=\"Post - Veja tamb\u00e9m\">\n<p class=\"gp-styles-module-size-small-afeYRa gp-styles-module-font-family2-afeYRa gp-styles-module-color-secondary-afeYRa gp-styles-module-weight-bold-afeYRa\">VEJA TAMB\u00c9M:<\/p>\n<ul class=\"postViewMore_post-view-more-list__CU_CE\">\n<li class=\"postViewMore_post-view-more-item__2MzRb\">\n<div class=\"postViewMore_post-view-more-image__5gUSe\"><picture class=\"imageDefault_image-container__XGd8_\"><\/picture><\/div>\n<p>Em liga\u00e7\u00e3o com Lula, Xi pede que China e Brasil permane\u00e7am \u201cno lado correto da hist\u00f3ria\u201d<\/li>\n<li class=\"postViewMore_post-view-more-item__2MzRb\">\n<div class=\"postViewMore_post-view-more-image__5gUSe\"><picture class=\"imageDefault_image-container__XGd8_\"><img decoding=\"async\" class=\"imageDefault_image-item__lU2Dk\" src=\"https:\/\/media.gazetadopovo.com.br\/2026\/01\/22150253\/cuba.china_-380x214.jpg.webp\" alt=\"\" width=\"72\" height=\"72\"\/><\/picture><\/div>\n<p>Ap\u00f3s queda de Maduro, China faz acordo para novo pacote de ajuda a Cuba<\/li>\n<\/ul>\n<\/div>\n<p class=\"postParagraph_post-paragraph__juWZN postParagraph_post-paragraph-innerHtml__Q5vwc\">Seguindo a l\u00f3gica da reciprocidade, o governo passou a exigir de cidad\u00e3os dos EUA, Canad\u00e1 e Austr\u00e1lia visto para entrar no Brasil. Cidad\u00e3os brasileiros precisam de visto para ingressar nos tr\u00eas pa\u00edses.<\/p>\n<p class=\"postParagraph_post-paragraph__juWZN postParagraph_post-paragraph-innerHtml__Q5vwc\">A pol\u00edtica chinesa de isen\u00e7\u00e3o de visto passou a incluir cidad\u00e3os brasileiros em 1\u00ba de junho de 2025, com validade inicial de um ano \u2014 posteriormente ampliada para at\u00e9 31 de dezembro de 2026. A medida abrangeu outros pa\u00edses sul-americanos, como Argentina, Chile, Peru e Uruguai. No total, 45 na\u00e7\u00f5es fazem parte da pol\u00edtica unilateral chinesa de isen\u00e7\u00e3o de vistos.<\/p>\n<p class=\"postParagraph_post-paragraph__juWZN postParagraph_post-paragraph-innerHtml__Q5vwc\">O objetivo da China \u00e9 facilitar o interc\u00e2mbio de pessoas entre o pa\u00eds asi\u00e1tico e outras regi\u00f5es, em uma tentativa de aproximar a na\u00e7\u00e3o da Am\u00e9rica Latina e de outros blocos econ\u00f4micos. Brasil, Argentina e Chile est\u00e3o entre as cinco maiores economias da regi\u00e3o. Desde 2024, a maioria dos pa\u00edses europeus, bem como Jap\u00e3o e Coreia do Sul, j\u00e1 n\u00e3o precisa de visto para viajar \u00e0 China.<\/p>\n<p class=\"postParagraph_post-paragraph__juWZN postParagraph_post-paragraph-innerHtml__Q5vwc\">Os portadores de passaportes comuns v\u00e1lidos desses pa\u00edses est\u00e3o isentos da exig\u00eancia de visto ao entrarem na China para fins de neg\u00f3cios, turismo, visita a familiares ou amigos, interc\u00e2mbios e tr\u00e2nsito. Eles podem permanecer no pa\u00eds por, no m\u00e1ximo, 30 dias.<\/p>\n<h2 class=\"postParagraph_post-paragraph__juWZN postParagraph_post-paragraph-innerHtml__Q5vwc postParagraph_type-tag-h2__TtFkT\">Telefonema<\/h2>\n<p class=\"postParagraph_post-paragraph__juWZN postParagraph_post-paragraph-innerHtml__Q5vwc\">Lula telefonou para Xi Jinping na quinta-feira, em uma conversa que durou cerca de 45 minutos. Os dois l\u00edderes discutiram o adensamento das rela\u00e7\u00f5es bilaterais e a necessidade de defender o chamado \u201cSul Global\u201d.<\/p>\n<p class=\"postParagraph_post-paragraph__juWZN postParagraph_post-paragraph-innerHtml__Q5vwc\">\u201cA esse respeito, destacaram as sinergias entre os respectivos projetos nacionais de desenvolvimento, em especial nas \u00e1reas de infraestrutura, transi\u00e7\u00e3o ecol\u00f3gica e tecnologia\u201d, afirmou a nota da Presid\u00eancia da Rep\u00fablica.<\/p>\n<p class=\"postParagraph_post-paragraph__juWZN postParagraph_post-paragraph-innerHtml__Q5vwc\">Quanto ao cen\u00e1rio global, segundo a nota, Lula destacou que Brasil e China s\u00e3o pa\u00edses que det\u00eam \u201cpapel central na defesa do multilateralismo, do direito internacional e do livre com\u00e9rcio\u201d. A ag\u00eancia de not\u00edcias estatal da China, Xinhua, tamb\u00e9m divulgou informa\u00e7\u00f5es sobre o telefonema, acrescentando que Xi Jinping afirmou a Lula que as duas na\u00e7\u00f5es devem salvaguardar os interesses comuns do Sul Global e manter o papel central das Na\u00e7\u00f5es Unidas em meio \u00e0 \u201csitua\u00e7\u00e3o internacional turbulenta\u201d.<\/p>\n<\/div>\n<p><br \/>\n<br \/>Fonte: <a href=\"https:\/\/www.gazetadopovo.com.br\/republica\/lula-anuncia-isencao-de-vistos-para-cidadaos-da-china-entrarem-no-brasil\/\">Revista Oeste<\/a><\/p>\n","protected":false},"excerpt":{"rendered":"<p>O presidente Luiz In\u00e1cio Lula da Silva anunciou que o Brasil deixar\u00e1 de exigir vistos de curta dura\u00e7\u00e3o para algumas categorias de cidad\u00e3os chineses. A medida de isen\u00e7\u00e3o foi adotada pela China para brasileiros em 2025, e somente agora o Brasil retribuiu o gesto. Em nota divulgada na manh\u00e3 desta sexta-feira (23), o Pal\u00e1cio do [&hellip;]<\/p>\n","protected":false},"author":5,"featured_media":59245,"comment_status":"open","ping_status":"open","sticky":false,"template":"","format":"standard","meta":{"_seopress_robots_primary_cat":"","_seopress_titles_title":"","_seopress_titles_desc":"","_seopress_robots_index":"","footnotes":""},"categories":[1],"tags":[],"class_list":["post-59321","post","type-post","status-publish","format-standard","has-post-thumbnail","hentry","category-ultimas-noticias"],"_links":{"self":[{"href":"https:\/\/mussicom.com\/noticias\/wp-json\/wp\/v2\/posts\/59321","targetHints":{"allow":["GET"]}}],"collection":[{"href":"https:\/\/mussicom.com\/noticias\/wp-json\/wp\/v2\/posts"}],"about":[{"href":"https:\/\/mussicom.com\/noticias\/wp-json\/wp\/v2\/types\/post"}],"author":[{"embeddable":true,"href":"https:\/\/mussicom.com\/noticias\/wp-json\/wp\/v2\/users\/5"}],"replies":[{"embeddable":true,"href":"https:\/\/mussicom.com\/noticias\/wp-json\/wp\/v2\/comments?post=59321"}],"version-history":[{"count":0,"href":"https:\/\/mussicom.com\/noticias\/wp-json\/wp\/v2\/posts\/59321\/revisions"}],"wp:featuredmedia":[{"embeddable":true,"href":"https:\/\/mussicom.com\/noticias\/wp-json\/wp\/v2\/media\/59245"}],"wp:attachment":[{"href":"https:\/\/mussicom.com\/noticias\/wp-json\/wp\/v2\/media?parent=59321"}],"wp:term":[{"taxonomy":"category","embeddable":true,"href":"https:\/\/mussicom.com\/noticias\/wp-json\/wp\/v2\/categories?post=59321"},{"taxonomy":"post_tag","embeddable":true,"href":"https:\/\/mussicom.com\/noticias\/wp-json\/wp\/v2\/tags?post=59321"}],"curies":[{"name":"wp","href":"https:\/\/api.w.org\/{rel}","templated":true}]}}