{"id":59288,"date":"2026-01-23T13:29:15","date_gmt":"2026-01-23T16:29:15","guid":{"rendered":"https:\/\/mussicom.com\/irmao-de-toffoli-confirma-que-empresa-em-seu-nome-foi-socia-de-resort-no-pr\/"},"modified":"2026-01-23T13:29:15","modified_gmt":"2026-01-23T16:29:15","slug":"irmao-de-toffoli-confirma-que-empresa-em-seu-nome-foi-socia-de-resort-no-pr","status":"publish","type":"post","link":"https:\/\/mussicom.com\/noticias\/irmao-de-toffoli-confirma-que-empresa-em-seu-nome-foi-socia-de-resort-no-pr\/","title":{"rendered":"Irm\u00e3o de Toffoli confirma que empresa em seu nome foi s\u00f3cia de resort no PR"},"content":{"rendered":"<p> <br \/>\n<\/p>\n<div id=\"tp-post-content\">\n<p class=\"postParagraph_post-paragraph__juWZN postParagraph_post-paragraph-innerHtml__Q5vwc\">Jos\u00e9 Eug\u00eanio Dias Toffoli, irm\u00e3o do ministro Dias Toffoli, do Supremo Tribunal Federal (DTF), confirmou nesta quinta (22) que a empresa Maridt Participa\u00e7\u00f5es, de sua fam\u00edlia, j\u00e1 n\u00e3o tem mais qualquer v\u00ednculo com o resort de luxo Tayay\u00e1, localizado em Ribeir\u00e3o Claro (PR). Segundo ele, a participa\u00e7\u00e3o societ\u00e1ria foi totalmente vendida e encerrada em fevereiro de 2025, afastando qualquer rela\u00e7\u00e3o atual com o empreendimento.<\/p>\n<p class=\"postParagraph_post-paragraph__juWZN postParagraph_post-paragraph-innerHtml__Q5vwc\">De acordo com o pr\u00f3prio Jos\u00e9 Eug\u00eanio, a Maridt chegou a deter cerca de um ter\u00e7o das cotas do resort, mas a sa\u00edda ocorreu em duas etapas, iniciadas ainda em 2021. Em nota oficial, ele afirmou que \u201ca Maridt, empresa com sede em Mar\u00edlia\/SP, esclarece que n\u00e3o integra atualmente o Grupo Tayay\u00e1\u201d e que a participa\u00e7\u00e3o foi encerrada com a venda parcial ao Fundo Arllen, em setembro de 2021, e a aliena\u00e7\u00e3o do restante \u00e0 PHD Holding, em fevereiro de 2025.<\/p>\n<p class=\"postParagraph_post-paragraph__juWZN postParagraph_post-paragraph-innerHtml__Q5vwc\">\u201cA participa\u00e7\u00e3o anteriormente existente foi integralmente encerrada por meio de duas opera\u00e7\u00f5es sucessivas, sendo a primeira a venda de parte da participa\u00e7\u00e3o ao Fundo Arleen, em 27 de setembro de 2021, e a segunda a aliena\u00e7\u00e3o do saldo \u00e0 empresa PHD Holding, em 21 de fevereiro de 2025\u201d, afirmou (veja na \u00edntegra mais abaixo).<\/p>\n<div class=\"postViewMore_post-view-more-container___5wai\" data-mrf-recirculation=\"Post - Veja tamb\u00e9m\">\n<p class=\"gp-styles-module-size-small-afeYRa gp-styles-module-font-family2-afeYRa gp-styles-module-color-secondary-afeYRa gp-styles-module-weight-bold-afeYRa\">VEJA TAMB\u00c9M:<\/p>\n<ul class=\"postViewMore_post-view-more-list__CU_CE\">\n<li class=\"postViewMore_post-view-more-item__2MzRb\">\n<div class=\"postViewMore_post-view-more-image__5gUSe\"><picture class=\"imageDefault_image-container__XGd8_\"><\/picture><\/div>\n<p>Sem Rodeios: caso Toffoli escancara jogo de poder em Bras\u00edlia<\/li>\n<\/ul>\n<\/div>\n<p class=\"postParagraph_post-paragraph__juWZN postParagraph_post-paragraph-innerHtml__Q5vwc\">No comunicado, Jos\u00e9 Eug\u00eanio ressalta que todas as opera\u00e7\u00f5es foram legais e devidamente informadas aos \u00f3rg\u00e3os competentes. Segundo a nota, \u201ctodos os atos e informa\u00e7\u00f5es financeiras da Maridt est\u00e3o devidamente declarados \u00e0 Receita Federal do Brasil, conforme exigido pela legisla\u00e7\u00e3o\u201d, refor\u00e7ando que n\u00e3o h\u00e1 irregularidades na condu\u00e7\u00e3o do neg\u00f3cio.<\/p>\n<p class=\"postParagraph_post-paragraph__juWZN postParagraph_post-paragraph-innerHtml__Q5vwc\">A nota assinada por ele sobre a Maridt foi divulgada horas depois de o <em>Estad\u00e3o <\/em>publicar uma apura\u00e7\u00e3o em que sua esposa nega qualquer participa\u00e7\u00e3o acion\u00e1ria no resort Tayay\u00e1, inclusive mostrando a casa simples no interior paulista que \u00e9 apontada como sede da empresa.<\/p>\n<p class=\"postParagraph_post-paragraph__juWZN postParagraph_post-paragraph-innerHtml__Q5vwc\">O resort Tayay\u00e1 foi al\u00e7ado \u00e0s manchetes ap\u00f3s a revela\u00e7\u00e3o de que teve irm\u00e3os e um primo do ministro Dias Toffoli como s\u00f3cios, mas tamb\u00e9m a participa\u00e7\u00e3o de fundos de investimentos ligados ao Banco Master, envolto em uma investiga\u00e7\u00e3o de crimes financeiros. O empreendimento passou a ter novo controlador no fim de 2025, quando foi assumido por Paulo Humberto Costa, advogado goiano que atua para a JBS, processadora de alimentos da J&amp;F Holdings, dos irm\u00e3os Joesley e Wesley Batista.<\/p>\n<p class=\"postParagraph_post-paragraph__juWZN postParagraph_post-paragraph-innerHtml__Q5vwc\">De acordo com uma apura\u00e7\u00e3o da <em>Folha de S.Paulo<\/em>, o Arleen Fundo de Investimentos teve participa\u00e7\u00e3o relevante no resort Tayay\u00e1 at\u00e9 2025 e tamb\u00e9m realizou aportes em uma incorporadora que tinha um primo de Toffoli como s\u00f3cio. O fundo tamb\u00e9m foi cotista de uma aplica\u00e7\u00e3o que recebeu recursos de estruturas apontadas pelo Banco Central como parte da suposta rede de fraudes envolvendo o banco controlado por Daniel Vorcaro.<\/p>\n<p class=\"postParagraph_post-paragraph__juWZN postParagraph_post-paragraph-innerHtml__Q5vwc\">O portal <em>Metr\u00f3poles <\/em>revelou que o resort operaria um cassino com m\u00e1quinas ca\u00e7a-n\u00edqueis e mesas de p\u00f4quer, sendo chamado por funcion\u00e1rios de \u201co resort do Toffoli\u201d, apesar de a fam\u00edlia do ministro n\u00e3o constar mais formalmente como propriet\u00e1ria. Em fevereiro de 2025, a empresa ligada aos parentes de Toffoli vendeu integralmente a participa\u00e7\u00e3o no empreendimento por cerca de R$ 3,5 milh\u00f5es.<\/p>\n<p class=\"postParagraph_post-paragraph__juWZN postParagraph_post-paragraph-innerHtml__Q5vwc\">J\u00e1 Toffoli passou a figurar como centro das aten\u00e7\u00f5es e liga\u00e7\u00e3o com o resort ap\u00f3s puxar para seu gabinete toda a investiga\u00e7\u00e3o da Pol\u00edcia Federal sobre o Banco Master, impondo um sigilo rigoroso nos autos. H\u00e1 a suspeita de conflito de interesses, j\u00e1 que ele viajou para Lima, no Peru, no ano passado, a convite de um empres\u00e1rio e na companhia de um advogado que defende um dos alvos da autoridade.<\/p>\n<p class=\"postParagraph_post-paragraph__juWZN postParagraph_post-paragraph-innerHtml__Q5vwc\">Veja abaixo a nota de <strong>Jos\u00e9 Eug\u00eanio Dias Toffoli<\/strong> sobre a participa\u00e7\u00e3o da Maridt no resort Tayay\u00e1:<\/p>\n<p class=\"postParagraph_post-paragraph__juWZN postParagraph_post-paragraph-innerHtml__Q5vwc\"><em>A Maridt, empresa com sede em Mar\u00edlia\/SP, esclarece que n\u00e3o integra atualmente o Grupo Tayay\u00e1, sediado em Ribeir\u00e3o Claro, Estado do Paran\u00e1. A participa\u00e7\u00e3o anteriormente existente foi integralmente encerrada por meio de duas opera\u00e7\u00f5es sucessivas, sendo a primeira a venda de parte da participa\u00e7\u00e3o ao Fundo Arllen, em 27 de setembro de 2021, e a segunda a aliena\u00e7\u00e3o do saldo \u00e0 empresa PHD Holding, em 21 de fevereiro de 2025.<\/em><\/p>\n<p class=\"postParagraph_post-paragraph__juWZN postParagraph_post-paragraph-innerHtml__Q5vwc\"><em>Todos os atos e informa\u00e7\u00f5es financeiras da Maridt est\u00e3o devidamente declarados \u00e0 Receita Federal do Brasil, conforme exigido pela legisla\u00e7\u00e3o.<\/em><\/p>\n<p class=\"postParagraph_post-paragraph__juWZN postParagraph_post-paragraph-innerHtml__Q5vwc\"><em>Mar\u00edlia, 22 de janeiro de 2026.<br \/>JOS\u00c9 EUG\u00caNIO DIAS TOFFOLI <br \/>Administrador<\/em><\/p>\n<\/div>\n<p><br \/>\n<br \/>Fonte: <a href=\"https:\/\/www.gazetadopovo.com.br\/economia\/irmao-toffoli-confirma-empresam-seu-nome-socia-resort-pr\/\">Gazeta do Povo<\/a><\/p>\n","protected":false},"excerpt":{"rendered":"<p>Jos\u00e9 Eug\u00eanio Dias Toffoli, irm\u00e3o do ministro Dias Toffoli, do Supremo Tribunal Federal (DTF), confirmou nesta quinta (22) que a empresa Maridt Participa\u00e7\u00f5es, de sua fam\u00edlia, j\u00e1 n\u00e3o tem mais qualquer v\u00ednculo com o resort de luxo Tayay\u00e1, localizado em Ribeir\u00e3o Claro (PR). Segundo ele, a participa\u00e7\u00e3o societ\u00e1ria foi totalmente vendida e encerrada em fevereiro [&hellip;]<\/p>\n","protected":false},"author":5,"featured_media":59289,"comment_status":"open","ping_status":"open","sticky":false,"template":"","format":"standard","meta":{"_seopress_robots_primary_cat":"","_seopress_titles_title":"","_seopress_titles_desc":"","_seopress_robots_index":"","footnotes":""},"categories":[45],"tags":[],"class_list":["post-59288","post","type-post","status-publish","format-standard","has-post-thumbnail","hentry","category-economia"],"_links":{"self":[{"href":"https:\/\/mussicom.com\/noticias\/wp-json\/wp\/v2\/posts\/59288","targetHints":{"allow":["GET"]}}],"collection":[{"href":"https:\/\/mussicom.com\/noticias\/wp-json\/wp\/v2\/posts"}],"about":[{"href":"https:\/\/mussicom.com\/noticias\/wp-json\/wp\/v2\/types\/post"}],"author":[{"embeddable":true,"href":"https:\/\/mussicom.com\/noticias\/wp-json\/wp\/v2\/users\/5"}],"replies":[{"embeddable":true,"href":"https:\/\/mussicom.com\/noticias\/wp-json\/wp\/v2\/comments?post=59288"}],"version-history":[{"count":0,"href":"https:\/\/mussicom.com\/noticias\/wp-json\/wp\/v2\/posts\/59288\/revisions"}],"wp:featuredmedia":[{"embeddable":true,"href":"https:\/\/mussicom.com\/noticias\/wp-json\/wp\/v2\/media\/59289"}],"wp:attachment":[{"href":"https:\/\/mussicom.com\/noticias\/wp-json\/wp\/v2\/media?parent=59288"}],"wp:term":[{"taxonomy":"category","embeddable":true,"href":"https:\/\/mussicom.com\/noticias\/wp-json\/wp\/v2\/categories?post=59288"},{"taxonomy":"post_tag","embeddable":true,"href":"https:\/\/mussicom.com\/noticias\/wp-json\/wp\/v2\/tags?post=59288"}],"curies":[{"name":"wp","href":"https:\/\/api.w.org\/{rel}","templated":true}]}}