{"id":59257,"date":"2026-01-23T10:23:19","date_gmt":"2026-01-23T13:23:19","guid":{"rendered":"https:\/\/mussicom.com\/caminhada-de-nikolas-ferreira-atinge-150-dos-240-km\/"},"modified":"2026-01-23T10:23:19","modified_gmt":"2026-01-23T13:23:19","slug":"caminhada-de-nikolas-ferreira-atinge-150-dos-240-km","status":"publish","type":"post","link":"https:\/\/mussicom.com\/noticias\/caminhada-de-nikolas-ferreira-atinge-150-dos-240-km\/","title":{"rendered":"Caminhada de Nikolas Ferreira atinge 150 dos 240 km"},"content":{"rendered":"<p> <br \/>\n<\/p>\n<div id=\"tp-post-content\">\n<p class=\"postParagraph_post-paragraph__juWZN postParagraph_post-paragraph-innerHtml__Q5vwc\">A &#8220;caminhada da liberdade&#8221;, encabe\u00e7ada pelo deputado federal Nikolas Ferreira (PL-MG), atingiu, nesta sexta-feira (23), a marca de 150 km percorridos em seu quinto dia. O percurso, da cidade de Paracatu (MG) at\u00e9 Bras\u00edlia, tem 240 km e ocorre pela BR-040.<\/p>\n<p class=\"postParagraph_post-paragraph__juWZN postParagraph_post-paragraph-innerHtml__Q5vwc\">O marco foi revelado em v\u00eddeo pelo deputado federal Carlos Jordy (PL-RJ). &#8220;Acabamos de bater 150 quil\u00f4metros, desde o ponto de in\u00edcio at\u00e9 esse momento. Falta um pouquinho mais, mas estamos mais pr\u00f3ximos do que antes e vamos seguir em frente. Hoje temos mais de 30 km ainda \u00e0 frente&#8221;, disse o parlamentar.<\/p>\n<div class=\"postViewMore_post-view-more-container___5wai\" data-mrf-recirculation=\"Post - Veja tamb\u00e9m\">\n<p class=\"gp-styles-module-size-small-afeYRa gp-styles-module-font-family2-afeYRa gp-styles-module-color-secondary-afeYRa gp-styles-module-weight-bold-afeYRa\">VEJA TAMB\u00c9M:<\/p>\n<ul class=\"postViewMore_post-view-more-list__CU_CE\">\n<li class=\"postViewMore_post-view-more-item__2MzRb\"><span class=\"postViewMore_post-view-more-link-icon___stPC\"><svg xmlns=\"http:\/\/www.w3.org\/2000\/svg\" width=\"16\" height=\"16\" viewbox=\"0 0 16 16\"><rect width=\"16\" height=\"16\" fill=\"none\"\/><g transform=\"translate(3 3)\"><path d=\"M22.5,15l3.4,3.4-3.4,3.4\" transform=\"translate(-15.896 -11.793)\" fill=\"none\" stroke=\"#717171\" stroke-linecap=\"round\" stroke-width=\"1.4\"\/><path d=\"M6,6v4.2a2.452,2.452,0,0,0,2.5,2.4H16\" transform=\"translate(-6 -6)\" fill=\"none\" stroke=\"#717171\" stroke-linecap=\"round\" stroke-width=\"1.4\"\/><\/g><\/svg><\/span><span class=\"postViewMore_post-view-more-link-text__hO_kM\">Caminhada convocada por Nikolas Ferreira atinge 90 km no 3\u00ba dia<\/span><\/li>\n<li class=\"postViewMore_post-view-more-item__2MzRb\"><span class=\"postViewMore_post-view-more-link-icon___stPC\"><svg xmlns=\"http:\/\/www.w3.org\/2000\/svg\" width=\"16\" height=\"16\" viewbox=\"0 0 16 16\"><rect width=\"16\" height=\"16\" fill=\"none\"\/><g transform=\"translate(3 3)\"><path d=\"M22.5,15l3.4,3.4-3.4,3.4\" transform=\"translate(-15.896 -11.793)\" fill=\"none\" stroke=\"#717171\" stroke-linecap=\"round\" stroke-width=\"1.4\"\/><path d=\"M6,6v4.2a2.452,2.452,0,0,0,2.5,2.4H16\" transform=\"translate(-6 -6)\" fill=\"none\" stroke=\"#717171\" stroke-linecap=\"round\" stroke-width=\"1.4\"\/><\/g><\/svg><\/span><span class=\"postViewMore_post-view-more-link-text__hO_kM\">PRF diz que Nikolas n\u00e3o comunicou sobre caminhada; deputado nega<\/span><\/li>\n<\/ul>\n<\/div>\n<h2 class=\"postParagraph_post-paragraph__juWZN postParagraph_post-paragraph-innerHtml__Q5vwc postParagraph_type-tag-h2__TtFkT\">Aos 90 km, Nikolas fez homenagem a Bolsonaro<\/h2>\n<p class=\"postParagraph_post-paragraph__juWZN postParagraph_post-paragraph-innerHtml__Q5vwc\">Nesta quarta-feira (22), terceiro dia de caminhada, o grupo atingiu os 90 km. Na ocasi\u00e3o, Nikolas gravou um v\u00eddeo mencionando o ex-presidente Jair Bolsonaro (PL) e os r\u00e9us dos atos de 8 de janeiro em Bras\u00edlia: &#8220;A gente sabe que um golpe precisa ter outros demais elementos, n\u00e3o teve nenhuma arma. As pessoas cometeram a depreda\u00e7\u00e3o de patrim\u00f4nio p\u00fablico, que \u00e9 um crime com uma pena at\u00e9 de tr\u00eas anos. E o Bolsonaro, \u00e9 uma pena maior do que pessoas comandantes de crime organizado. Ent\u00e3o, tamb\u00e9m \u00e9 por voc\u00eas. Jair Bolsonaro, n\u00f3s estamos aqui.&#8221;<\/p>\n<p class=\"postParagraph_post-paragraph__juWZN postParagraph_post-paragraph-innerHtml__Q5vwc\">A Pol\u00edcia Rodovi\u00e1ria Federal (PRF) disse que n\u00e3o foi informada com anteced\u00eancia do ato, para que pudesse garantir a seguran\u00e7a dos manifestantes diante dos \u00a0&#8220;riscos inerentes ao fluxo extraordin\u00e1rio na via&#8221;. O deputado, no entanto, alega que enviou of\u00edcios ao \u00f3rg\u00e3o e \u00e0 Ag\u00eancia Nacional de Transportes Terrestres (ANTT), tendo recebido confirma\u00e7\u00e3o do recebimento.<\/p>\n<p class=\"postParagraph_post-paragraph__juWZN postParagraph_post-paragraph-innerHtml__Q5vwc\">A chegada est\u00e1 prevista para o meio-dia deste domingo (25), ocasi\u00e3o em que ser\u00e1 realizada uma manifesta\u00e7\u00e3o de encerramento na Pra\u00e7a do Cruzeiro, em solidariedade a Bolsonaro e contra as decis\u00f5es do ministro do Supremo Tribunal Federal (STF) Alexandre de Moraes.<\/p>\n<\/div>\n<p><br \/>\n<br \/>Fonte: <a href=\"https:\/\/www.gazetadopovo.com.br\/republica\/caminhada-de-nikolas-atinge-150-dos-240-km\/\">Revista Oeste<\/a><\/p>\n","protected":false},"excerpt":{"rendered":"<p>A &#8220;caminhada da liberdade&#8221;, encabe\u00e7ada pelo deputado federal Nikolas Ferreira (PL-MG), atingiu, nesta sexta-feira (23), a marca de 150 km percorridos em seu quinto dia. O percurso, da cidade de Paracatu (MG) at\u00e9 Bras\u00edlia, tem 240 km e ocorre pela BR-040. O marco foi revelado em v\u00eddeo pelo deputado federal Carlos Jordy (PL-RJ). &#8220;Acabamos de [&hellip;]<\/p>\n","protected":false},"author":5,"featured_media":59258,"comment_status":"open","ping_status":"open","sticky":false,"template":"","format":"standard","meta":{"_seopress_robots_primary_cat":"","_seopress_titles_title":"","_seopress_titles_desc":"","_seopress_robots_index":"","footnotes":""},"categories":[1],"tags":[],"class_list":["post-59257","post","type-post","status-publish","format-standard","has-post-thumbnail","hentry","category-ultimas-noticias"],"_links":{"self":[{"href":"https:\/\/mussicom.com\/noticias\/wp-json\/wp\/v2\/posts\/59257","targetHints":{"allow":["GET"]}}],"collection":[{"href":"https:\/\/mussicom.com\/noticias\/wp-json\/wp\/v2\/posts"}],"about":[{"href":"https:\/\/mussicom.com\/noticias\/wp-json\/wp\/v2\/types\/post"}],"author":[{"embeddable":true,"href":"https:\/\/mussicom.com\/noticias\/wp-json\/wp\/v2\/users\/5"}],"replies":[{"embeddable":true,"href":"https:\/\/mussicom.com\/noticias\/wp-json\/wp\/v2\/comments?post=59257"}],"version-history":[{"count":0,"href":"https:\/\/mussicom.com\/noticias\/wp-json\/wp\/v2\/posts\/59257\/revisions"}],"wp:featuredmedia":[{"embeddable":true,"href":"https:\/\/mussicom.com\/noticias\/wp-json\/wp\/v2\/media\/59258"}],"wp:attachment":[{"href":"https:\/\/mussicom.com\/noticias\/wp-json\/wp\/v2\/media?parent=59257"}],"wp:term":[{"taxonomy":"category","embeddable":true,"href":"https:\/\/mussicom.com\/noticias\/wp-json\/wp\/v2\/categories?post=59257"},{"taxonomy":"post_tag","embeddable":true,"href":"https:\/\/mussicom.com\/noticias\/wp-json\/wp\/v2\/tags?post=59257"}],"curies":[{"name":"wp","href":"https:\/\/api.w.org\/{rel}","templated":true}]}}