{"id":59182,"date":"2026-01-22T22:14:39","date_gmt":"2026-01-23T01:14:39","guid":{"rendered":"https:\/\/mussicom.com\/manifestacao-diante-do-master-grita-fora-toffoli-e-pede-delacao\/"},"modified":"2026-01-22T22:14:39","modified_gmt":"2026-01-23T01:14:39","slug":"manifestacao-diante-do-master-grita-fora-toffoli-e-pede-delacao","status":"publish","type":"post","link":"https:\/\/mussicom.com\/noticias\/manifestacao-diante-do-master-grita-fora-toffoli-e-pede-delacao\/","title":{"rendered":"Manifesta\u00e7\u00e3o diante do Master grita Fora, Toffoli e pede dela\u00e7\u00e3o"},"content":{"rendered":"<p> <br \/>\n<\/p>\n<div id=\"tp-post-content\">\n<p class=\"postParagraph_post-paragraph__juWZN postParagraph_post-paragraph-innerHtml__Q5vwc\">Centenas de manifestantes se reuniram no in\u00edcio da noite desta quinta-feira (22) diante do edif\u00edcio-sede do banco Master, em S\u00e3o Paulo. Eles pediram a sa\u00edda do ministro do Supremo Dias Toffoli do caso e uma dela\u00e7\u00e3o premiada do banqueiro Daniel Vorcaro.<\/p>\n<p class=\"postParagraph_post-paragraph__juWZN postParagraph_post-paragraph-innerHtml__Q5vwc\">O protesto foi organizado pelo Movimento Brasil Livre (MBL) e convocado pelas suas lideran\u00e7as nas redes sociais. Segundo organizadores, o movimento pressiona por mais transpar\u00eancia nas investiga\u00e7\u00f5es do esc\u00e2ndalo financeiro.<\/p>\n<div class=\"postViewMore_post-view-more-container___5wai\" data-mrf-recirculation=\"Post - Veja tamb\u00e9m\">\n<p class=\"gp-styles-module-size-small-afeYRa gp-styles-module-font-family2-afeYRa gp-styles-module-color-secondary-afeYRa gp-styles-module-weight-bold-afeYRa\">VEJA TAMB\u00c9M:<\/p>\n<ul class=\"postViewMore_post-view-more-list__CU_CE\">\n<li class=\"postViewMore_post-view-more-item__2MzRb\">\n<div class=\"postViewMore_post-view-more-image__5gUSe\"><picture class=\"imageDefault_image-container__XGd8_\"><\/picture><\/div>\n<p>Fachin defende Toffoli e diz que STF n\u00e3o se curva a amea\u00e7as em meio \u00e0 crise do caso Master<\/li>\n<li class=\"postViewMore_post-view-more-item__2MzRb\">\n<div class=\"postViewMore_post-view-more-image__5gUSe\"><picture class=\"imageDefault_image-container__XGd8_\"><img decoding=\"async\" class=\"imageDefault_image-item__lU2Dk\" src=\"https:\/\/media.gazetadopovo.com.br\/2026\/01\/21091803\/toffoli-2-380x214.jpg.webp\" alt=\"\" width=\"72\" height=\"72\"\/><\/picture><\/div>\n<p>Toffoli constrange o pa\u00eds<\/li>\n<\/ul>\n<\/div>\n<p class=\"postParagraph_post-paragraph__juWZN postParagraph_post-paragraph-innerHtml__Q5vwc\">A Pol\u00edcia Militar acompanhou o protesto, que at\u00e9 o momento desta publica\u00e7\u00e3o n\u00e3o registrou incidentes. As palavras de ordem dos manifestantes se concentraram na figura do dono do banco, Daniel Vorcaro, e na do ministro Dias Toffoli.<\/p>\n<p class=\"postParagraph_post-paragraph__juWZN postParagraph_post-paragraph-innerHtml__Q5vwc\">Nesta quinta,a Procuradoria-Geral da Rep\u00fablica arquivou a representa\u00e7\u00e3o apresentada pela oposi\u00e7\u00e3o ao governo que pedia o afastamento do ministro Dias Toffoli, do Supremo Tribunal Federal (STF), da relatoria do inqu\u00e9rito que investiga o Banco Master.<\/p>\n<\/div>\n<p><br \/>\n<br \/>Fonte: <a href=\"https:\/\/www.gazetadopovo.com.br\/economia\/manifestacao-diante-do-master-grita-foratoffoli-e-pede-delacao-de-vorcaro-em-sp\/\">Gazeta do Povo<\/a><\/p>\n","protected":false},"excerpt":{"rendered":"<p>Centenas de manifestantes se reuniram no in\u00edcio da noite desta quinta-feira (22) diante do edif\u00edcio-sede do banco Master, em S\u00e3o Paulo. Eles pediram a sa\u00edda do ministro do Supremo Dias Toffoli do caso e uma dela\u00e7\u00e3o premiada do banqueiro Daniel Vorcaro. O protesto foi organizado pelo Movimento Brasil Livre (MBL) e convocado pelas suas lideran\u00e7as [&hellip;]<\/p>\n","protected":false},"author":5,"featured_media":59183,"comment_status":"open","ping_status":"open","sticky":false,"template":"","format":"standard","meta":{"_seopress_robots_primary_cat":"","_seopress_titles_title":"","_seopress_titles_desc":"","_seopress_robots_index":"","footnotes":""},"categories":[45],"tags":[],"class_list":["post-59182","post","type-post","status-publish","format-standard","has-post-thumbnail","hentry","category-economia"],"_links":{"self":[{"href":"https:\/\/mussicom.com\/noticias\/wp-json\/wp\/v2\/posts\/59182","targetHints":{"allow":["GET"]}}],"collection":[{"href":"https:\/\/mussicom.com\/noticias\/wp-json\/wp\/v2\/posts"}],"about":[{"href":"https:\/\/mussicom.com\/noticias\/wp-json\/wp\/v2\/types\/post"}],"author":[{"embeddable":true,"href":"https:\/\/mussicom.com\/noticias\/wp-json\/wp\/v2\/users\/5"}],"replies":[{"embeddable":true,"href":"https:\/\/mussicom.com\/noticias\/wp-json\/wp\/v2\/comments?post=59182"}],"version-history":[{"count":0,"href":"https:\/\/mussicom.com\/noticias\/wp-json\/wp\/v2\/posts\/59182\/revisions"}],"wp:featuredmedia":[{"embeddable":true,"href":"https:\/\/mussicom.com\/noticias\/wp-json\/wp\/v2\/media\/59183"}],"wp:attachment":[{"href":"https:\/\/mussicom.com\/noticias\/wp-json\/wp\/v2\/media?parent=59182"}],"wp:term":[{"taxonomy":"category","embeddable":true,"href":"https:\/\/mussicom.com\/noticias\/wp-json\/wp\/v2\/categories?post=59182"},{"taxonomy":"post_tag","embeddable":true,"href":"https:\/\/mussicom.com\/noticias\/wp-json\/wp\/v2\/tags?post=59182"}],"curies":[{"name":"wp","href":"https:\/\/api.w.org\/{rel}","templated":true}]}}