{"id":59147,"date":"2026-01-22T19:08:18","date_gmt":"2026-01-22T22:08:18","guid":{"rendered":"https:\/\/mussicom.com\/lula-conversa-com-autoridade-palestina-sobre-plano-de-trump-para-gaza\/"},"modified":"2026-01-22T19:08:18","modified_gmt":"2026-01-22T22:08:18","slug":"lula-conversa-com-autoridade-palestina-sobre-plano-de-trump-para-gaza","status":"publish","type":"post","link":"https:\/\/mussicom.com\/noticias\/lula-conversa-com-autoridade-palestina-sobre-plano-de-trump-para-gaza\/","title":{"rendered":"Lula conversa com autoridade palestina sobre plano de Trump para Gaza"},"content":{"rendered":"<p> <br \/>\n<\/p>\n<div id=\"tp-post-content\">\n<p class=\"postParagraph_post-paragraph__juWZN postParagraph_post-paragraph-innerHtml__Q5vwc\">O presidente Luiz In\u00e1cio Lula da Silva (PT) conversou, nesta quinta (22), com o presidente da Autoridade Nacional Palestina, Mahmoud Abbas, sobre o plano de paz proposto pelo l\u00edder dos Estados Unidos, Donald Trump, mais cedo. O petista foi convidado para fazer parte do Conselho da Paz, mas ainda n\u00e3o decidiu se o Brasil vai aderir.<\/p>\n<p class=\"postParagraph_post-paragraph__juWZN postParagraph_post-paragraph-innerHtml__Q5vwc\">Segundo o comunicado do governo brasileiro, Lula expressou satisfa\u00e7\u00e3o pelo cessar-fogo em Gaza, consultou Abbas sobre \u201cas perspectivas de reconstru\u00e7\u00e3o da regi\u00e3o\u201d e reiterou o \u201ccompromisso brasileiro com a paz no Oriente M\u00e9dio\u201d.<\/p>\n<p class=\"postParagraph_post-paragraph__juWZN postParagraph_post-paragraph-innerHtml__Q5vwc\">\u201cAmbos trocaram impress\u00f5es sobre o plano de paz em curso e acordaram continuar mantendo contato sobre o tema\u201d, seguiu o comunicado.<\/p>\n<div class=\"postViewMore_post-view-more-container___5wai\" data-mrf-recirculation=\"Post - Veja tamb\u00e9m\">\n<p class=\"gp-styles-module-size-small-afeYRa gp-styles-module-font-family2-afeYRa gp-styles-module-color-secondary-afeYRa gp-styles-module-weight-bold-afeYRa\">VEJA TAMB\u00c9M:<\/p>\n<ul class=\"postViewMore_post-view-more-list__CU_CE\">\n<li class=\"postViewMore_post-view-more-item__2MzRb\">\n<div class=\"postViewMore_post-view-more-image__5gUSe\"><picture class=\"imageDefault_image-container__XGd8_\"><\/picture><\/div>\n<p>Trump volta a destacar potencial imobili\u00e1rio de Gaza e apresenta imagens de projeto<\/li>\n<\/ul>\n<\/div>\n<p class=\"postParagraph_post-paragraph__juWZN postParagraph_post-paragraph-innerHtml__Q5vwc\">Um pouco antes, Lula tamb\u00e9m falou por telefone com o primeiro-ministro da \u00cdndia, Narendra Modi, em uma conversa que durou cerca de 45 minutos. Conforme comunicado oficial, os dois discutiram o cen\u00e1rio internacional e voltaram a defender uma reforma ampla das Na\u00e7\u00f5es Unidas e do Conselho de Seguran\u00e7a da ONU \u2013 um pleito do petista desde o in\u00edcio deste seu terceiro mandato.<\/p>\n<p class=\"postParagraph_post-paragraph__juWZN postParagraph_post-paragraph-innerHtml__Q5vwc\">Em nota, o governo informou que Lula e Modi tamb\u00e9m reafirmaram o compromisso com a paz na Faixa de Gaza e com a defesa do multilateralismo. A conversa incluiu ainda os preparativos para a visita oficial de Lula \u00e0 \u00cdndia, prevista para fevereiro.<\/p>\n<p class=\"postParagraph_post-paragraph__juWZN postParagraph_post-paragraph-innerHtml__Q5vwc\">\u201cReafirmaram sua convic\u00e7\u00e3o a respeito da necessidade de uma reforma abrangente das Na\u00e7\u00f5es Unidas e de seu Conselho de Seguran\u00e7a. Reiteraram, nesse sentido, seu compromisso com a paz em Gaza e, de modo geral, com a defesa da paz no mundo, do multilateralismo e da democracia\u201d, pontua.<\/p>\n<p class=\"postParagraph_post-paragraph__juWZN postParagraph_post-paragraph-innerHtml__Q5vwc\">Apesar do convite feito por Donald Trump, o presidente Lula ainda n\u00e3o decidiu se o Brasil participar\u00e1 do Conselho da Paz para Gaza. De acordo com fontes ligadas ao governo, diversos pontos do plano levantaram d\u00favidas, principalmente por conta da aparente falta de consulta do governo americano \u00e0 pr\u00f3pria popula\u00e7\u00e3o do territ\u00f3rio sobre o que desejam para o futuro.<\/p>\n<p class=\"postParagraph_post-paragraph__juWZN postParagraph_post-paragraph-innerHtml__Q5vwc\">Tamb\u00e9m h\u00e1 o receio de que o Conselho da Paz de Trump leve a um esvaziamento dos poderes da ONU que, embora Lula seja favor\u00e1vel \u00e0 uma reforma, ele defende que se resgate seu papel na governan\u00e7a global.<\/p>\n<\/div>\n<p><br \/>\n<br \/>Fonte: <a href=\"https:\/\/www.gazetadopovo.com.br\/republica\/lula-conversa-autoridade-palestina-plano-trump-gaza\/\">Revista Oeste<\/a><\/p>\n","protected":false},"excerpt":{"rendered":"<p>O presidente Luiz In\u00e1cio Lula da Silva (PT) conversou, nesta quinta (22), com o presidente da Autoridade Nacional Palestina, Mahmoud Abbas, sobre o plano de paz proposto pelo l\u00edder dos Estados Unidos, Donald Trump, mais cedo. O petista foi convidado para fazer parte do Conselho da Paz, mas ainda n\u00e3o decidiu se o Brasil vai [&hellip;]<\/p>\n","protected":false},"author":5,"featured_media":59148,"comment_status":"open","ping_status":"open","sticky":false,"template":"","format":"standard","meta":{"_seopress_robots_primary_cat":"","_seopress_titles_title":"","_seopress_titles_desc":"","_seopress_robots_index":"","footnotes":""},"categories":[1],"tags":[],"class_list":["post-59147","post","type-post","status-publish","format-standard","has-post-thumbnail","hentry","category-ultimas-noticias"],"_links":{"self":[{"href":"https:\/\/mussicom.com\/noticias\/wp-json\/wp\/v2\/posts\/59147","targetHints":{"allow":["GET"]}}],"collection":[{"href":"https:\/\/mussicom.com\/noticias\/wp-json\/wp\/v2\/posts"}],"about":[{"href":"https:\/\/mussicom.com\/noticias\/wp-json\/wp\/v2\/types\/post"}],"author":[{"embeddable":true,"href":"https:\/\/mussicom.com\/noticias\/wp-json\/wp\/v2\/users\/5"}],"replies":[{"embeddable":true,"href":"https:\/\/mussicom.com\/noticias\/wp-json\/wp\/v2\/comments?post=59147"}],"version-history":[{"count":0,"href":"https:\/\/mussicom.com\/noticias\/wp-json\/wp\/v2\/posts\/59147\/revisions"}],"wp:featuredmedia":[{"embeddable":true,"href":"https:\/\/mussicom.com\/noticias\/wp-json\/wp\/v2\/media\/59148"}],"wp:attachment":[{"href":"https:\/\/mussicom.com\/noticias\/wp-json\/wp\/v2\/media?parent=59147"}],"wp:term":[{"taxonomy":"category","embeddable":true,"href":"https:\/\/mussicom.com\/noticias\/wp-json\/wp\/v2\/categories?post=59147"},{"taxonomy":"post_tag","embeddable":true,"href":"https:\/\/mussicom.com\/noticias\/wp-json\/wp\/v2\/tags?post=59147"}],"curies":[{"name":"wp","href":"https:\/\/api.w.org\/{rel}","templated":true}]}}