{"id":59104,"date":"2026-01-22T15:08:29","date_gmt":"2026-01-22T18:08:29","guid":{"rendered":"https:\/\/mussicom.com\/trump-diz-que-negociacoes-visam-acesso-total-a-groenlandia\/"},"modified":"2026-01-22T15:08:29","modified_gmt":"2026-01-22T18:08:29","slug":"trump-diz-que-negociacoes-visam-acesso-total-a-groenlandia","status":"publish","type":"post","link":"https:\/\/mussicom.com\/noticias\/trump-diz-que-negociacoes-visam-acesso-total-a-groenlandia\/","title":{"rendered":"Trump diz que negocia\u00e7\u00f5es visam \u201cacesso total\u201d \u00e0 Groenl\u00e2ndia"},"content":{"rendered":"<p> <br \/>\n<\/p>\n<div id=\"tp-post-content\">\n<p class=\"postParagraph_post-paragraph__juWZN postParagraph_post-paragraph-innerHtml__Q5vwc\">O presidente dos Estados Unidos, Donald Trump, disse nesta quinta-feira (22) que o acordo que est\u00e1 negociando sobre a Groenl\u00e2ndia tem como um dos objetivos o \u201cacesso total\u201d dos americanos \u00e0 ilha, um territ\u00f3rio aut\u00f4nomo da Dinamarca.<\/p>\n<p class=\"postParagraph_post-paragraph__juWZN postParagraph_post-paragraph-innerHtml__Q5vwc\">O mandat\u00e1rio republicano falou sobre o assunto em entrevista \u00e0 Fox Business, um dia depois de ter anunciado que Washington e a Otan combinaram a \u201cestrutura\u201d de um acordo a respeito da ilha no \u00c1rtico.<\/p>\n<p class=\"postParagraph_post-paragraph__juWZN postParagraph_post-paragraph-innerHtml__Q5vwc\">\u201cTudo passa pela Groenl\u00e2ndia. Se os bandidos come\u00e7arem a atirar, passa pela Groenl\u00e2ndia\u201d, disse Trump na entrevista. \u201c\u00c9 algo de valor inestim\u00e1vel. \u00c9 incr\u00edvel. Sabe, [o ex-presidente] Ronald Reagan [1981-1989] teve essa ideia h\u00e1 muito tempo, mas n\u00e3o t\u00ednhamos a tecnologia necess\u00e1ria naquela \u00e9poca. O conceito era \u00f3timo, mas n\u00e3o havia tecnologia. Agora temos tecnologia inacredit\u00e1vel.\u201d<\/p>\n<p class=\"postParagraph_post-paragraph__juWZN postParagraph_post-paragraph-innerHtml__Q5vwc\">Trump vinha reafirmando que os Estados Unidos precisam da Groenl\u00e2ndia para objetivos de seguran\u00e7a nacional, principalmente como defesa contra a presen\u00e7a da China e da R\u00fassia no \u00c1rtico, e que a ilha \u00e9 necess\u00e1ria para o projeto de defesa Domo Dourado, um escudo antim\u00edsseis inspirado no Domo de Ferro de Israel.<\/p>\n<p class=\"postParagraph_post-paragraph__juWZN postParagraph_post-paragraph-innerHtml__Q5vwc\">Perguntado pela Fox Business se o \u201cacesso total\u201d exigiria a compra da Groenl\u00e2ndia, como Trump vinha falando antes do an\u00fancio de quarta-feira (21), o presidente americano desconversou.<\/p>\n<p class=\"postParagraph_post-paragraph__juWZN postParagraph_post-paragraph-innerHtml__Q5vwc\">\u201cBem, estamos falando sobre isso, os detalhes est\u00e3o sendo negociados agora, mas essencialmente \u00e9 acesso total. N\u00e3o tem fim, n\u00e3o tem prazo [o acordo]\u201d, respondeu Trump.<\/p>\n<p class=\"postParagraph_post-paragraph__juWZN postParagraph_post-paragraph-innerHtml__Q5vwc\">Segundo informa\u00e7\u00f5es da imprensa internacional, a estrutura mencionada ontem pelo presidente americano envolveria a concess\u00e3o da soberania de \u00e1reas da Groenl\u00e2ndia para que os EUA construam bases militares e supervis\u00e3o por Washington de investimentos estrat\u00e9gicos na ilha, para que chineses e russos n\u00e3o estabele\u00e7am um \u201cponto de apoio\u201d no territ\u00f3rio.<\/p>\n<p class=\"postParagraph_post-paragraph__juWZN postParagraph_post-paragraph-innerHtml__Q5vwc\">Por\u00e9m, nesta quinta-feira, a primeira-ministra da Dinamarca, Mette Frederiksen, disse que o pa\u00eds pode negociar \u201ctudo em termos pol\u00edticos: seguran\u00e7a, investimentos, economia\u201d, mas n\u00e3o sua \u201csoberania\u201d.<\/p>\n<p class=\"postParagraph_post-paragraph__juWZN postParagraph_post-paragraph-innerHtml__Q5vwc\">No an\u00fancio sobre o acordo, Trump disse que as tarifas que seriam impostas a partir de fevereiro a importa\u00e7\u00f5es de oito pa\u00edses europeus que se op\u00f5em \u00e0 anexa\u00e7\u00e3o americana da Groenl\u00e2ndia, incluindo a Dinamarca, foram suspensas.<\/p>\n<\/div>\n<p><br \/>\n<br \/>Fonte: <a href=\"https:\/\/www.gazetadopovo.com.br\/mundo\/trump-diz-negociacoes-visam-acesso-total-eua-groenlandia\/\">Revista Oeste<\/a><\/p>\n","protected":false},"excerpt":{"rendered":"<p>O presidente dos Estados Unidos, Donald Trump, disse nesta quinta-feira (22) que o acordo que est\u00e1 negociando sobre a Groenl\u00e2ndia tem como um dos objetivos o \u201cacesso total\u201d dos americanos \u00e0 ilha, um territ\u00f3rio aut\u00f4nomo da Dinamarca. O mandat\u00e1rio republicano falou sobre o assunto em entrevista \u00e0 Fox Business, um dia depois de ter anunciado [&hellip;]<\/p>\n","protected":false},"author":5,"featured_media":59105,"comment_status":"open","ping_status":"open","sticky":false,"template":"","format":"standard","meta":{"_seopress_robots_primary_cat":"","_seopress_titles_title":"","_seopress_titles_desc":"","_seopress_robots_index":"","footnotes":""},"categories":[48],"tags":[],"class_list":["post-59104","post","type-post","status-publish","format-standard","has-post-thumbnail","hentry","category-internacional"],"_links":{"self":[{"href":"https:\/\/mussicom.com\/noticias\/wp-json\/wp\/v2\/posts\/59104","targetHints":{"allow":["GET"]}}],"collection":[{"href":"https:\/\/mussicom.com\/noticias\/wp-json\/wp\/v2\/posts"}],"about":[{"href":"https:\/\/mussicom.com\/noticias\/wp-json\/wp\/v2\/types\/post"}],"author":[{"embeddable":true,"href":"https:\/\/mussicom.com\/noticias\/wp-json\/wp\/v2\/users\/5"}],"replies":[{"embeddable":true,"href":"https:\/\/mussicom.com\/noticias\/wp-json\/wp\/v2\/comments?post=59104"}],"version-history":[{"count":0,"href":"https:\/\/mussicom.com\/noticias\/wp-json\/wp\/v2\/posts\/59104\/revisions"}],"wp:featuredmedia":[{"embeddable":true,"href":"https:\/\/mussicom.com\/noticias\/wp-json\/wp\/v2\/media\/59105"}],"wp:attachment":[{"href":"https:\/\/mussicom.com\/noticias\/wp-json\/wp\/v2\/media?parent=59104"}],"wp:term":[{"taxonomy":"category","embeddable":true,"href":"https:\/\/mussicom.com\/noticias\/wp-json\/wp\/v2\/categories?post=59104"},{"taxonomy":"post_tag","embeddable":true,"href":"https:\/\/mussicom.com\/noticias\/wp-json\/wp\/v2\/tags?post=59104"}],"curies":[{"name":"wp","href":"https:\/\/api.w.org\/{rel}","templated":true}]}}