{"id":59078,"date":"2026-01-22T13:02:29","date_gmt":"2026-01-22T16:02:29","guid":{"rendered":"https:\/\/mussicom.com\/regime-da-venezuela-liberta-genro-de-lider-opositor\/"},"modified":"2026-01-22T13:02:29","modified_gmt":"2026-01-22T16:02:29","slug":"regime-da-venezuela-liberta-genro-de-lider-opositor","status":"publish","type":"post","link":"https:\/\/mussicom.com\/noticias\/regime-da-venezuela-liberta-genro-de-lider-opositor\/","title":{"rendered":"Regime da Venezuela liberta genro de l\u00edder opositor"},"content":{"rendered":"<p> <br \/>\n<\/p>\n<div id=\"tp-post-content\">\n<p class=\"postParagraph_post-paragraph__juWZN postParagraph_post-paragraph-innerHtml__Q5vwc\">O regime interino da Venezuela libertou Rafael Tudares Bracho, genro do l\u00edder opositor Edmundo Gonz\u00e1lez, segundo informou nesta quinta-feira (22) a esposa do pr\u00f3prio Tudares em seu perfil na rede social X.<\/p>\n<p class=\"postParagraph_post-paragraph__juWZN postParagraph_post-paragraph-innerHtml__Q5vwc\">&#8220;Cumpro o dever de informar que, ap\u00f3s 380 dias de uma injusta deten\u00e7\u00e3o arbitr\u00e1ria e de ter sofrido, por mais de um ano, uma situa\u00e7\u00e3o desumana de desaparecimento for\u00e7ado, meu marido Rafael Tudares Bracho voltou para casa nesta madrugada&#8221;, explicou Mariana Gonz\u00e1lez de Tudares.<\/p>\n<p class=\"postParagraph_post-paragraph__juWZN postParagraph_post-paragraph-innerHtml__Q5vwc\">Tudares foi detido no dia 7 de janeiro de 2025 \u2013 tr\u00eas dias antes da posse de Nicol\u00e1s Maduro para um terceiro mandato consecutivo de seis anos \u2013, quando tamb\u00e9m foram presos o defensor de direitos humanos Carlos Correa e o ex-candidato presidencial opositor Enrique M\u00e1rquez, estes dois \u00faltimos j\u00e1 libertados.<\/p>\n<p class=\"postParagraph_post-paragraph__juWZN postParagraph_post-paragraph-innerHtml__Q5vwc\">Desde que os EUA capturaram o ditador da Venezuela para julg\u00e1-lo por crimes relacionados ao narcoterrorismo e a lideran\u00e7a do pa\u00eds foi transferida para a n\u00famero dois da ditadura, Delcy Rodr\u00edguez, o regime venezuelano vem libertando gradualmente parte das centenas de presos pol\u00edticos que mant\u00e9m nas pris\u00f5es do pa\u00eds.<\/p>\n<p class=\"postParagraph_post-paragraph__juWZN postParagraph_post-paragraph-innerHtml__Q5vwc\">&#8220;Foi uma luta \u00e1rdua e muito dura por mais de um ano, na qual finalmente conseguimos a soltura de Rafael, e aspiramos, mais cedo ou mais tarde, \u00e0 sua liberdade plena, \u00e0 qual tem direito&#8221;, acrescentou sua esposa.<\/p>\n<p class=\"postParagraph_post-paragraph__juWZN postParagraph_post-paragraph-innerHtml__Q5vwc\">Ela tamb\u00e9m agradeceu &#8220;muito especialmente a todas e cada uma das pessoas que me apoiaram humanamente na luta por sua liberdade&#8221; e \u00e0 &#8220;equipe do Escrit\u00f3rio do Alto Comissariado das Na\u00e7\u00f5es Unidas para os Direitos Humanos, com sede no Panam\u00e1, que  fez o acompanhamento do caso, no contexto de suas compet\u00eancias humanit\u00e1rias&#8221;.<\/p>\n<p class=\"postParagraph_post-paragraph__juWZN postParagraph_post-paragraph-innerHtml__Q5vwc\">Lembrou igualmente &#8220;de todos os familiares das v\u00edtimas de desaparecimentos for\u00e7ados, deten\u00e7\u00f5es arbitr\u00e1rias e presos injustamente, que ainda esperam a liberdade de seus entes queridos. Toda a minha solidariedade e apoio&#8221;.<\/p>\n<p class=\"postParagraph_post-paragraph__juWZN postParagraph_post-paragraph-innerHtml__Q5vwc\">Tudares \u00e9 genro de Edmundo Gonz\u00e1lez, atualmente exilado na Espanha e que em 2024 foi escolhido como o candidato unit\u00e1rio da oposi\u00e7\u00e3o (Plataforma Unit\u00e1ria Democr\u00e1tica) \u00e0 presid\u00eancia da Venezuela.<\/p>\n<p class=\"postParagraph_post-paragraph__juWZN postParagraph_post-paragraph-innerHtml__Q5vwc\">Gonz\u00e1lez foi reconhecido por grande parte da comunidade internacional como vencedor das elei\u00e7\u00f5es presidenciais de julho de 2024, algo que foi rejeitado por Maduro, que se proclamou vencedor daquele pleito.<\/p>\n<\/div>\n<p><br \/>\n<br \/>Fonte: <a href=\"https:\/\/www.gazetadopovo.com.br\/mundo\/regime-venezuela-liberta-genro-lider-opositor-edmundo-gonzalez\/\">Revista Oeste<\/a><\/p>\n","protected":false},"excerpt":{"rendered":"<p>O regime interino da Venezuela libertou Rafael Tudares Bracho, genro do l\u00edder opositor Edmundo Gonz\u00e1lez, segundo informou nesta quinta-feira (22) a esposa do pr\u00f3prio Tudares em seu perfil na rede social X. &#8220;Cumpro o dever de informar que, ap\u00f3s 380 dias de uma injusta deten\u00e7\u00e3o arbitr\u00e1ria e de ter sofrido, por mais de um ano, [&hellip;]<\/p>\n","protected":false},"author":5,"featured_media":59079,"comment_status":"open","ping_status":"open","sticky":false,"template":"","format":"standard","meta":{"_seopress_robots_primary_cat":"","_seopress_titles_title":"","_seopress_titles_desc":"","_seopress_robots_index":"","footnotes":""},"categories":[1],"tags":[],"class_list":["post-59078","post","type-post","status-publish","format-standard","has-post-thumbnail","hentry","category-ultimas-noticias"],"_links":{"self":[{"href":"https:\/\/mussicom.com\/noticias\/wp-json\/wp\/v2\/posts\/59078","targetHints":{"allow":["GET"]}}],"collection":[{"href":"https:\/\/mussicom.com\/noticias\/wp-json\/wp\/v2\/posts"}],"about":[{"href":"https:\/\/mussicom.com\/noticias\/wp-json\/wp\/v2\/types\/post"}],"author":[{"embeddable":true,"href":"https:\/\/mussicom.com\/noticias\/wp-json\/wp\/v2\/users\/5"}],"replies":[{"embeddable":true,"href":"https:\/\/mussicom.com\/noticias\/wp-json\/wp\/v2\/comments?post=59078"}],"version-history":[{"count":0,"href":"https:\/\/mussicom.com\/noticias\/wp-json\/wp\/v2\/posts\/59078\/revisions"}],"wp:featuredmedia":[{"embeddable":true,"href":"https:\/\/mussicom.com\/noticias\/wp-json\/wp\/v2\/media\/59079"}],"wp:attachment":[{"href":"https:\/\/mussicom.com\/noticias\/wp-json\/wp\/v2\/media?parent=59078"}],"wp:term":[{"taxonomy":"category","embeddable":true,"href":"https:\/\/mussicom.com\/noticias\/wp-json\/wp\/v2\/categories?post=59078"},{"taxonomy":"post_tag","embeddable":true,"href":"https:\/\/mussicom.com\/noticias\/wp-json\/wp\/v2\/tags?post=59078"}],"curies":[{"name":"wp","href":"https:\/\/api.w.org\/{rel}","templated":true}]}}