{"id":59022,"date":"2026-01-22T01:01:44","date_gmt":"2026-01-22T04:01:44","guid":{"rendered":"https:\/\/mussicom.com\/aprovacao-de-kayo-amado-despenca-em-sao-vicente-e-reprovacao-supera-46-aponta-badra\/"},"modified":"2026-01-22T01:01:44","modified_gmt":"2026-01-22T04:01:44","slug":"aprovacao-de-kayo-amado-despenca-em-sao-vicente-e-reprovacao-supera-46-aponta-badra","status":"publish","type":"post","link":"https:\/\/mussicom.com\/noticias\/aprovacao-de-kayo-amado-despenca-em-sao-vicente-e-reprovacao-supera-46-aponta-badra\/","title":{"rendered":"Aprova\u00e7\u00e3o de Kayo Amado despenca em S\u00e3o Vicente e reprova\u00e7\u00e3o supera 46%, aponta Badra"},"content":{"rendered":"<p> <br \/>\n<\/p>\n<div id=\"texto\">\n<p>Um ano depois de eleito com expectativa alta e capital pol\u00edtico em m\u00e3os, o prefeito de S\u00e3o Vicente, Kayo Amado, chega ao fechamento de 2025 enfrentando um dado que, em pol\u00edtica, costuma falar mais alto do que qualquer discurso: a mudan\u00e7a de temperatura nas ruas. \u00c9 isso o que revela o caderno de dezembro da s\u00e9rie \u201cAvalia\u00e7\u00e3o de Governo 2025\u201d, do Instituto Badra, que ouviu 1.060 moradores-eleitores no munic\u00edpio no dia 3 de dezembro, em entrevistas presenciais, com margem de erro de tr\u00eas pontos percentuais e intervalo de confian\u00e7a de 95%.<\/p>\n<p>\u00a0<\/p>\n<p>A fotografia do momento coloca o governo municipal sob press\u00e3o, uma vez que \u00a034,3% aprovam a forma de Kayo Amado governar, contra 46,1% que reprovam, enquanto 19,6% dizem n\u00e3o saber opinar. \u00c9 um desenho em que a desaprova\u00e7\u00e3o n\u00e3o apenas lidera, ela se imp\u00f5e com folga, num munic\u00edpio onde a pol\u00edtica local sempre foi marcada por disputas duras, altern\u00e2ncias de poder e um eleitor que costuma cobrar resultado com impaci\u00eancia, sobretudo quando o cotidiano aperta: \u00f4nibus lotado, posto de sa\u00fade cheio, escola com estrutura prec\u00e1ria e o centro pedindo mais cuidado.<\/p>\n<p>\u00a0<\/p>\n<p>E \u00e9 justamente no gr\u00e1fico que mede a evolu\u00e7\u00e3o do desempenho, a pe\u00e7a central desta rodada, que a pesquisa encontra seu principal achado narrativo, ou seja, o que era \u201clua de mel\u201d virou cobran\u00e7a. No levantamento, a Badra registra que Kayo Amado foi eleito em outubro de 2024 com 87,6% de percep\u00e7\u00e3o positiva; depois, aos 100 dias, em abril de 2025, o \u00edndice cai para 64,5%, desce mais um pouco em agosto (8 meses) &#8211; para 58,1%, e despenca novamente em dezembro (1 ano) para 34,3%.<\/p>\n<p>\u00a0<\/p>\n<p style=\"text-align:center\"><\/p>\n<p>\u00a0<\/p>\n<p>A curva, por si, conta uma hist\u00f3ria que indica que a gest\u00e3o at\u00e9 ensaiou recupera\u00e7\u00e3o no meio do caminho, mas o fechamento do ano aponta um desgaste acelerado e, ao que tudo indica, mais conectado ao peso do cotidiano do que a um epis\u00f3dio isolado. Em cidades com identidade popular, alta circula\u00e7\u00e3o em bairros centrais e uma rotina muito marcada pelo deslocamento di\u00e1rio (muita gente que trabalha fora, ou vive a cidade no \u201cbate-volta\u201d regional), a r\u00e9gua \u00e9 simples: melhorou ou n\u00e3o melhorou? Est\u00e1 andando ou travou?<\/p>\n<p>\u00a0<\/p>\n<p>Na avalia\u00e7\u00e3o geral do desempenho do prefeito, a maioria posiciona a gest\u00e3o como um governo que ainda n\u00e3o saiu da zona morna ou da zona de d\u00favida. 40,9% classificam como \u201cregular\u201d, enquanto 17,1% consideram \u201cbom\u201d e 4,7% avaliam como \u201c\u00f3timo\u201d. Na outra ponta, 18,8% dizem que \u00e9 \u201cruim\u201d e 5,8% \u201cp\u00e9ssimo\u201d, al\u00e9m de 12,6% que n\u00e3o souberam responder. Na soma, a gest\u00e3o tem 21,8% de avalia\u00e7\u00e3o positiva (\u00f3tima\/boa) e 24,6% negativa (ruim\/p\u00e9ssima) com a maior parte da cidade estacionada no \u201cregular\u201d e como se dissesse: \u201cn\u00e3o \u00e9 terra arrasada, mas tamb\u00e9m n\u00e3o convenceu\u201d.<\/p>\n<p>\u00a0<\/p>\n<p>O problema \u00e9 que o \u201cregular\u201d, em pol\u00edtica, raramente \u00e9 um colch\u00e3o de conforto. Em S\u00e3o Vicente, cidade que vive entre a mem\u00f3ria hist\u00f3rica (a mais antiga do Brasil) e a urg\u00eancia social de quem depende do servi\u00e7o p\u00fablico, o \u201cregular\u201d muitas vezes funciona como uma antessala do desapontamento, sobretudo quando a percep\u00e7\u00e3o de progresso n\u00e3o acompanha o discurso oficial.<\/p>\n<p>\u00a0<\/p>\n<p>E a pesquisa mostra que, para boa parte do eleitorado, o sentimento dominante n\u00e3o \u00e9 o da virada, mas o da estagna\u00e7\u00e3o. Ao responderem sobre o rumo do munic\u00edpio, 51,2% dizem que S\u00e3o Vicente \u201cest\u00e1 parada no tempo e estagnada\u201d, enquanto 27,1% enxergam crescimento e desenvolvimento, 13,0% afirmam que a cidade regrediu e 8,7% n\u00e3o souberam opinar.<\/p>\n<p>\u00a0<\/p>\n<p>\u00c9 um dado que ecoa com for\u00e7a em qualquer conversa de esquina, no ponto final do \u00f4nibus, na porta da escola ou na fila de atendimento: a sensa\u00e7\u00e3o de que a cidade segue carregando problemas antigos e que, quando o morador compara promessa com entrega, o saldo n\u00e3o fecha.<\/p>\n<p>\u00a0<\/p>\n<p>Na parte mais concreta do levantamento, a Badra pede notas de 1 a 10 para servi\u00e7os que definem o humor urbano: sa\u00fade, educa\u00e7\u00e3o, zeladoria e transporte. O resultado \u00e9 um recado duro j\u00e1 que nenhuma \u00e1rea ultrapassa m\u00e9dia 4,1. A sa\u00fade p\u00fablica recebe nota m\u00e9dia 3,9 e ainda tem 7,5% que n\u00e3o souberam avaliar. J\u00e1 o ensino p\u00fablico aparece com nota m\u00e9dia 3,8, com 11,5% de \u201cn\u00e3o sabe\u201d.<\/p>\n<p>\u00a0<\/p>\n<p>No dia a dia, o \u201cch\u00e3o da cidade\u201d, onde pol\u00edtica vira experi\u00eancia, dois servi\u00e7os empatam como os mais bem avaliados, mas ainda assim sem empolgar: zeladoria e limpeza p\u00fablica aparecem com nota m\u00e9dia 4,1 (e 5,8% de n\u00e3o sabe), assim como o transporte p\u00fablico, tamb\u00e9m com nota m\u00e9dia 4,1 (e 10,0% de n\u00e3o sabe). Em outras palavras, at\u00e9 os itens que \u201cganham\u201d no comparativo interno ainda est\u00e3o abaixo do que se consideraria minimamente confort\u00e1vel.<\/p>\n<p>\u00a0<\/p>\n<p>O recorte demogr\u00e1fico ajuda a entender por que a r\u00e9gua \u00e9 t\u00e3o exigente. A amostra da Badra reflete uma S\u00e3o Vicente de maioria feminina (53,9%) e de popula\u00e7\u00e3o concentrada em faixa adulta , 39,5% t\u00eam entre 25 e 44 anos, grupo que tipicamente vive o peso do trabalho, do transporte e dos custos dom\u00e9sticos. Na escolaridade, predomina o ensino m\u00e9dio (77,8%), e na renda, 57,8% est\u00e3o at\u00e9 R$ 2.800, retrato de uma cidade onde qualquer falha no servi\u00e7o p\u00fablico vira impacto direto na vida.<\/p>\n<p>\u00a0<\/p>\n<p>Quando o or\u00e7amento aperta, a paci\u00eancia encurta. E, quando a sensa\u00e7\u00e3o \u00e9 de que \u201ca cidade n\u00e3o anda\u201d, a desaprova\u00e7\u00e3o tende a ganhar terreno n\u00e3o necessariamente por ideologia, mas por sobreviv\u00eancia cotidiana: o eleitor cobra resultado, sem muito espa\u00e7o para explica\u00e7\u00f5es t\u00e9cnicas.<\/p>\n<p>\u00a0<\/p>\n<p>O cen\u00e1rio se estende ao Legislativo municipal. Na pergunta espont\u00e2nea sobre o \u201cmelhor vereador atual\u201d, os n\u00fameros mostram um tra\u00e7o t\u00edpico de cidades em que a popula\u00e7\u00e3o n\u00e3o se sente representada: 26,7% dizem que nenhum vereador se destaca, e 22,2% afirmam n\u00e3o saber dizer. Mesmo assim, h\u00e1 nomes que emergem: Tiago Peretto lidera com 20,7%, seguido por Jhony Sasaki (7,9%) e Adilson da Farm\u00e1cia (4,9%). O restante aparece pulverizado, sinal de baixa centralidade pol\u00edtica e de um eleitorado que, em muitos casos, parece falar mais por sensa\u00e7\u00e3o do que por fidelidade.<\/p>\n<p>\u00a0<\/p>\n<p>No fim, a pesquisa de dezembro fecha o ano com uma frase silenciosa por tr\u00e1s dos percentuais: S\u00e3o Vicente est\u00e1 julgando o governo Kayo Amado menos pelo que ele diz que \u00e9, e mais pelo que o morador sente que est\u00e1 vivendo. A queda acentuada na aprova\u00e7\u00e3o ao longo de 2025, ap\u00f3s um come\u00e7o ainda sustentado por expectativa e depois por uma breve recupera\u00e7\u00e3o, sugere que a gest\u00e3o chegou ao limite da \u201ctoler\u00e2ncia inicial\u201d e entrou, de vez, na fase em que o eleitor cobra entrega, presen\u00e7a e respostas.<\/p>\n<p>\u00a0<\/p>\n<p>E numa cidade que mistura turismo e periferia, mar e morro, hist\u00f3ria e urg\u00eancia, a pol\u00edtica raramente \u00e9 abstrata: ela mora no detalhe. Na rua varrida ou n\u00e3o. No \u00f4nibus que passa ou atrasa. No posto que atende ou empurra. Na escola que acolhe ou improvisa. E \u00e9 nesse \u201cBrasil real\u201d, em que o munic\u00edpio se mede menos por slogan e mais por rotina, que os n\u00fameros da Badra parecem deixar um recado inc\u00f4modo, mas claro: o governo ainda tem tempo de virar o jogo, mas o rel\u00f3gio pol\u00edtico de S\u00e3o Vicente j\u00e1 come\u00e7ou a correr mais r\u00e1pido.<br \/>&#13;<br \/>\n\u00a0<\/p>\n<\/p><\/div>\n<p><script async defer crossorigin=\"anonymous\" src=\"https:\/\/connect.facebook.net\/pt_BR\/sdk.js#xfbml=1&#038;version=v12.0&#038;appId=&#038;autoLogAppEvents=1\" nonce=\"ou0fI1lo\"><\/script><br \/>\n<br \/><br \/>\n<br \/>Fonte: <a href=\"https:\/\/www.bs9.com.br\/litoral\/aprovacao-de-kayo-amado-despenca-em-sao-vicente-e-reprovacao-supera\/37262\/\">BS9<\/a><\/p>\n","protected":false},"excerpt":{"rendered":"<p>Um ano depois de eleito com expectativa alta e capital pol\u00edtico em m\u00e3os, o prefeito de S\u00e3o Vicente, Kayo Amado, chega ao fechamento de 2025 enfrentando um dado que, em pol\u00edtica, costuma falar mais alto do que qualquer discurso: a mudan\u00e7a de temperatura nas ruas. \u00c9 isso o que revela o caderno de dezembro da [&hellip;]<\/p>\n","protected":false},"author":5,"featured_media":59023,"comment_status":"open","ping_status":"open","sticky":false,"template":"","format":"standard","meta":{"_seopress_robots_primary_cat":"","_seopress_titles_title":"","_seopress_titles_desc":"","_seopress_robots_index":"","footnotes":""},"categories":[52],"tags":[],"class_list":["post-59022","post","type-post","status-publish","format-standard","has-post-thumbnail","hentry","category-santoseregiao"],"_links":{"self":[{"href":"https:\/\/mussicom.com\/noticias\/wp-json\/wp\/v2\/posts\/59022","targetHints":{"allow":["GET"]}}],"collection":[{"href":"https:\/\/mussicom.com\/noticias\/wp-json\/wp\/v2\/posts"}],"about":[{"href":"https:\/\/mussicom.com\/noticias\/wp-json\/wp\/v2\/types\/post"}],"author":[{"embeddable":true,"href":"https:\/\/mussicom.com\/noticias\/wp-json\/wp\/v2\/users\/5"}],"replies":[{"embeddable":true,"href":"https:\/\/mussicom.com\/noticias\/wp-json\/wp\/v2\/comments?post=59022"}],"version-history":[{"count":0,"href":"https:\/\/mussicom.com\/noticias\/wp-json\/wp\/v2\/posts\/59022\/revisions"}],"wp:featuredmedia":[{"embeddable":true,"href":"https:\/\/mussicom.com\/noticias\/wp-json\/wp\/v2\/media\/59023"}],"wp:attachment":[{"href":"https:\/\/mussicom.com\/noticias\/wp-json\/wp\/v2\/media?parent=59022"}],"wp:term":[{"taxonomy":"category","embeddable":true,"href":"https:\/\/mussicom.com\/noticias\/wp-json\/wp\/v2\/categories?post=59022"},{"taxonomy":"post_tag","embeddable":true,"href":"https:\/\/mussicom.com\/noticias\/wp-json\/wp\/v2\/tags?post=59022"}],"curies":[{"name":"wp","href":"https:\/\/api.w.org\/{rel}","templated":true}]}}