{"id":58999,"date":"2026-01-21T21:45:28","date_gmt":"2026-01-22T00:45:28","guid":{"rendered":"https:\/\/mussicom.com\/caminhada-convocada-por-nikolas-ferreira-atinge-90-km-no-3o-dia\/"},"modified":"2026-01-21T21:45:28","modified_gmt":"2026-01-22T00:45:28","slug":"caminhada-convocada-por-nikolas-ferreira-atinge-90-km-no-3o-dia","status":"publish","type":"post","link":"https:\/\/mussicom.com\/noticias\/caminhada-convocada-por-nikolas-ferreira-atinge-90-km-no-3o-dia\/","title":{"rendered":"Caminhada convocada por Nikolas Ferreira atinge 90 km no 3\u00ba dia"},"content":{"rendered":"<p> <br \/>\n<\/p>\n<div id=\"tp-post-content\">\n<p class=\"postParagraph_post-paragraph__juWZN postParagraph_post-paragraph-innerHtml__Q5vwc\">A &#8220;caminhada da liberdade&#8221;, encabe\u00e7ada pelo deputado federal Nikolas Ferreira (PL-MG), atingiu os 90 km percorridos nesta quarta-feira (21), seu terceiro dia. O deputado saiu do munic\u00edpio de Paracatu (MG) e percorrer\u00e1 240 km at\u00e9 Bras\u00edlia, pela BR-040.<\/p>\n<p class=\"postParagraph_post-paragraph__juWZN postParagraph_post-paragraph-innerHtml__Q5vwc\">Ao atingir a marca, o deputado gravou um v\u00eddeo em apoio ao ex-presidente Jair Bolsonaro (PL), aos r\u00e9us dos atos de 8 de janeiro e contra as penas aplicadas pela suposta trama golpista: &#8220;A gente sabe que um golpe precisa ter outros demais elementos, n\u00e3o teve nenhuma arma. As pessoas cometeram a depreda\u00e7\u00e3o de patrim\u00f4nio p\u00fablico, que \u00e9 um crime com uma pena at\u00e9 de tr\u00eas anos. E o Bolsonaro, \u00e9 uma pena maior do que pessoas comandantes de crime organizado. Ent\u00e3o, tamb\u00e9m \u00e9 por voc\u00eas. Jair Bolsonaro, n\u00f3s estamos aqui.&#8221;<\/p>\n<p class=\"postParagraph_post-paragraph__juWZN postParagraph_post-paragraph-innerHtml__Q5vwc\">A caminhada vem reunindo parlamentares e influenciadores ao longo da trajet\u00f3ria, incluindo o ex-vereador Carlos Bolsonaro (PL), filho de Bolsonaro. Nesta quarta-feira (21), Carlos interrompeu sua participa\u00e7\u00e3o para visitar o pai na penitenci\u00e1ria da Papudinha. Na ocasi\u00e3o, ele lamentou a condi\u00e7\u00e3o de Bolsonaro e de aliados: &#8220;\u00c9 inacredit\u00e1vel ver o estado do ministro da Justi\u00e7a Anderson Torres, de Silvinei Vasques e do meu pai, presos em um complexo penitenci\u00e1rio que abriga estupradores, sequestradores e criminosos de alta periculosidade. Fico imaginando o que se passa na mente desses inocentes, condenados \u00e0 revelia da lei, submetidos a uma situa\u00e7\u00e3o como essa. \u00c9 humanamente imposs\u00edvel aceitar isso como normal &#8211; algo que nem a l\u00f3gica mais b\u00e1sica permitiria.&#8221;<\/p>\n<p class=\"postParagraph_post-paragraph__juWZN postParagraph_post-paragraph-innerHtml__Q5vwc\">A chegada a Bras\u00edlia est\u00e1 prevista para domingo (25). Na ocasi\u00e3o, ser\u00e1 realizada uma manifesta\u00e7\u00e3o de encerramento. Pol\u00edticos de direita tamb\u00e9m convocaram atos em outras cidades do pa\u00eds.<\/p>\n<\/div>\n<p><br \/>\n<br \/>Fonte: <a href=\"https:\/\/www.gazetadopovo.com.br\/republica\/caminhada-convocada-por-nikolas-ferreira-atinge-90km-no-3o-dia\/\">Revista Oeste<\/a><\/p>\n","protected":false},"excerpt":{"rendered":"<p>A &#8220;caminhada da liberdade&#8221;, encabe\u00e7ada pelo deputado federal Nikolas Ferreira (PL-MG), atingiu os 90 km percorridos nesta quarta-feira (21), seu terceiro dia. O deputado saiu do munic\u00edpio de Paracatu (MG) e percorrer\u00e1 240 km at\u00e9 Bras\u00edlia, pela BR-040. Ao atingir a marca, o deputado gravou um v\u00eddeo em apoio ao ex-presidente Jair Bolsonaro (PL), aos [&hellip;]<\/p>\n","protected":false},"author":5,"featured_media":59000,"comment_status":"open","ping_status":"open","sticky":false,"template":"","format":"standard","meta":{"_seopress_robots_primary_cat":"","_seopress_titles_title":"","_seopress_titles_desc":"","_seopress_robots_index":"","footnotes":""},"categories":[1],"tags":[],"class_list":["post-58999","post","type-post","status-publish","format-standard","has-post-thumbnail","hentry","category-ultimas-noticias"],"_links":{"self":[{"href":"https:\/\/mussicom.com\/noticias\/wp-json\/wp\/v2\/posts\/58999","targetHints":{"allow":["GET"]}}],"collection":[{"href":"https:\/\/mussicom.com\/noticias\/wp-json\/wp\/v2\/posts"}],"about":[{"href":"https:\/\/mussicom.com\/noticias\/wp-json\/wp\/v2\/types\/post"}],"author":[{"embeddable":true,"href":"https:\/\/mussicom.com\/noticias\/wp-json\/wp\/v2\/users\/5"}],"replies":[{"embeddable":true,"href":"https:\/\/mussicom.com\/noticias\/wp-json\/wp\/v2\/comments?post=58999"}],"version-history":[{"count":0,"href":"https:\/\/mussicom.com\/noticias\/wp-json\/wp\/v2\/posts\/58999\/revisions"}],"wp:featuredmedia":[{"embeddable":true,"href":"https:\/\/mussicom.com\/noticias\/wp-json\/wp\/v2\/media\/59000"}],"wp:attachment":[{"href":"https:\/\/mussicom.com\/noticias\/wp-json\/wp\/v2\/media?parent=58999"}],"wp:term":[{"taxonomy":"category","embeddable":true,"href":"https:\/\/mussicom.com\/noticias\/wp-json\/wp\/v2\/categories?post=58999"},{"taxonomy":"post_tag","embeddable":true,"href":"https:\/\/mussicom.com\/noticias\/wp-json\/wp\/v2\/tags?post=58999"}],"curies":[{"name":"wp","href":"https:\/\/api.w.org\/{rel}","templated":true}]}}