{"id":58933,"date":"2026-01-21T14:50:14","date_gmt":"2026-01-21T17:50:14","guid":{"rendered":"https:\/\/mussicom.com\/bertioga-verao-e-top-recebe-torneio-de-volei-de-praia-no-complexo-pe-nareia\/"},"modified":"2026-01-21T14:50:14","modified_gmt":"2026-01-21T17:50:14","slug":"bertioga-verao-e-top-recebe-torneio-de-volei-de-praia-no-complexo-pe-nareia","status":"publish","type":"post","link":"https:\/\/mussicom.com\/noticias\/bertioga-verao-e-top-recebe-torneio-de-volei-de-praia-no-complexo-pe-nareia\/","title":{"rendered":"Bertioga Ver\u00e3o \u00e9 Top recebe torneio de V\u00f4lei de Praia no Complexo P\u00e9 N&#8217;Areia"},"content":{"rendered":"<p> <br \/>\n<\/p>\n<div id=\"texto\">\n<p>Manchetes e levantadas estar\u00e3o em destaque no Bertioga Ver\u00e3o \u00e9 Top, com a realiza\u00e7\u00e3o do torneio de V\u00f4lei de Praia, nesta sexta-feira (23), s\u00e1bado (24) e domingo (25), a partir das 9h, na Arena Bertioga Ver\u00e3o \u00e9 Top, localizada no Complexo Esportivo P\u00e9 N&#8217;Areia.<\/p>\n<p>A competi\u00e7\u00e3o ser\u00e1 disputada nas categorias masculino adulto, feminino adulto, masculino sub-21 e feminino sub-21. O chaveamento das partidas estar\u00e1 dispon\u00edvel no aplicativo\u00a0Copa F\u00e1cil.<\/p>\n<p>O Bertioga Ver\u00e3o \u00e9 Top tem como objetivo incentivar a pr\u00e1tica esportiva e o lazer, al\u00e9m de fomentar o turismo durante o per\u00edodo de f\u00e9rias escolares e da alta temporada. A edi\u00e7\u00e3o 2026 re\u00fane competi\u00e7\u00f5es de beach soccer, beach tennis, v\u00f4lei de praia, futev\u00f4lei e basquete 3&#215;3, al\u00e9m de um Festival de Inclus\u00e3o, que encerra a programa\u00e7\u00e3o no dia 1de fevereiro.<\/p>\n<p><strong>SERVI\u00c7O<\/strong><\/p>\n<p>Complexo Esportivo P\u00e9 N&#8217;Areia \u2014 Av. Tom\u00e9 de Souza, Praia da Enseada, Centro (ao lado da Pra\u00e7a de Esportes Radicais)<\/p>\n<\/p><\/div>\n<p><script async defer crossorigin=\"anonymous\" src=\"https:\/\/connect.facebook.net\/pt_BR\/sdk.js#xfbml=1&#038;version=v12.0&#038;appId=&#038;autoLogAppEvents=1\" nonce=\"ou0fI1lo\"><\/script><br \/>\n<br \/><br \/>\n<br \/>Fonte: <a href=\"https:\/\/www.bs9.com.br\/litoral\/bertioga-verao-e-top-recebe-torneio-de-volei-de-praia-no-complexo-pe\/37239\/\">BS9<\/a><\/p>\n","protected":false},"excerpt":{"rendered":"<p>Manchetes e levantadas estar\u00e3o em destaque no Bertioga Ver\u00e3o \u00e9 Top, com a realiza\u00e7\u00e3o do torneio de V\u00f4lei de Praia, nesta sexta-feira (23), s\u00e1bado (24) e domingo (25), a partir das 9h, na Arena Bertioga Ver\u00e3o \u00e9 Top, localizada no Complexo Esportivo P\u00e9 N&#8217;Areia. A competi\u00e7\u00e3o ser\u00e1 disputada nas categorias masculino adulto, feminino adulto, masculino [&hellip;]<\/p>\n","protected":false},"author":5,"featured_media":58934,"comment_status":"open","ping_status":"open","sticky":false,"template":"","format":"standard","meta":{"_seopress_robots_primary_cat":"","_seopress_titles_title":"","_seopress_titles_desc":"","_seopress_robots_index":"","footnotes":""},"categories":[52],"tags":[],"class_list":["post-58933","post","type-post","status-publish","format-standard","has-post-thumbnail","hentry","category-santoseregiao"],"_links":{"self":[{"href":"https:\/\/mussicom.com\/noticias\/wp-json\/wp\/v2\/posts\/58933","targetHints":{"allow":["GET"]}}],"collection":[{"href":"https:\/\/mussicom.com\/noticias\/wp-json\/wp\/v2\/posts"}],"about":[{"href":"https:\/\/mussicom.com\/noticias\/wp-json\/wp\/v2\/types\/post"}],"author":[{"embeddable":true,"href":"https:\/\/mussicom.com\/noticias\/wp-json\/wp\/v2\/users\/5"}],"replies":[{"embeddable":true,"href":"https:\/\/mussicom.com\/noticias\/wp-json\/wp\/v2\/comments?post=58933"}],"version-history":[{"count":0,"href":"https:\/\/mussicom.com\/noticias\/wp-json\/wp\/v2\/posts\/58933\/revisions"}],"wp:featuredmedia":[{"embeddable":true,"href":"https:\/\/mussicom.com\/noticias\/wp-json\/wp\/v2\/media\/58934"}],"wp:attachment":[{"href":"https:\/\/mussicom.com\/noticias\/wp-json\/wp\/v2\/media?parent=58933"}],"wp:term":[{"taxonomy":"category","embeddable":true,"href":"https:\/\/mussicom.com\/noticias\/wp-json\/wp\/v2\/categories?post=58933"},{"taxonomy":"post_tag","embeddable":true,"href":"https:\/\/mussicom.com\/noticias\/wp-json\/wp\/v2\/tags?post=58933"}],"curies":[{"name":"wp","href":"https:\/\/api.w.org\/{rel}","templated":true}]}}