{"id":58835,"date":"2026-01-20T23:24:27","date_gmt":"2026-01-21T02:24:27","guid":{"rendered":"https:\/\/mussicom.com\/toffoli-marca-depoimentos-do-caso-master\/"},"modified":"2026-01-20T23:24:27","modified_gmt":"2026-01-21T02:24:27","slug":"toffoli-marca-depoimentos-do-caso-master","status":"publish","type":"post","link":"https:\/\/mussicom.com\/noticias\/toffoli-marca-depoimentos-do-caso-master\/","title":{"rendered":"Toffoli marca depoimentos do caso Master"},"content":{"rendered":"<p> <br \/>\n<\/p>\n<div id=\"tp-post-content\">\n<p class=\"postParagraph_post-paragraph__juWZN postParagraph_post-paragraph-innerHtml__Q5vwc\">O ministro do Supremo Tribunal Federal (STF) Dias Toffoli marcou para os dias 26 e 27 de janeiro os depoimentos dos investigados na primeira fase da Opera\u00e7\u00e3o Compliance Zero contra o Banco Master.<\/p>\n<p class=\"postParagraph_post-paragraph__juWZN postParagraph_post-paragraph-innerHtml__Q5vwc\">O despacho, assinado nesta ter\u00e7a-feira (20), tamb\u00e9m autoriza o acesso das defesas aos autos. O ministro determinou que a Secretaria Judici\u00e1ria adote as provid\u00eancias necess\u00e1rias para a realiza\u00e7\u00e3o das oitivas presenciais na sede do STF e por meio de videoconfer\u00eancia.<\/p>\n<p class=\"postParagraph_post-paragraph__juWZN postParagraph_post-paragraph-innerHtml__Q5vwc\">A ordem inclui a reserva de salas e a disponibiliza\u00e7\u00e3o de servidores para dar suporte \u00e0s audi\u00eancias. Al\u00e9m disso, Toffoli ordenou o envio de links de acesso para que a PF intime os investigados e seus respectivos advogados para os atos processuais.<\/p>\n<div class=\"postViewMore_post-view-more-container___5wai\" data-mrf-recirculation=\"Post - Veja tamb\u00e9m\">\n<p class=\"gp-styles-module-size-small-afeYRa gp-styles-module-font-family2-afeYRa gp-styles-module-color-secondary-afeYRa gp-styles-module-weight-bold-afeYRa\">VEJA TAMB\u00c9M:<\/p>\n<ul class=\"postViewMore_post-view-more-list__CU_CE\">\n<li class=\"postViewMore_post-view-more-item__2MzRb\"><span class=\"postViewMore_post-view-more-link-icon___stPC\"><svg xmlns=\"http:\/\/www.w3.org\/2000\/svg\" width=\"16\" height=\"16\" viewbox=\"0 0 16 16\"><rect width=\"16\" height=\"16\" fill=\"none\"\/><g transform=\"translate(3 3)\"><path d=\"M22.5,15l3.4,3.4-3.4,3.4\" transform=\"translate(-15.896 -11.793)\" fill=\"none\" stroke=\"#717171\" stroke-linecap=\"round\" stroke-width=\"1.4\"\/><path d=\"M6,6v4.2a2.452,2.452,0,0,0,2.5,2.4H16\" transform=\"translate(-6 -6)\" fill=\"none\" stroke=\"#717171\" stroke-linecap=\"round\" stroke-width=\"1.4\"\/><\/g><\/svg><\/span><span class=\"postViewMore_post-view-more-link-text__hO_kM\">Tarc\u00edsio cancela visita a Bolsonaro na Papudinha<\/span><\/li>\n<\/ul>\n<\/div>\n<p class=\"postParagraph_post-paragraph__juWZN postParagraph_post-paragraph-innerHtml__Q5vwc\">O relator tamb\u00e9m intimou o procurador-geral da Rep\u00fablica, Paulo Gonet, para acompanhar o cumprimento das dilig\u00eancias.<\/p>\n<p class=\"postParagraph_post-paragraph__juWZN postParagraph_post-paragraph-innerHtml__Q5vwc\">Na \u00faltima sexta-feira (16), o ministro reduziu de cinco para dois dias o prazo para que a PF tomasse os depoimentos dos investigados. Ele tamb\u00e9m prorrogou a investiga\u00e7\u00e3o por mais 60 dias.<\/p>\n<p class=\"postParagraph_post-paragraph__juWZN postParagraph_post-paragraph-innerHtml__Q5vwc\">Segundo a peti\u00e7\u00e3o da delegada Janaina Palazzo, respons\u00e1vel pela investiga\u00e7\u00e3o, a nova sugest\u00e3o de datas visa garantir que as defesas tenham acesso pr\u00e9vio ao conte\u00fado da investiga\u00e7\u00e3o, especialmente aos depoimentos colhidos no final de dezembro de 2025.<\/p>\n<p class=\"postParagraph_post-paragraph__juWZN postParagraph_post-paragraph-innerHtml__Q5vwc\">O dono do Banco Master, Daniel Vorcaro, n\u00e3o ser\u00e1 ouvido pela PF. Veja o cronograma dos depoimentos:<\/p>\n<ul class=\"postList_post-list-container__W0E4y postList_visual-type-unordered-list__M8U7t\">\n<li class=\"postList_post-list-item__34Ck1\"><span><strong>26 de janeiro<\/strong>: Depoimentos por meio de videoconfer\u00eancia de D\u00e1rio Oswaldo Garcia Junior, Andr\u00e9 Felipe de Oliveira Seixas Maia, Henrique Souza e Silva Peretto e Alberto Felix de Oliveira;<\/span><\/li>\n<li class=\"postList_post-list-item__34Ck1\"><span><strong>27 de janeiro:<\/strong> Depoimentos presenciais no STF de Rob\u00e9rio Cesar Bonfim Mangueira, Luiz Antonio Bull e Augusto Ferreira Lima, al\u00e9m da oitiva por videoconfer\u00eancia de Angelo Antonio Ribeiro da Silva.<\/span><\/li>\n<\/ul>\n<\/div>\n<p><br \/>\n<br \/>Fonte: <a href=\"https:\/\/www.gazetadopovo.com.br\/economia\/toffoli-autoriza-cronograma-da-pf-para-depoimentos-do-caso-master\/\">Gazeta do Povo<\/a><\/p>\n","protected":false},"excerpt":{"rendered":"<p>O ministro do Supremo Tribunal Federal (STF) Dias Toffoli marcou para os dias 26 e 27 de janeiro os depoimentos dos investigados na primeira fase da Opera\u00e7\u00e3o Compliance Zero contra o Banco Master. O despacho, assinado nesta ter\u00e7a-feira (20), tamb\u00e9m autoriza o acesso das defesas aos autos. O ministro determinou que a Secretaria Judici\u00e1ria adote [&hellip;]<\/p>\n","protected":false},"author":5,"featured_media":58836,"comment_status":"open","ping_status":"open","sticky":false,"template":"","format":"standard","meta":{"_seopress_robots_primary_cat":"","_seopress_titles_title":"","_seopress_titles_desc":"","_seopress_robots_index":"","footnotes":""},"categories":[45],"tags":[],"class_list":["post-58835","post","type-post","status-publish","format-standard","has-post-thumbnail","hentry","category-economia"],"_links":{"self":[{"href":"https:\/\/mussicom.com\/noticias\/wp-json\/wp\/v2\/posts\/58835","targetHints":{"allow":["GET"]}}],"collection":[{"href":"https:\/\/mussicom.com\/noticias\/wp-json\/wp\/v2\/posts"}],"about":[{"href":"https:\/\/mussicom.com\/noticias\/wp-json\/wp\/v2\/types\/post"}],"author":[{"embeddable":true,"href":"https:\/\/mussicom.com\/noticias\/wp-json\/wp\/v2\/users\/5"}],"replies":[{"embeddable":true,"href":"https:\/\/mussicom.com\/noticias\/wp-json\/wp\/v2\/comments?post=58835"}],"version-history":[{"count":0,"href":"https:\/\/mussicom.com\/noticias\/wp-json\/wp\/v2\/posts\/58835\/revisions"}],"wp:featuredmedia":[{"embeddable":true,"href":"https:\/\/mussicom.com\/noticias\/wp-json\/wp\/v2\/media\/58836"}],"wp:attachment":[{"href":"https:\/\/mussicom.com\/noticias\/wp-json\/wp\/v2\/media?parent=58835"}],"wp:term":[{"taxonomy":"category","embeddable":true,"href":"https:\/\/mussicom.com\/noticias\/wp-json\/wp\/v2\/categories?post=58835"},{"taxonomy":"post_tag","embeddable":true,"href":"https:\/\/mussicom.com\/noticias\/wp-json\/wp\/v2\/tags?post=58835"}],"curies":[{"name":"wp","href":"https:\/\/api.w.org\/{rel}","templated":true}]}}