{"id":58757,"date":"2026-01-20T16:17:19","date_gmt":"2026-01-20T19:17:19","guid":{"rendered":"https:\/\/mussicom.com\/acordo-mercosul-ue-beneficiara-agricultura-familiar-diz-ministro\/"},"modified":"2026-01-20T16:17:19","modified_gmt":"2026-01-20T19:17:19","slug":"acordo-mercosul-ue-beneficiara-agricultura-familiar-diz-ministro","status":"publish","type":"post","link":"https:\/\/mussicom.com\/noticias\/acordo-mercosul-ue-beneficiara-agricultura-familiar-diz-ministro\/","title":{"rendered":"Acordo Mercosul-UE beneficiar\u00e1 agricultura familiar, diz ministro"},"content":{"rendered":"<p> <br \/>\n<\/p>\n<div>\n<p>O acordo comercial de livre com\u00e9rcio firmado entre o Mercosul e a Uni\u00e3o Europeia (UE) beneficiar\u00e1 a agricultura familiar brasileira, com destaque para aqueles que produzem caf\u00e9 e frutas, disse o ministro do Desenvolvimento Agr\u00e1rio e Agricultura Familiar, Paulo Teixeira. <strong>Ele acredita que h\u00e1 tamb\u00e9m potencial para os produtos l\u00e1cteos, em especial para os queijos de Minas Gerais.<\/strong><img decoding=\"async\" src=\"https:\/\/agenciabrasil.ebc.com.br\/ebc.gif?id=1675435&amp;o=node\" style=\"width:1px; height:1px; display:inline;\"\/><\/p>\n<p>Nas palavras de Paulo Teixeira, \u201ca agricultura familiar vai bombar\u201d com o acordo firmado entre os dois blocos.\u00a0<\/p>\n<p>O ministro participou nesta ter\u00e7a-feira (20) do programa Bom Dia, Ministro, produzido pela <strong>Empresa Brasil de Comunica\u00e7\u00e3o (EBC)<\/strong>.<\/p>\n<p>\u201cA agricultura familiar vai ganhar muito com esse acordo\u201d, ressaltou o ministro ao lembrar que a produ\u00e7\u00e3o de caf\u00e9 no pa\u00eds \u00e9 predominantemente de agricultores familiares. \u201cEles, agora, poder\u00e3o vender o caf\u00e9 que tiver j\u00e1 processado sem taxas\u201d, disse o ministro.<\/p>\n<p>Paulo Teixeira disse que a abertura de novos mercados acabou sendo estimulada pela imposi\u00e7\u00e3o de tarifas pelos Estados Unidos. \u201cIsso abriu o mercado consumidor europeu, que \u00e9 um mercado rico. Os europeus s\u00e3o ricos e poder\u00e3o comprar v\u00e1rios produtos da agricultura familiar\u201d.<\/p>\n<p><strong>\u201cAl\u00e9m do caf\u00e9, tem as frutas. O a\u00e7a\u00ed, por exemplo, est\u00e1 bombando no mundo inteiro. Temos tamb\u00e9m manga, uva, mel\u00e3o. Os agricultores familiares poder\u00e3o vender os seus produtos na Europa sem taxas. A agricultura familiar vai bombar\u201d, acrescentou o ministro.<\/strong><\/p>\n<p>&gt;&gt; Siga o canal da Ag\u00eancia Brasil no WhatsApp<\/p>\n<p>Outro produto com grande potencial para conquistar o mercado europeu s\u00e3o os l\u00e1cteos brasileiros, segundo Paulo Teixeira. \u201cPrecisaremos produzir mais l\u00e1cteos para exportar. Temos um grande mercado de queijo. Inclusive de queijos mineiros, que s\u00e3o muito famosos no mercado interno e que poder\u00e3o tamb\u00e9m ser vendidos para o mercado externo\u201d.<\/p>\n<p>\u201cVamos ter de comprar queijo franc\u00eas, mas poderemos exportar queijo mineiro para a Fran\u00e7a. Temos de pensar grande nesse novo tempo de acordo entre Mercosul e Uni\u00e3o Europeia\u201d, disse.<\/p>\n<p><strong>Ele lembrou que a regi\u00e3o mineira da Serra da Canastra tem queijos que s\u00e3o vendidos como especiarias no Brasil, com grande potencial para ser consumido tamb\u00e9m pelos europeus.<\/strong><\/p>\n<p>O ministro ressaltou que os investimentos do governo federal na agricultura familiar, via Plano Safra, t\u00eam batido recordes, o que tem resultado, tamb\u00e9m, no aumento das vendas de m\u00e1quinas de pequeno porte para os agricultores.<\/p>\n<p>\u201cTenho a honra de dizer que o que puxa hoje a ind\u00fastria de m\u00e1quinas no Brasil s\u00e3o as m\u00e1quinas pequenas dos agricultores familiares. O agricultor familiar est\u00e1 vendendo mais produtos porque melhorou a renda na sociedade brasileira. Com essa melhoria de renda, o primeiro investimento que a fam\u00edlia faz \u00e9 em alimenta\u00e7\u00e3o\u201d, argumentou Paulo Teixeira.<\/p>\n<p>Segundo o ministro, a Ag\u00eancia Brasileira de Promo\u00e7\u00e3o de Exporta\u00e7\u00f5es e Investimentos (Apex) pode ajudar os agricultores familiares na busca pelos novos mercados, inclusive com o aux\u00edlio dos adidos agr\u00edcolas dos minist\u00e9rios das Rela\u00e7\u00f5es Exteriores e da Agricultura, Pecu\u00e1ria e Abastecimento.<\/p>\n<h2>An\u00fancios<\/h2>\n<p><strong>O ministro do Desenvolvimento Agr\u00e1rio e Agricultura Familiar antecipou que, em breve, o presidente Luiz In\u00e1cio Lula da Silva anunciar\u00e1 pol\u00edticas p\u00fablicas voltadas \u00e0 \u201ctransfer\u00eancia de saberes e conhecimentos da Embrapa\u201d para a agricultura familiar, em especial para os jovens que se mantiverem no campo para produzir alimentos para o Brasil e o mundo.<\/strong><\/p>\n<p>\u201cQueremos estimular os jovens que j\u00e1 est\u00e3o na agricultura a buscarem institui\u00e7\u00f5es cient\u00edficas, como universidades e Embrapa, que cada dia mais disponibilizam seus conhecimentos para a agricultura familiar\u201d, acrescentou o ministro.<\/p>\n<p>Outra informa\u00e7\u00e3o antecipada pelo ministro durante o programa \u00e9 o pacote de desapropria\u00e7\u00f5es de terras, previsto para ser anunciado nesta sexta-feira (23) pelo presidente Lula durante encontro com o Movimento dos Trabalhadores Rurais Sem Terra (MST), em Salvador.<\/p>\n<p><strong>\u201cTeremos uma grande entrega agora na sexta-feira, durante esse encontro. Ali, Lula deve anunciar um grande pacote de desapropria\u00e7\u00f5es para a reforma agr\u00e1ria no Brasil. O que n\u00f3s estamos procurando \u00e9 a paz no campo, e a reforma agr\u00e1ria \u00e9 a maneira de se conseguir paz no campo\u201d, adiantou.<\/strong><\/p>\n<p>Segundo Teixeira, esse pacote inclui, al\u00e9m de terras, cr\u00e9dito, assist\u00eancia t\u00e9cnica, orienta\u00e7\u00f5es e a possibilidade de organiza\u00e7\u00e3o por cooperativas. \u201cTer\u00e1 tamb\u00e9m acesso aos programas de compras p\u00fablicas\u201d.<\/p>\n<p>      <!-- Relacionada --><\/p>\n<p>            <!-- Relacionada -->\n    <\/div>\n<p><br \/>\n<br \/>Fonte: <a href=\"https:\/\/agenciabrasil.ebc.com.br\/economia\/noticia\/2026-01\/acordo-mercosul-ue-beneficiara-agricultura-familiar-diz-ministro\">Gazeta do Povo<\/a><\/p>\n","protected":false},"excerpt":{"rendered":"<p>O acordo comercial de livre com\u00e9rcio firmado entre o Mercosul e a Uni\u00e3o Europeia (UE) beneficiar\u00e1 a agricultura familiar brasileira, com destaque para aqueles que produzem caf\u00e9 e frutas, disse o ministro do Desenvolvimento Agr\u00e1rio e Agricultura Familiar, Paulo Teixeira. Ele acredita que h\u00e1 tamb\u00e9m potencial para os produtos l\u00e1cteos, em especial para os queijos [&hellip;]<\/p>\n","protected":false},"author":5,"featured_media":58758,"comment_status":"open","ping_status":"open","sticky":false,"template":"","format":"standard","meta":{"_seopress_robots_primary_cat":"","_seopress_titles_title":"","_seopress_titles_desc":"","_seopress_robots_index":"","footnotes":""},"categories":[45],"tags":[],"class_list":["post-58757","post","type-post","status-publish","format-standard","has-post-thumbnail","hentry","category-economia"],"_links":{"self":[{"href":"https:\/\/mussicom.com\/noticias\/wp-json\/wp\/v2\/posts\/58757","targetHints":{"allow":["GET"]}}],"collection":[{"href":"https:\/\/mussicom.com\/noticias\/wp-json\/wp\/v2\/posts"}],"about":[{"href":"https:\/\/mussicom.com\/noticias\/wp-json\/wp\/v2\/types\/post"}],"author":[{"embeddable":true,"href":"https:\/\/mussicom.com\/noticias\/wp-json\/wp\/v2\/users\/5"}],"replies":[{"embeddable":true,"href":"https:\/\/mussicom.com\/noticias\/wp-json\/wp\/v2\/comments?post=58757"}],"version-history":[{"count":0,"href":"https:\/\/mussicom.com\/noticias\/wp-json\/wp\/v2\/posts\/58757\/revisions"}],"wp:featuredmedia":[{"embeddable":true,"href":"https:\/\/mussicom.com\/noticias\/wp-json\/wp\/v2\/media\/58758"}],"wp:attachment":[{"href":"https:\/\/mussicom.com\/noticias\/wp-json\/wp\/v2\/media?parent=58757"}],"wp:term":[{"taxonomy":"category","embeddable":true,"href":"https:\/\/mussicom.com\/noticias\/wp-json\/wp\/v2\/categories?post=58757"},{"taxonomy":"post_tag","embeddable":true,"href":"https:\/\/mussicom.com\/noticias\/wp-json\/wp\/v2\/tags?post=58757"}],"curies":[{"name":"wp","href":"https:\/\/api.w.org\/{rel}","templated":true}]}}