{"id":58730,"date":"2026-01-20T14:15:09","date_gmt":"2026-01-20T17:15:09","guid":{"rendered":"https:\/\/mussicom.com\/projeto-ambiental-de-credito-de-carbono-foi-usado-para-inflar-fundos-do-master\/"},"modified":"2026-01-20T14:15:09","modified_gmt":"2026-01-20T17:15:09","slug":"projeto-ambiental-de-credito-de-carbono-foi-usado-para-inflar-fundos-do-master","status":"publish","type":"post","link":"https:\/\/mussicom.com\/noticias\/projeto-ambiental-de-credito-de-carbono-foi-usado-para-inflar-fundos-do-master\/","title":{"rendered":"Projeto ambiental de cr\u00e9dito de carbono foi usado para inflar fundos do Master"},"content":{"rendered":"<p> <br \/>\n<\/p>\n<div id=\"tp-post-content\">\n<p class=\"postParagraph_post-paragraph__juWZN postParagraph_post-paragraph-innerHtml__Q5vwc\">Um projeto ambiental de cr\u00e9ditos de carbono teria sido usado para inflar artificialmente o patrim\u00f4nio de fundos ligados ao Banco Master, envolvendo terras p\u00fablicas da Uni\u00e3o na Amaz\u00f4nia e valores bilion\u00e1rios sem lastro real no mercado. A estrutura, segundo documentos, tem como investidora a fam\u00edlia do banqueiro Daniel Vorcaro, controlador do banco, suspeito de orquestrar um esquema fraudulento com fundos de investimento.<\/p>\n<p class=\"postParagraph_post-paragraph__juWZN postParagraph_post-paragraph-innerHtml__Q5vwc\">Uma apura\u00e7\u00e3o publicada nesta ter\u00e7a (20) pelo jornal <em>Folha de S. Paulo<\/em> aponta que familiares de Vorcaro participaram desde a origem do plano de explorar cr\u00e9ditos de carbono em uma \u00e1rea p\u00fablica na Amaz\u00f4nia, por meio de uma complexa engenharia financeira com fundos administrados pela Reag, corretora que foi liquidada pelo Banco Central na semana passada e suspeita de gerir aplica\u00e7\u00f5es abastecidas com dinheiro do PCC.<\/p>\n<p class=\"postParagraph_post-paragraph__juWZN postParagraph_post-paragraph-innerHtml__Q5vwc\">\u00c0 reportagem, o Banco Master afirmou que n\u00e3o participa de projetos vinculados a cr\u00e9ditos de carbono. A Reag n\u00e3o se pronunciou.<\/p>\n<div class=\"postViewMore_post-view-more-container___5wai\" data-mrf-recirculation=\"Post - Veja tamb\u00e9m\">\n<p class=\"gp-styles-module-size-small-afeYRa gp-styles-module-font-family2-afeYRa gp-styles-module-color-secondary-afeYRa gp-styles-module-weight-bold-afeYRa\">VEJA TAMB\u00c9M:<\/p>\n<ul class=\"postViewMore_post-view-more-list__CU_CE\">\n<li class=\"postViewMore_post-view-more-item__2MzRb\">\n<div class=\"postViewMore_post-view-more-image__5gUSe\"><picture class=\"imageDefault_image-container__XGd8_\"><\/picture><\/div>\n<p>Como o sistema impulsionou a ascens\u00e3o de Vorcaro \u2013 e agora tenta salv\u00e1-lo<\/li>\n<\/ul>\n<\/div>\n<p class=\"postParagraph_post-paragraph__juWZN postParagraph_post-paragraph-innerHtml__Q5vwc\">Contratos e laudos analisados pelo jornal mostram um v\u00ednculo direto entre a fam\u00edlia Vorcaro e a Alliance Participa\u00e7\u00f5es, empresa controlada por Henrique Moura Vorcaro, presidente da companhia, e por Nat\u00e1lia Bueno Vorcaro Zettel, diretora e irm\u00e3 de Daniel Vorcaro. Cr\u00e9ditos de carbono, em tese, s\u00e3o certificados usados por empresas para compensar emiss\u00f5es de gases de efeito estufa, mas, neste caso, teriam sido transformados em ativos inflados sem comprova\u00e7\u00e3o concreta.<\/p>\n<p class=\"postParagraph_post-paragraph__juWZN postParagraph_post-paragraph-innerHtml__Q5vwc\">Dois fundos sob gest\u00e3o da Reag, aponta a apura\u00e7\u00e3o, tiveram o patrim\u00f4nio reavaliado ap\u00f3s duas empresas participadas registrarem uma valoriza\u00e7\u00e3o conjunta superior a R$ 45,5 bilh\u00f5es \u2013 o salto ocorreu com base na suposta gera\u00e7\u00e3o de cr\u00e9ditos de carbono em uma \u00e1rea p\u00fablica da Uni\u00e3o, pr\u00e1tica considerada irregular.<\/p>\n<p class=\"postParagraph_post-paragraph__juWZN postParagraph_post-paragraph-innerHtml__Q5vwc\">Em agosto de 2022, a Alliance assinou um Contrato de Op\u00e7\u00e3o de Compra e Venda com o fazendeiro Marco Ant\u00f4nio de Melo, apontado como dono da \u00e1rea, e com Jos\u00e9 Ant\u00f4nio Ramos Bittencourt, que atuou como intermedi\u00e1rio. Pelo acordo, a Alliance ficaria com 80% das unidades de carbono vinculadas \u00e0 Fazenda Floresta Amaz\u00f4nica, em Apu\u00ed (AM), enquanto que Bittencourt teria 20%.<\/p>\n<p class=\"postParagraph_post-paragraph__juWZN postParagraph_post-paragraph-innerHtml__Q5vwc\">Na sequ\u00eancia, o projeto foi incorporado \u00e0 engrenagem financeira dos fundos da Reag. Em 2023, uma estimativa de 168,872 milh\u00f5es de unidades de estoque de carbono foi transformada em cotas de fundos, mesmo sem certifica\u00e7\u00e3o tradicional ou refer\u00eancia clara de pre\u00e7o no mercado.<\/p>\n<p class=\"postParagraph_post-paragraph__juWZN postParagraph_post-paragraph-innerHtml__Q5vwc\">Como pagamento pela intermedia\u00e7\u00e3o, Bittencourt recebeu cotas de dois fundos da Reag, ficando com 2,5% do New Jade 2 e 7,5% do Bigua\u00e7u. O arranjo tamb\u00e9m previa a quita\u00e7\u00e3o por meio de tokens de carbono, descritos como registros digitais que tentariam transformar promessas ambientais em ativos financeiros.<\/p>\n<p class=\"postParagraph_post-paragraph__juWZN postParagraph_post-paragraph-innerHtml__Q5vwc\">O contrato ainda previa remunera\u00e7\u00e3o ao fazendeiro por meio de cotas e tokens, mas sem detalhar percentuais ou crit\u00e9rios objetivos. Esse carbono atribu\u00eddo \u00e0 Alliance foi parar em empresas como Global Carbon e Golden Green, que inflaram o patrim\u00f4nio de fundos usados, segundo a apura\u00e7\u00e3o, para desviar recursos e retroalimentar a estrutura financeira do Banco Master.<\/p>\n<p class=\"postParagraph_post-paragraph__juWZN postParagraph_post-paragraph-innerHtml__Q5vwc\">A valoriza\u00e7\u00e3o dessas empresas chama aten\u00e7\u00e3o pela falta de lastro concreto. Enquanto cr\u00e9ditos de carbono tradicionais exigem certifica\u00e7\u00e3o reconhecida e redu\u00e7\u00e3o comprovada de emiss\u00f5es, as chamadas unidades de estoque eram apenas estimativas t\u00e9cnicas, sem mercado transparente ou pre\u00e7o p\u00fablico.<\/p>\n<p class=\"postParagraph_post-paragraph__juWZN postParagraph_post-paragraph-innerHtml__Q5vwc\">Mesmo assim, a Golden Green passou a valer R$ 14,5 bilh\u00f5es e a Global Carbon, R$ 31 bilh\u00f5es, sem vender um \u00fanico cr\u00e9dito. Esses valores n\u00e3o representavam dinheiro dispon\u00edvel, mas inflavam balan\u00e7os e permitiam ampliar empr\u00e9stimos e a venda de CDBs no mercado.<\/p>\n<p class=\"postParagraph_post-paragraph__juWZN postParagraph_post-paragraph-innerHtml__Q5vwc\">A \u00e1rea usada como base para o projeto \u00e9 alvo de disputas fundi\u00e1rias e registros que indicam se tratar de terra da Uni\u00e3o, destinada \u00e0 reforma agr\u00e1ria e impedida de negocia\u00e7\u00e3o privada. Ainda assim, auditorias teriam validado os ativos com base apenas em informa\u00e7\u00f5es fornecidas pelas pr\u00f3prias empresas, sem checagem efetiva da viabilidade dos cr\u00e9ditos.<\/p>\n<p class=\"postParagraph_post-paragraph__juWZN postParagraph_post-paragraph-innerHtml__Q5vwc\">Em nota, Henrique Moura Vorcaro e Nat\u00e1lia Bueno Vorcaro Zettel afirmaram que n\u00e3o participaram de opera\u00e7\u00f5es il\u00edcitas e que atuam de boa-f\u00e9, seguindo normas de governan\u00e7a. \u201cO grupo empresarial, cujas atividades det\u00eam boa reputa\u00e7\u00e3o h\u00e1 mais de 40 anos, est\u00e1 \u00e0 disposi\u00e7\u00e3o para esclarecer o que for necess\u00e1rio \u00e0s autoridades\u201d, disseram ao serem procurados pelo jornal.<\/p>\n<p class=\"postParagraph_post-paragraph__juWZN postParagraph_post-paragraph-innerHtml__Q5vwc\">A comunica\u00e7\u00e3o de Daniel Vorcaro declarou que \u201co Banco Master e seu controlador n\u00e3o participam da gest\u00e3o, da administra\u00e7\u00e3o, da precifica\u00e7\u00e3o ou da modelagem t\u00e9cnica dos fundos mencionados\u201d. A defesa afirmou ainda que \u201cas atividades, estimativas e valores declarados nos balan\u00e7os dessas empresas s\u00e3o de responsabilidade exclusiva das respectivas gestoras e dirigentes\u201d.<\/p>\n<p class=\"postParagraph_post-paragraph__juWZN postParagraph_post-paragraph-innerHtml__Q5vwc\">Jos\u00e9 Bittencourt disse que o projeto de ativos de carbono foi interrompido ainda na fase pr\u00e9-inicial ap\u00f3s consultoria apontar problemas fundi\u00e1rios na \u00e1rea. Ele mencionou a exist\u00eancia de um Termo de Ajustamento de Conduta em andamento no Incra e afirmou que \u201cnunca teve nenhum contato com Daniel Vorcaro\u201d.<\/p>\n<p class=\"postParagraph_post-paragraph__juWZN postParagraph_post-paragraph-innerHtml__Q5vwc\">A Reag informou que n\u00e3o comentar\u00e1 o caso. O fazendeiro Marco Ant\u00f4nio de Melo n\u00e3o respondeu aos pedidos de esclarecimento.<\/p>\n<\/div>\n<p><br \/>\n<br \/>Fonte: <a href=\"https:\/\/www.gazetadopovo.com.br\/economia\/projeto-ambiental-credito-carbono-inflar-fundos-master\/\">Gazeta do Povo<\/a><\/p>\n","protected":false},"excerpt":{"rendered":"<p>Um projeto ambiental de cr\u00e9ditos de carbono teria sido usado para inflar artificialmente o patrim\u00f4nio de fundos ligados ao Banco Master, envolvendo terras p\u00fablicas da Uni\u00e3o na Amaz\u00f4nia e valores bilion\u00e1rios sem lastro real no mercado. A estrutura, segundo documentos, tem como investidora a fam\u00edlia do banqueiro Daniel Vorcaro, controlador do banco, suspeito de orquestrar [&hellip;]<\/p>\n","protected":false},"author":5,"featured_media":58197,"comment_status":"open","ping_status":"open","sticky":false,"template":"","format":"standard","meta":{"_seopress_robots_primary_cat":"","_seopress_titles_title":"","_seopress_titles_desc":"","_seopress_robots_index":"","footnotes":""},"categories":[45],"tags":[],"class_list":["post-58730","post","type-post","status-publish","format-standard","has-post-thumbnail","hentry","category-economia"],"_links":{"self":[{"href":"https:\/\/mussicom.com\/noticias\/wp-json\/wp\/v2\/posts\/58730","targetHints":{"allow":["GET"]}}],"collection":[{"href":"https:\/\/mussicom.com\/noticias\/wp-json\/wp\/v2\/posts"}],"about":[{"href":"https:\/\/mussicom.com\/noticias\/wp-json\/wp\/v2\/types\/post"}],"author":[{"embeddable":true,"href":"https:\/\/mussicom.com\/noticias\/wp-json\/wp\/v2\/users\/5"}],"replies":[{"embeddable":true,"href":"https:\/\/mussicom.com\/noticias\/wp-json\/wp\/v2\/comments?post=58730"}],"version-history":[{"count":0,"href":"https:\/\/mussicom.com\/noticias\/wp-json\/wp\/v2\/posts\/58730\/revisions"}],"wp:featuredmedia":[{"embeddable":true,"href":"https:\/\/mussicom.com\/noticias\/wp-json\/wp\/v2\/media\/58197"}],"wp:attachment":[{"href":"https:\/\/mussicom.com\/noticias\/wp-json\/wp\/v2\/media?parent=58730"}],"wp:term":[{"taxonomy":"category","embeddable":true,"href":"https:\/\/mussicom.com\/noticias\/wp-json\/wp\/v2\/categories?post=58730"},{"taxonomy":"post_tag","embeddable":true,"href":"https:\/\/mussicom.com\/noticias\/wp-json\/wp\/v2\/tags?post=58730"}],"curies":[{"name":"wp","href":"https:\/\/api.w.org\/{rel}","templated":true}]}}