{"id":58710,"date":"2026-01-20T12:03:14","date_gmt":"2026-01-20T15:03:14","guid":{"rendered":"https:\/\/mussicom.com\/preco-medio-do-frete-por-km-rodado-aumenta-e-fecha-dezembro-a-r-744-aponta-edenred-repom\/"},"modified":"2026-01-20T12:03:14","modified_gmt":"2026-01-20T15:03:14","slug":"preco-medio-do-frete-por-km-rodado-aumenta-e-fecha-dezembro-a-r-744-aponta-edenred-repom","status":"publish","type":"post","link":"https:\/\/mussicom.com\/noticias\/preco-medio-do-frete-por-km-rodado-aumenta-e-fecha-dezembro-a-r-744-aponta-edenred-repom\/","title":{"rendered":"Pre\u00e7o m\u00e9dio do frete por km rodado aumenta e fecha dezembro a R$ 7,44, aponta Edenred Repom"},"content":{"rendered":"<p> <br \/>\n<\/p>\n<div>\n<div class=\"row\">\n<div class=\"col-lg col-infos mt-0 mt-lg-0\">\n<div class=\"section-sub-title\">\n<p itemprop=\"description\">&#13;<br \/>\n                                Valor \u00e9 o maior registrado em 2025 e representa alta de 1,78% em rela\u00e7\u00e3o a novembro&#13;<br \/>\n&#13;<br \/>\n&#13;\n                            <\/p>\n<\/p><\/div>\n<div class=\"container\">\n<div class=\"row\">\n<div class=\"col-lg p-0 text-lg-end\">\n<div>\n<div id=\"mdEnviarPagina\" class=\"modal fade\" role=\"dialog\">\n<div class=\"modal-dialog\">\n<div class=\"modal-content\">\n<div class=\"modal-body\">\n<p><strong>Estimado usu\u00e1rio.<\/strong><br \/>Preencha o formul\u00e1rio abaixo para remeter a p\u00e1gina.<\/p>\n<\/p><\/div>\n<\/p><\/div>\n<\/p><\/div>\n<\/div><\/div>\n<\/p><\/div>\n<\/p><\/div>\n<\/p><\/div>\n<\/p><\/div>\n<\/p><\/div>\n<div class=\"row justify-content-md-center mt-3\">\n<div class=\"col-lg-auto col-image block-news-main-image\">\n<p>                                <br \/>\n                                                <span class=\"publicity-photo d-block mt-1\">Foto: Sheila Flores<\/span><\/p><\/div>\n<\/p><\/div>\n<div class=\"section-description section-description-noticias mt-3\">\n<p style=\"text-align:justify\">De acordo com dados da \u00faltima an\u00e1lise do \u00cdndice de Frete Rodovi\u00e1rio da Edenred (IFR), com base em dados exclusivos da plataforma Repom, o pre\u00e7o m\u00e9dio do frete por quil\u00f4metro rodado fechou dezembro de 2025 a R$ 7,44 no Pa\u00eds, o que representa uma alta de 1,78% ante novembro e de 6,74% no comparativo com a m\u00e9dia registrada em janeiro de 2025. (R$ 6,97).&#13;\n<\/p>\n<p style=\"text-align:justify\">O resultado de dezembro reflete um cen\u00e1rio de custos ainda pressionados no transporte rodovi\u00e1rio. Apesar da estabilidade do pre\u00e7o do diesel no per\u00edodo, segundo o IPTL, o valor do frete avan\u00e7ou impulsionado por uma demanda mais forte que o usual para o m\u00eas de dezembro, e pela manuten\u00e7\u00e3o da taxa de juros em patamares elevados, que segue impactando os custos log\u00edsticos\u201d, destaca Vinicios Fernandes, diretor da Edenred Repom.<\/p>\n<p style=\"text-align:justify\"><strong>M\u00e9dia anual<\/strong><\/p>\n<p style=\"text-align:justify\">Al\u00e9m da alta em dezembro ante novembro, o \u00edndice aponta tamb\u00e9m que houve aumento de 14,46% quando comparada a m\u00e9dia dos valores praticados em 2025 (R$ 7,28) \u00e0 m\u00e9dia de 2024 (R$ 6,36).<\/p>\n<p style=\"text-align:justify\">\u201cO avan\u00e7o da m\u00e9dia anual em 2025 indica um setor mais aquecido e com custos estruturais ainda desafiadores. Para o in\u00edcio de 2026, a expectativa \u00e9 de novas press\u00f5es sobre o frete, especialmente em fun\u00e7\u00e3o do aumento do ICMS sobre os combust\u00edveis e das proje\u00e7\u00f5es de mais uma safra positiva de gr\u00e3os, o que tende a ampliar a demanda por viagens de frete no Pa\u00eds\u201d, conclui Fernandes.&#13;\n<\/p>\n<p style=\"text-align:justify\">O IFR \u00e9 um \u00edndice do pre\u00e7o m\u00e9dio do frete e sua composi\u00e7\u00e3o \u00e9 levantada com base nos dados exclusivos das 8 milh\u00f5es de transa\u00e7\u00f5es anuais de frete e vale-ped\u00e1gio administradas pela Edenred Repom. A marca da linha de neg\u00f3cios de Mobilidade da Edenred Brasil, h\u00e1 30 anos \u00e9 especializada na gest\u00e3o e pagamento de despesas para o mercado de transporte rodovi\u00e1rio de carga e l\u00edder no segmento de pagamento de frete e vale-ped\u00e1gio.<\/p>\n<p style=\"text-align:justify\">\u00a0<\/p>\n<\/p><\/div>\n<\/p><\/div>\n<p><script data-cfasync=\"false\">\n    !function (f, b, e, v, n, t, s) {\n        if (f.fbq) return; n = f.fbq = function () {\n            n.callMethod ?\n                n.callMethod.apply(n, arguments) : n.queue.push(arguments)\n        };\n        if (!f._fbq) f._fbq = n; n.push = n; n.loaded = !0; n.version = '2.0';\n        n.queue = []; t = b.createElement(e); t.async = !0;\n        t.src = v; s = b.getElementsByTagName(e)[0];\n        s.parentNode.insertBefore(t, s)\n    }(window, document, 'script',\n        'https:\/\/connect.facebook.net\/en_US\/fbevents.js');\n    fbq('init', '522546078623747');\n    fbq('track', 'PageView');\n<\/script><br \/>\n<br \/><br \/>\n<br \/>Fonte: <a href=\"https:\/\/www.agrolink.com.br\/noticias\/preco-medio-do-frete-por-km-rodado-aumenta-e-fecha-dezembro-a-r--7-44--aponta-edenred-repom_510056.html\">AGROLINK<\/a><\/p>\n","protected":false},"excerpt":{"rendered":"<p>&#13; Valor \u00e9 o maior registrado em 2025 e representa alta de 1,78% em rela\u00e7\u00e3o a novembro&#13; &#13; &#13; Estimado usu\u00e1rio.Preencha o formul\u00e1rio abaixo para remeter a p\u00e1gina. Foto: Sheila Flores De acordo com dados da \u00faltima an\u00e1lise do \u00cdndice de Frete Rodovi\u00e1rio da Edenred (IFR), com base em dados exclusivos da plataforma Repom, o [&hellip;]<\/p>\n","protected":false},"author":5,"featured_media":31767,"comment_status":"open","ping_status":"open","sticky":false,"template":"","format":"standard","meta":{"_seopress_robots_primary_cat":"","_seopress_titles_title":"","_seopress_titles_desc":"","_seopress_robots_index":"","footnotes":""},"categories":[53],"tags":[],"class_list":["post-58710","post","type-post","status-publish","format-standard","has-post-thumbnail","hentry","category-agronegocio"],"_links":{"self":[{"href":"https:\/\/mussicom.com\/noticias\/wp-json\/wp\/v2\/posts\/58710","targetHints":{"allow":["GET"]}}],"collection":[{"href":"https:\/\/mussicom.com\/noticias\/wp-json\/wp\/v2\/posts"}],"about":[{"href":"https:\/\/mussicom.com\/noticias\/wp-json\/wp\/v2\/types\/post"}],"author":[{"embeddable":true,"href":"https:\/\/mussicom.com\/noticias\/wp-json\/wp\/v2\/users\/5"}],"replies":[{"embeddable":true,"href":"https:\/\/mussicom.com\/noticias\/wp-json\/wp\/v2\/comments?post=58710"}],"version-history":[{"count":0,"href":"https:\/\/mussicom.com\/noticias\/wp-json\/wp\/v2\/posts\/58710\/revisions"}],"wp:featuredmedia":[{"embeddable":true,"href":"https:\/\/mussicom.com\/noticias\/wp-json\/wp\/v2\/media\/31767"}],"wp:attachment":[{"href":"https:\/\/mussicom.com\/noticias\/wp-json\/wp\/v2\/media?parent=58710"}],"wp:term":[{"taxonomy":"category","embeddable":true,"href":"https:\/\/mussicom.com\/noticias\/wp-json\/wp\/v2\/categories?post=58710"},{"taxonomy":"post_tag","embeddable":true,"href":"https:\/\/mussicom.com\/noticias\/wp-json\/wp\/v2\/tags?post=58710"}],"curies":[{"name":"wp","href":"https:\/\/api.w.org\/{rel}","templated":true}]}}