{"id":58706,"date":"2026-01-20T11:18:20","date_gmt":"2026-01-20T14:18:20","guid":{"rendered":"https:\/\/mussicom.com\/chuva-forte-atinge-peruibe-mas-defesa-civil-afirma-que-nao-ha-desabrigados\/"},"modified":"2026-01-20T11:18:20","modified_gmt":"2026-01-20T14:18:20","slug":"chuva-forte-atinge-peruibe-mas-defesa-civil-afirma-que-nao-ha-desabrigados","status":"publish","type":"post","link":"https:\/\/mussicom.com\/noticias\/chuva-forte-atinge-peruibe-mas-defesa-civil-afirma-que-nao-ha-desabrigados\/","title":{"rendered":"Chuva forte atinge Peru\u00edbe, mas Defesa Civil afirma que n\u00e3o h\u00e1 desabrigados"},"content":{"rendered":"<p> <br \/>\n<\/p>\n<div><\/p>\n<div>A Defesa Civil de Peru\u00edbe informa que, at\u00e9 o momento, n\u00e3o h\u00e1 registro de desabrigados no munic\u00edpio em decorr\u00eancia das fortes chuvas e ventos que provocaram alagamentos e quedas de \u00e1rvores. &#8220;Durante o auge das chuvas, foi necess\u00e1rio o fechamento tempor\u00e1rio da Serra do Guara\u00fa seguindo o protocolo de seguran\u00e7a. No momento, a via opera normalmente&#8221;, informa em nota.<\/div>\n<\/div>\n<p><br \/>\n<br \/>Fonte: <a href=\"https:\/\/jornaldaorla.com.br\/noticias\/chuva-forte-atinge-peruibe-mas-defesa-civil-afirma-que-nao-ha-desabrigados\/\">Jornal Da Orla<\/a><\/p>\n","protected":false},"excerpt":{"rendered":"<p>A Defesa Civil de Peru\u00edbe informa que, at\u00e9 o momento, n\u00e3o h\u00e1 registro de desabrigados no munic\u00edpio em decorr\u00eancia das fortes chuvas e ventos que provocaram alagamentos e quedas de \u00e1rvores. &#8220;Durante o auge das chuvas, foi necess\u00e1rio o fechamento tempor\u00e1rio da Serra do Guara\u00fa seguindo o protocolo de seguran\u00e7a. No momento, a via opera [&hellip;]<\/p>\n","protected":false},"author":5,"featured_media":58707,"comment_status":"open","ping_status":"open","sticky":false,"template":"","format":"standard","meta":{"_seopress_robots_primary_cat":"","_seopress_titles_title":"","_seopress_titles_desc":"","_seopress_robots_index":"","footnotes":""},"categories":[52],"tags":[],"class_list":["post-58706","post","type-post","status-publish","format-standard","has-post-thumbnail","hentry","category-santoseregiao"],"_links":{"self":[{"href":"https:\/\/mussicom.com\/noticias\/wp-json\/wp\/v2\/posts\/58706","targetHints":{"allow":["GET"]}}],"collection":[{"href":"https:\/\/mussicom.com\/noticias\/wp-json\/wp\/v2\/posts"}],"about":[{"href":"https:\/\/mussicom.com\/noticias\/wp-json\/wp\/v2\/types\/post"}],"author":[{"embeddable":true,"href":"https:\/\/mussicom.com\/noticias\/wp-json\/wp\/v2\/users\/5"}],"replies":[{"embeddable":true,"href":"https:\/\/mussicom.com\/noticias\/wp-json\/wp\/v2\/comments?post=58706"}],"version-history":[{"count":0,"href":"https:\/\/mussicom.com\/noticias\/wp-json\/wp\/v2\/posts\/58706\/revisions"}],"wp:featuredmedia":[{"embeddable":true,"href":"https:\/\/mussicom.com\/noticias\/wp-json\/wp\/v2\/media\/58707"}],"wp:attachment":[{"href":"https:\/\/mussicom.com\/noticias\/wp-json\/wp\/v2\/media?parent=58706"}],"wp:term":[{"taxonomy":"category","embeddable":true,"href":"https:\/\/mussicom.com\/noticias\/wp-json\/wp\/v2\/categories?post=58706"},{"taxonomy":"post_tag","embeddable":true,"href":"https:\/\/mussicom.com\/noticias\/wp-json\/wp\/v2\/tags?post=58706"}],"curies":[{"name":"wp","href":"https:\/\/api.w.org\/{rel}","templated":true}]}}