{"id":58659,"date":"2026-01-20T02:03:28","date_gmt":"2026-01-20T05:03:28","guid":{"rendered":"https:\/\/mussicom.com\/exportacao-de-cafe-do-brasil-cai-em-2025-mas-bate-recorde-em-receita\/"},"modified":"2026-01-20T02:03:28","modified_gmt":"2026-01-20T05:03:28","slug":"exportacao-de-cafe-do-brasil-cai-em-2025-mas-bate-recorde-em-receita","status":"publish","type":"post","link":"https:\/\/mussicom.com\/noticias\/exportacao-de-cafe-do-brasil-cai-em-2025-mas-bate-recorde-em-receita\/","title":{"rendered":"Exporta\u00e7\u00e3o de caf\u00e9 do Brasil cai em 2025, mas bate recorde em receita"},"content":{"rendered":"<p> <br \/>\n<\/p>\n<div>\n<p><strong>O Brasil vendeu ao exterior, em 2025, 40,04 milh\u00f5es de sacas de 60 quilos (kg) de caf\u00e9, uma queda de 20,8% em rela\u00e7\u00e3o a 2024. No entanto, a receita da exporta\u00e7\u00e3o do produto no ano passado bateu recorde: US$ 15,586 bilh\u00f5es, um aumento de 24,1% na compara\u00e7\u00e3o com o ano anterior. Os dados, divulgados nesta segunda-feira (19), s\u00e3o do Conselho dos Exportadores de Caf\u00e9 do Brasil (Cecaf\u00e9).<\/strong><img decoding=\"async\" src=\"https:\/\/agenciabrasil.ebc.com.br\/ebc.gif?id=1675399&amp;o=node\" style=\"width:1px; height:1px; display:inline;\"\/><\/p>\n<p><strong>A receita das vendas ao exterior\u00a0registrada em 2025\u00a0\u00e9 a maior desde 1990<\/strong>, quando a Cecaf\u00e9 iniciou o levantamento. As exporta\u00e7\u00f5es brasileiras tiveram como destino 121 pa\u00edses.<\/p>\n<p>De acordo com o\u00a0presidente do Cecaf\u00e9, M\u00e1rcio Ferreira, <strong>o recorde \u00e9 resultado do aumento do valor do produto em 2025 e de investimentos do setor em qualidade.<\/strong><\/p>\n<p>\u201cTivemos m\u00e9dias mensais de pre\u00e7o maiores em 2025 e nossos cafeicultores, bem organizados, mant\u00eam seus investimentos em tecnologia, inova\u00e7\u00e3o e qualidade, o que eleva o patamar dos caf\u00e9s do Brasil e, consequentemente, o seu valor. N\u00e3o \u00e0 toa, somos a \u00fanica origem do mundo que consegue exportar para mais de 120 pa\u00edses, respondendo por mais de um ter\u00e7o do <em>market share<\/em> global\u201d, disse.<\/p>\n<h2>Tarifa\u00e7o<\/h2>\n<p>De acordo com Ferreira, <strong>a diminui\u00e7\u00e3o no n\u00famero de sacas exportadas j\u00e1 era aguardada em 2025 em raz\u00e3o do clima e dos embarques recordes registrados um ano antes, o que reduziu os estoques<\/strong>. \u201cExportamos um volume hist\u00f3rico em 2024, reduzindo o montante de caf\u00e9 armazenado no pa\u00eds, e a safra do ano passado foi impactada pelo clima, combina\u00e7\u00e3o que culminou na limita\u00e7\u00e3o da disponibilidade do produto\u201d, explicou.<\/p>\n<p><strong>Tamb\u00e9m influenciaram o resultado, segundo ele, as tarifas de 50% impostas pelos Estados Unidos sobre o produto brasileiro<\/strong>.<\/p>\n<blockquote>\n<p>\u201cNos quase quatro meses de vig\u00eancia do tarifa\u00e7o sobre todos os tipos de caf\u00e9 do Brasil, entre o come\u00e7o de agosto e o fim de novembro \u2013 vale lembrar que o sol\u00favel ainda segue taxado \u2013, nossos embarques aos norte-americanos despencaram 55%, majoritariamente afetados por essas taxas\u201d, destacou.<\/p>\n<\/blockquote>\n<h2>Principais destinos<\/h2>\n<p><strong>Com a aquisi\u00e7\u00e3o de 5,4 milh\u00f5es de sacas, a Alemanha assumiu a lideran\u00e7a entre os maiores importadores dos caf\u00e9s do Brasil no ano passado<\/strong>, apesar de o volume implicar queda de 28,8% das vendas ao pa\u00eds, na compara\u00e7\u00e3o com 2024. Esse montante representou 13,5% de todos os embarques brasileiros do produto\u00a0em 2025.<\/p>\n<p><strong>Os Estados Unidos, usualmente l\u00edderes dessa classifica\u00e7\u00e3o, desceram \u00e0 segunda posi\u00e7\u00e3o no ano passado, como reflexo do decl\u00ednio observado no per\u00edodo de vig\u00eancia do tarifa\u00e7o<\/strong>. Os estadunidenses importaram 5,3 milh\u00f5es de sacas em 2025 \u2013 13,4% do total, com queda de 33,9% frente aos 12 meses de 2024.<\/p>\n<h2>Tipos de caf\u00e9<\/h2>\n<p>Nos 12 meses do ano passado, o caf\u00e9 ar\u00e1bica foi a esp\u00e9cie mais exportada pelo Brasil, com 32,3 milh\u00f5es de sacas vendidas ao exterior. Esse volume equivale a 80,7% do total.<\/p>\n<p>A esp\u00e9cie can\u00e9fora (conilon e robusta) vem na sequ\u00eancia, com o embarque de 3,9 milh\u00f5es de sacas (10% do total), seguida pelo setor de caf\u00e9 sol\u00favel, com 3,6 milh\u00f5es de sacas (9,2%), e pelo segmento de caf\u00e9 torrado e torrado e mo\u00eddo, com 58.474 sacas (0,1%).<\/p>\n<p>      <!-- Relacionada --><\/p>\n<p>            <!-- Relacionada -->\n    <\/div>\n<p><br \/>\n<br \/>Fonte: <a href=\"https:\/\/agenciabrasil.ebc.com.br\/economia\/noticia\/2026-01\/exportacao-de-cafe-do-brasil-cai-em-2025-mas-bate-recorde-em-receita\">Gazeta do Povo<\/a><\/p>\n","protected":false},"excerpt":{"rendered":"<p>O Brasil vendeu ao exterior, em 2025, 40,04 milh\u00f5es de sacas de 60 quilos (kg) de caf\u00e9, uma queda de 20,8% em rela\u00e7\u00e3o a 2024. No entanto, a receita da exporta\u00e7\u00e3o do produto no ano passado bateu recorde: US$ 15,586 bilh\u00f5es, um aumento de 24,1% na compara\u00e7\u00e3o com o ano anterior. Os dados, divulgados nesta [&hellip;]<\/p>\n","protected":false},"author":5,"featured_media":58660,"comment_status":"open","ping_status":"open","sticky":false,"template":"","format":"standard","meta":{"_seopress_robots_primary_cat":"","_seopress_titles_title":"","_seopress_titles_desc":"","_seopress_robots_index":"","footnotes":""},"categories":[45],"tags":[],"class_list":["post-58659","post","type-post","status-publish","format-standard","has-post-thumbnail","hentry","category-economia"],"_links":{"self":[{"href":"https:\/\/mussicom.com\/noticias\/wp-json\/wp\/v2\/posts\/58659","targetHints":{"allow":["GET"]}}],"collection":[{"href":"https:\/\/mussicom.com\/noticias\/wp-json\/wp\/v2\/posts"}],"about":[{"href":"https:\/\/mussicom.com\/noticias\/wp-json\/wp\/v2\/types\/post"}],"author":[{"embeddable":true,"href":"https:\/\/mussicom.com\/noticias\/wp-json\/wp\/v2\/users\/5"}],"replies":[{"embeddable":true,"href":"https:\/\/mussicom.com\/noticias\/wp-json\/wp\/v2\/comments?post=58659"}],"version-history":[{"count":0,"href":"https:\/\/mussicom.com\/noticias\/wp-json\/wp\/v2\/posts\/58659\/revisions"}],"wp:featuredmedia":[{"embeddable":true,"href":"https:\/\/mussicom.com\/noticias\/wp-json\/wp\/v2\/media\/58660"}],"wp:attachment":[{"href":"https:\/\/mussicom.com\/noticias\/wp-json\/wp\/v2\/media?parent=58659"}],"wp:term":[{"taxonomy":"category","embeddable":true,"href":"https:\/\/mussicom.com\/noticias\/wp-json\/wp\/v2\/categories?post=58659"},{"taxonomy":"post_tag","embeddable":true,"href":"https:\/\/mussicom.com\/noticias\/wp-json\/wp\/v2\/tags?post=58659"}],"curies":[{"name":"wp","href":"https:\/\/api.w.org\/{rel}","templated":true}]}}