{"id":58642,"date":"2026-01-19T21:58:16","date_gmt":"2026-01-20T00:58:16","guid":{"rendered":"https:\/\/mussicom.com\/a-rede-que-impulsionou-o-banco-master-tenta-abafar-o-escandalo\/"},"modified":"2026-01-19T21:58:16","modified_gmt":"2026-01-20T00:58:16","slug":"a-rede-que-impulsionou-o-banco-master-tenta-abafar-o-escandalo","status":"publish","type":"post","link":"https:\/\/mussicom.com\/noticias\/a-rede-que-impulsionou-o-banco-master-tenta-abafar-o-escandalo\/","title":{"rendered":"A rede que impulsionou o Banco Master tenta abafar o esc\u00e2ndalo"},"content":{"rendered":"<p> <br \/>\n<\/p>\n<div id=\"tp-post-content\">\n<p class=\"postParagraph_post-paragraph__juWZN postParagraph_post-paragraph-innerHtml__Q5vwc\">A ascens\u00e3o em tempo recorde do Banco Master, alicer\u00e7ada especialmente por meio da oferta de CDBs com rentabilidade acima da m\u00e9dia de mercado, exp\u00f4s uma rede de influ\u00eancia constru\u00edda pelo ex-controlador Daniel Vorcaro junto a inst\u00e2ncias decis\u00f3rias do Estado brasileiro.<\/p>\n<p class=\"postParagraph_post-paragraph__juWZN postParagraph_post-paragraph-innerHtml__Q5vwc\">O esc\u00e2ndalo de fraudes revelado pelas investiga\u00e7\u00f5es da Opera\u00e7\u00e3o Compliance Zero, da Pol\u00edcia Federal (PF), e a consequente liquida\u00e7\u00e3o do Banco Master pelo Banco Central (BC), geraram ampla repercuss\u00e3o em Bras\u00edlia n\u00e3o apenas pelos riscos financeiros envolvidos, mas pelo envolvimento de figuras poderosas dos tr\u00eas Poderes em decis\u00f5es e iniciativas que, direta ou indiretamente, beneficiaram a institui\u00e7\u00e3o ao longo de sua trajet\u00f3ria.<\/p>\n<p class=\"postParagraph_post-paragraph__juWZN postParagraph_post-paragraph-innerHtml__Q5vwc\">Paralelamente, na leitura de analistas pol\u00edticos e fontes do mercado, decis\u00f5es tomadas em diferentes \u00e1reas institucionais passaram a ser interpretadas como um esfor\u00e7o para conter os efeitos do caso Master. Segundo esses interlocutores, a inten\u00e7\u00e3o seria evitar que as investiga\u00e7\u00f5es avan\u00e7assem sobre as rela\u00e7\u00f5es pol\u00edticas e corporativas constru\u00eddas por Vorcaro ao longo do tempo. Nesse processo, foram se somando iniciativas no Supremo Tribunal Federal (STF), no Tribunal de Contas da Uni\u00e3o (TCU), no Congresso e no governo federal.<\/p>\n<p class=\"postParagraph_post-paragraph__juWZN postParagraph_post-paragraph-innerHtml__Q5vwc\">A mais recente foi a reuni\u00e3o \u2014 fora da agenda oficial \u2014 convocada pelo presidente Luiz In\u00e1cio Lula da Silva no Pal\u00e1cio do Planalto, na manh\u00e3 da \u00faltima quinta-feira (15), com a c\u00fapula da equipe econ\u00f4mica e representantes do Judici\u00e1rio e de \u00f3rg\u00e3os de investiga\u00e7\u00e3o.<\/p>\n<p class=\"postParagraph_post-paragraph__juWZN postParagraph_post-paragraph-innerHtml__Q5vwc\">Horas antes, o Banco Central havia decretado a liquida\u00e7\u00e3o da CBSF DTVM (antiga Reag), institui\u00e7\u00e3o investigada na Opera\u00e7\u00e3o Carbono Oculto, da PF, que apura suspeitas de lavagem de dinheiro em favor do Primeiro Comando da Capital (PCC). Segundo a PF e o Minist\u00e9rio P\u00fablico, a gestora mant\u00e9m conex\u00f5es analisadas no contexto das apura\u00e7\u00f5es que envolvem o Master, num esquema investigado de fraudes estimado em cerca de R$ 11,5 bilh\u00f5es.<\/p>\n<p class=\"postParagraph_post-paragraph__juWZN postParagraph_post-paragraph-innerHtml__Q5vwc\">Participaram do encontro o ministro da Fazenda, Fernando Haddad; o presidente do Banco Central, Gabriel Gal\u00edpolo; o procurador-geral da Rep\u00fablica, Paulo Gonet; o diretor-geral da PF, Andrei Rodrigues; o ministro do STF Alexandre de Moraes; e o secret\u00e1rio da Receita Federal, Robinson Barreirinhas.<\/p>\n<p class=\"postParagraph_post-paragraph__juWZN postParagraph_post-paragraph-innerHtml__Q5vwc\">A reuni\u00e3o durou cerca de duas horas e foi apresentada oficialmente como um esfor\u00e7o para articular uma estrat\u00e9gia integrada de enfrentamento ao crime organizado, elevada ao patamar de \u201ca\u00e7\u00e3o de Estado\u201d.<\/p>\n<p class=\"postParagraph_post-paragraph__juWZN postParagraph_post-paragraph-innerHtml__Q5vwc\">Nos bastidores, por\u00e9m, essa vers\u00e3o perdeu for\u00e7a. A composi\u00e7\u00e3o do encontro refor\u00e7ou a percep\u00e7\u00e3o de que os desdobramentos do caso Master estiveram no centro das discuss\u00f5es \u2013 avalia\u00e7\u00e3o confirmada pelo novo ministro da Justi\u00e7a, Wellington Lima Silva, durante coletiva de posse realizada horas depois. No mesmo evento, Lula buscou enquadrar o epis\u00f3dio dentro da narrativa de combate ao crime organizado.<\/p>\n<p class=\"postParagraph_post-paragraph__juWZN postParagraph_post-paragraph-innerHtml__Q5vwc\">\u201cDepois da situa\u00e7\u00e3o do Banco Central com o Banco Master, eu quero falar ao meu delegado da Pol\u00edcia Federal, ao procurador-geral desse pa\u00eds, falei ao presidente da Suprema Corte [Edson Fachin]: hoje n\u00f3s fizemos uma reuni\u00e3o para dizer que n\u00f3s vamos mostrar que o Estado brasileiro vai derrotar o crime organizado\u201d, afirmou o presidente.<\/p>\n<div class=\"postViewMore_post-view-more-container___5wai\" data-mrf-recirculation=\"Post - Veja tamb\u00e9m\">\n<p class=\"gp-styles-module-size-small-afeYRa gp-styles-module-font-family2-afeYRa gp-styles-module-color-secondary-afeYRa gp-styles-module-weight-bold-afeYRa\">VEJA TAMB\u00c9M:<\/p>\n<ul class=\"postViewMore_post-view-more-list__CU_CE\">\n<li class=\"postViewMore_post-view-more-item__2MzRb\"><span class=\"postViewMore_post-view-more-link-icon___stPC\"><svg xmlns=\"http:\/\/www.w3.org\/2000\/svg\" width=\"16\" height=\"16\" viewbox=\"0 0 16 16\"><rect width=\"16\" height=\"16\" fill=\"none\"\/><g transform=\"translate(3 3)\"><path d=\"M22.5,15l3.4,3.4-3.4,3.4\" transform=\"translate(-15.896 -11.793)\" fill=\"none\" stroke=\"#717171\" stroke-linecap=\"round\" stroke-width=\"1.4\"\/><path d=\"M6,6v4.2a2.452,2.452,0,0,0,2.5,2.4H16\" transform=\"translate(-6 -6)\" fill=\"none\" stroke=\"#717171\" stroke-linecap=\"round\" stroke-width=\"1.4\"\/><\/g><\/svg><\/span><span class=\"postViewMore_post-view-more-link-text__hO_kM\">Quem \u00e9 Nelson Tanure, empres\u00e1rio alvo da opera\u00e7\u00e3o da PF que investiga fraudes do Master<\/span><\/li>\n<li class=\"postViewMore_post-view-more-item__2MzRb\"><span class=\"postViewMore_post-view-more-link-icon___stPC\"><svg xmlns=\"http:\/\/www.w3.org\/2000\/svg\" width=\"16\" height=\"16\" viewbox=\"0 0 16 16\"><rect width=\"16\" height=\"16\" fill=\"none\"\/><g transform=\"translate(3 3)\"><path d=\"M22.5,15l3.4,3.4-3.4,3.4\" transform=\"translate(-15.896 -11.793)\" fill=\"none\" stroke=\"#717171\" stroke-linecap=\"round\" stroke-width=\"1.4\"\/><path d=\"M6,6v4.2a2.452,2.452,0,0,0,2.5,2.4H16\" transform=\"translate(-6 -6)\" fill=\"none\" stroke=\"#717171\" stroke-linecap=\"round\" stroke-width=\"1.4\"\/><\/g><\/svg><\/span><span class=\"postViewMore_post-view-more-link-text__hO_kM\">STF e solu\u00e7\u00e3o pol\u00edtica para Banco Master podem afastar investidores e aumentar juros<\/span><\/li>\n<\/ul>\n<\/div>\n<h2 class=\"postParagraph_post-paragraph__juWZN postParagraph_post-paragraph-innerHtml__Q5vwc postParagraph_type-tag-h2__TtFkT\">Uma rede apartid\u00e1ria de conex\u00f5es <\/h2>\n<p class=\"postParagraph_post-paragraph__juWZN postParagraph_post-paragraph-innerHtml__Q5vwc\">Desde a liquida\u00e7\u00e3o do Banco Master, em novembro, o caso passou a se desdobrar em epis\u00f3dios sucessivos que revelam a extens\u00e3o de suas implica\u00e7\u00f5es. O esquema de fraudes financeiras estimado em cerca de R$ 12 bilh\u00f5es num banco sem relev\u00e2ncia  sist\u00eamica teve rea\u00e7\u00f5es que extrapolaram o padr\u00e3o e ocupou o centro do debate pol\u00edtico e jur\u00eddico em Bras\u00edlia.<\/p>\n<p class=\"postParagraph_post-paragraph__juWZN postParagraph_post-paragraph-innerHtml__Q5vwc\">Segundo gestores do mercado ouvidos pela <strong>Gazeta do Povo<\/strong>, essa proje\u00e7\u00e3o s\u00f3 se explica pela densidade das rela\u00e7\u00f5es cultivadas por Daniel Vorcaro junto a diferentes inst\u00e2ncias do poder.<\/p>\n<p class=\"postParagraph_post-paragraph__juWZN postParagraph_post-paragraph-innerHtml__Q5vwc\">A constru\u00e7\u00e3o dessa rede teve in\u00edcio em 2019, acompanhando a transforma\u00e7\u00e3o de Vorcaro de empres\u00e1rio regional em banqueiro com tr\u00e2nsito nacional. Sua participa\u00e7\u00e3o em eventos de alto padr\u00e3o ajudou a sedimentar sua imagem de sucesso e influ\u00eancia no meio pol\u00edtico-empresarial.<\/p>\n<p class=\"postParagraph_post-paragraph__juWZN postParagraph_post-paragraph-innerHtml__Q5vwc\">O epis\u00f3dio mais emblem\u00e1tico do estilo ostenta\u00e7\u00e3o de Vorcaro foi a festa de anivers\u00e1rio de 15 anos de sua filha, em agosto de 2023, descrita como um megashow privado, com custos avaliados em R$ 15 milh\u00f5es. O ponto de inflex\u00e3o de sua trajet\u00f3ria, no entanto, ocorreu em 2024, quando ele foi apresentado pelo ex-ministro da Fazenda Guido Mantega ao presidente Lula \u2013 gesto que abriu portas e consolidou sua circula\u00e7\u00e3o nos c\u00edrculos pol\u00edticos restritos de Bras\u00edlia.<\/p>\n<p class=\"postParagraph_post-paragraph__juWZN postParagraph_post-paragraph-innerHtml__Q5vwc\">Enquanto o banco acelerava sua expans\u00e3o, numa estrat\u00e9gia que era vista com desconfian\u00e7a por concorrentes da Faria Lima, Vorcaro se tornava presen\u00e7a constante em jantares reservados, eventos fechados e encontros privados com autoridades do Executivo e do Legislativo, muitos deles organizados pelo grupo Esfera Brasil, que re\u00fane lideran\u00e7as no Brasil e no exterior.<\/p>\n<p class=\"postParagraph_post-paragraph__juWZN postParagraph_post-paragraph-innerHtml__Q5vwc\">Em um desses encontros, realizado em outubro do ano passado, em Roma, Vorcaro defendeu que o governo enfrentasse o desequil\u00edbrio fiscal das contas p\u00fablicas e, ao mesmo tempo, manifestou apoio \u00e0 gest\u00e3o Lula, sinalizando uma estrat\u00e9gia de acenos simult\u00e2neos \u00e0 esquerda e \u00e0 direita.<\/p>\n<p class=\"postParagraph_post-paragraph__juWZN postParagraph_post-paragraph-innerHtml__Q5vwc\">Essa articula\u00e7\u00e3o foi refor\u00e7ada pela atua\u00e7\u00e3o de seu cunhado, Fabiano Campos Zettel \u2014 um dos maiores doadores das campanhas de Jair Bolsonaro e Tarc\u00edsio de Freitas em 2022 \u2014, evidenciando a constru\u00e7\u00e3o de pontes tanto com o governo Lula quanto com figuras influentes da direita e do Centr\u00e3o.<\/p>\n<p class=\"postParagraph_post-paragraph__juWZN postParagraph_post-paragraph-innerHtml__Q5vwc\">Nesse per\u00edodo, Vorcaro estreitou rela\u00e7\u00f5es com o senador Ciro Nogueira (PP-PI) e com o presidente nacional do Uni\u00e3o Brasil, Ant\u00f4nio Rueda. Segundo relatos de bastidores, ambos atuaram posteriormente, em 2025, como interlocutores pol\u00edticos para abrir canais de negocia\u00e7\u00e3o visando \u00e0 compra do Banco Master pelo Banco de Bras\u00edlia (BRB). A opera\u00e7\u00e3o, considerada de alto risco, acabou vetada pelo BC.<\/p>\n<p class=\"postParagraph_post-paragraph__juWZN postParagraph_post-paragraph-innerHtml__Q5vwc\">A rede de influ\u00eancia tamb\u00e9m alcan\u00e7ava o governador do Distrito Federal, Ibaneis Rocha, al\u00e9m de parlamentares da C\u00e2mara e do Senado, como Hugo Motta, atual presidente da C\u00e2mara, e Arthur Lira, ex-presidente da Casa.<\/p>\n<p class=\"postParagraph_post-paragraph__juWZN postParagraph_post-paragraph-innerHtml__Q5vwc\">\u201cSem esse tr\u00e2nsito privilegiado \u2014 no Executivo, no Legislativo e no Judici\u00e1rio, alheio a colora\u00e7\u00f5es partid\u00e1rias \u2014 o banco dificilmente teria alcan\u00e7ado o patamar que alcan\u00e7ou\u201d, afirmou um executivo do mercado financeiro \u00e0 Gazeta do Povo, sob condi\u00e7\u00e3o de anonimato.<\/p>\n<p class=\"postParagraph_post-paragraph__juWZN postParagraph_post-paragraph-innerHtml__Q5vwc\">Trata-se de uma pr\u00e1tica recorrente, segundo o gestor. \u201cDesconsiderando fatores morais ou \u00e9ticos, faz sentido tentar converter vantagem econ\u00f4mica em moeda de barganha pol\u00edtica&#8221;, diz. &#8220;O objetivo pode ser garantir longevidade, blindagem jur\u00eddica contra reveses ou expans\u00e3o de influ\u00eancia. Foi exatamente o que vimos no caso de Daniel Vorcaro e do Banco Master\u201d, prossegue.<\/p>\n<h2 class=\"postParagraph_post-paragraph__juWZN postParagraph_post-paragraph-innerHtml__Q5vwc postParagraph_type-tag-h2__TtFkT\">Legislativo: decis\u00f5es favorecem modelo de neg\u00f3cios do Master<\/h2>\n<p class=\"postParagraph_post-paragraph__juWZN postParagraph_post-paragraph-innerHtml__Q5vwc\">Em 2024, quando Vorcaro e o Master j\u00e1 chamavam aten\u00e7\u00e3o no mercado financeiro, se intensificaram no Congresso propostas sobre o Fundo Garantidor de Cr\u00e9ditos (FGC), o cr\u00e9dito consignado e a amplia\u00e7\u00e3o dos instrumentos de capta\u00e7\u00e3o de recursos.<\/p>\n<p class=\"postParagraph_post-paragraph__juWZN postParagraph_post-paragraph-innerHtml__Q5vwc\">Um projeto de lei (PL 4395\/2024) foi apresentado em 14 de novembro de 2024 pelo ent\u00e3o deputado Filipe Barros (PL-PR) propondo elevar o limite de cobertura do FGC de R$ 250 mil para R$ 1 milh\u00e3o por CPF ou CNPJ.<\/p>\n<p class=\"postParagraph_post-paragraph__juWZN postParagraph_post-paragraph-innerHtml__Q5vwc\">A discuss\u00e3o sobre a eleva\u00e7\u00e3o ou flexibiliza\u00e7\u00e3o da cobertura do seguro beneficiava diretamente bancos como o Master, que dependem da capta\u00e7\u00e3o no varejo, ao aumentar a sensa\u00e7\u00e3o de seguran\u00e7a para o investidor. O projeto n\u00e3o chegou a ser aprovado na C\u00e2mara, mas o avan\u00e7o da proposta refor\u00e7ou, no mercado, o poder de influ\u00eancia de Vorcaro junto ao Legislativo.<\/p>\n<p class=\"postParagraph_post-paragraph__juWZN postParagraph_post-paragraph-innerHtml__Q5vwc\">Para o jurista Jos\u00e9 Paes Neto, especialista em lobbying e anticorrup\u00e7\u00e3o pela Universidade Sapienza de Roma, n\u00e3o existe, em tese, problema em influenciar proposi\u00e7\u00f5es legislativas. Setores empresariais fazem isso no mundo todo por meio de pr\u00e1ticas de lobby legitimadas. &#8220;O problema est\u00e1 em garantir benesses em troca dessa influ\u00eancia\u201d, diz.<\/p>\n<p class=\"postParagraph_post-paragraph__juWZN postParagraph_post-paragraph-innerHtml__Q5vwc\">Segundo ele, \u201cquando h\u00e1 uma rela\u00e7\u00e3o excessivamente pr\u00f3xima entre pol\u00edticos, gestores p\u00fablicos e a iniciativa privada, especialmente institui\u00e7\u00f5es financeiras, e quando h\u00e1 aparente troca de favores para influenciar pol\u00edticas p\u00fablicas, esse comportamento deixa de ser lobby leg\u00edtimo e pode caracterizar il\u00edcitos\u201d.<\/p>\n<h2 class=\"postParagraph_post-paragraph__juWZN postParagraph_post-paragraph-innerHtml__Q5vwc postParagraph_type-tag-h2__TtFkT\">Judici\u00e1rio: decis\u00f5es monocr\u00e1ticas e STF sob escrut\u00ednio <\/h2>\n<p class=\"postParagraph_post-paragraph__juWZN postParagraph_post-paragraph-innerHtml__Q5vwc\">Em 2022, quando o processo de expans\u00e3o do Banco Master se cristalizava, t\u00e9cnicos do BC passaram a manifestar preocupa\u00e7\u00f5es crescentes com o modelo de crescimento adotado pela institui\u00e7\u00e3o.<\/p>\n<p class=\"postParagraph_post-paragraph__juWZN postParagraph_post-paragraph-innerHtml__Q5vwc\">O foco das d\u00favidas estava no ritmo acelerado de capta\u00e7\u00e3o, fortemente apoiado na garantia do FGC e na concentra\u00e7\u00e3o de ativos, \u00e0 luz das regras prudenciais previstas em normas como a Resolu\u00e7\u00e3o CMN n\u00ba 4.557\/2017, que trata da gest\u00e3o de riscos e da exig\u00eancia de capital.<\/p>\n<p class=\"postParagraph_post-paragraph__juWZN postParagraph_post-paragraph-innerHtml__Q5vwc\">Neste cen\u00e1rio, disputas regulat\u00f3rias envolvendo bancos m\u00e9dios com perfil semelhante chegaram ao STF, n\u00e3o em a\u00e7\u00f5es diretas contra o Master, mas por meio de mandados de seguran\u00e7a, reclama\u00e7\u00f5es e pedidos cautelares. Nessas a\u00e7\u00f5es, as institui\u00e7\u00f5es questionavam atos de supervis\u00e3o do BC e alegavam risco de interrup\u00e7\u00e3o abrupta das atividades, al\u00e9m de inseguran\u00e7a jur\u00eddica.<\/p>\n<p class=\"postParagraph_post-paragraph__juWZN postParagraph_post-paragraph-innerHtml__Q5vwc\">Em decis\u00f5es individuais entre 2022 e 2023, o ministro Alexandre de Moraes concedeu medidas que evitaram a aplica\u00e7\u00e3o imediata de restri\u00e7\u00f5es mais duras \u00e0s institui\u00e7\u00f5es, permitindo a continuidade das opera\u00e7\u00f5es enquanto os casos seguiam em an\u00e1lise. As decis\u00f5es se apoiaram na necessidade de garantir o devido processo legal e evitar impactos bruscos no sistema financeiro.<\/p>\n<p class=\"postParagraph_post-paragraph__juWZN postParagraph_post-paragraph-innerHtml__Q5vwc\">Entre 2023 e o in\u00edcio de 2024, o ministro Dias Toffoli refor\u00e7ou, em votos e decis\u00f5es, o entendimento, determinando que cabe ao BC conduzir a supervis\u00e3o do sistema financeiro, com prioridade sobre \u00f3rg\u00e3os de controle externo, numa tentativa de resguardar a seguran\u00e7a jur\u00eddica.<\/p>\n<p class=\"postParagraph_post-paragraph__juWZN postParagraph_post-paragraph-innerHtml__Q5vwc\">Isso refor\u00e7ou a percep\u00e7\u00e3o de que modelos de expans\u00e3o agressiva n\u00e3o seriam imediatamente interrompidos por atos unilaterais da supervis\u00e3o, o que acabou beneficiando, por efeito sist\u00eamico, bancos em r\u00e1pida expans\u00e3o.<\/p>\n<h2 class=\"postParagraph_post-paragraph__juWZN postParagraph_post-paragraph-innerHtml__Q5vwc postParagraph_type-tag-h2__TtFkT\">STF ganha protagonismo na conten\u00e7\u00e3o do caso<\/h2>\n<p class=\"postParagraph_post-paragraph__juWZN postParagraph_post-paragraph-innerHtml__Q5vwc\">Atualmente, Toffoli e Moraes est\u00e3o sob questionamento e escrut\u00ednio p\u00fablico em raz\u00e3o de uma sequ\u00eancia de acontecimentos e decis\u00f5es. No caso de Toffoli, a atua\u00e7\u00e3o passou a ser criticada ap\u00f3s o ministro trazer ao Supremo, no in\u00edcio de dezembro de 2025, o processo envolvendo Vorcaro.<\/p>\n<p class=\"postParagraph_post-paragraph__juWZN postParagraph_post-paragraph-innerHtml__Q5vwc\">O pedido da defesa do empres\u00e1rio buscava retirar o caso da primeira inst\u00e2ncia a partir da men\u00e7\u00e3o a um parlamentar com foro privilegiado. Toffoli imp\u00f4s sigilo integral \u00e0 tramita\u00e7\u00e3o, o que suspendeu o andamento regular do inqu\u00e9rito e restringiu o acesso p\u00fablico aos autos.<\/p>\n<p class=\"postParagraph_post-paragraph__juWZN postParagraph_post-paragraph-innerHtml__Q5vwc\">Em seguida, determinou a realiza\u00e7\u00e3o de uma acarea\u00e7\u00e3o entre investigados e o diretor de Fiscaliza\u00e7\u00e3o do BC, incluindo Vorcaro e o ex-presidente do BRB, em decis\u00e3o tomada sem pedido expresso da Pol\u00edcia Federal e em pleno recesso do Judici\u00e1rio.<\/p>\n<p class=\"postParagraph_post-paragraph__juWZN postParagraph_post-paragraph-innerHtml__Q5vwc\">O desgaste se intensificou ap\u00f3s a divulga\u00e7\u00e3o de uma viagem realizada dias antes, em 28 de novembro de 2025, quando Toffoli embarcou em um jato particular com destino a Lima (Peru), onde assistiu \u00e0 final da Copa Libertadores. Na aeronave estava o advogado Augusto de Arruda Botelho, do grupo Prerrogativas, que atua na defesa de um dos diretores do Banco Master em processos no Supremo.<\/p>\n<p class=\"postParagraph_post-paragraph__juWZN postParagraph_post-paragraph-innerHtml__Q5vwc\">Na sequ\u00eancia, reportagens revelaram que um irm\u00e3o de Toffoli figurou como s\u00f3cio de um resort vinculado ao grupo econ\u00f4mico do Banco Master. O empreendimento fazia parte do bra\u00e7o imobili\u00e1rio associado ao banco no per\u00edodo anterior \u00e0 sua liquida\u00e7\u00e3o pelo Banco Central. A informa\u00e7\u00e3o ampliou a sensa\u00e7\u00e3o de esfacelamento institucional, ao levantar questionamentos p\u00fablicos sobre potenciais conflitos de interesse no caso.<\/p>\n<p class=\"postParagraph_post-paragraph__juWZN postParagraph_post-paragraph-innerHtml__Q5vwc\">J\u00e1 Moraes entrou na berlinda ap\u00f3s a revela\u00e7\u00e3o de contratos entre o Banco Master e o escrit\u00f3rio de sua esposa, Viviane Barci de Moraes. Firmado em janeiro de 2024, o acordo previa pagamentos mensais de R$ 3,6 milh\u00f5es por tr\u00eas anos \u2014 cerca de R$ 129 milh\u00f5es no total \u2014 para atua\u00e7\u00e3o consultiva junto ao Banco Central, Receita Federal, Congresso e inst\u00e2ncias judiciais e administrativas, sem especifica\u00e7\u00e3o dos servi\u00e7os contratados. Com a liquida\u00e7\u00e3o do banco, os repasses foram interrompidos, e n\u00e3o h\u00e1 informa\u00e7\u00e3o p\u00fablica sobre quanto do valor foi efetivamente pago.<\/p>\n<p class=\"postParagraph_post-paragraph__juWZN postParagraph_post-paragraph-innerHtml__Q5vwc\">Para Paes Neto, os epis\u00f3dios arranham a credibilidade do STF. \u201cNo caso do Supremo, n\u00e3o basta que os ministros sejam imparciais; \u00e9 fundamental que tamb\u00e9m pare\u00e7am imparciais\u201d. Para ele, \u201ccortes superiores exigem uma conduta especialmente rigorosa para preservar a legitimidade de suas decis\u00f5es, sobretudo diante do protagonismo crescente do STF\u201d.<\/p>\n<div class=\"postViewMore_post-view-more-container___5wai\" data-mrf-recirculation=\"Post - Veja tamb\u00e9m\">\n<p class=\"gp-styles-module-size-small-afeYRa gp-styles-module-font-family2-afeYRa gp-styles-module-color-secondary-afeYRa gp-styles-module-weight-bold-afeYRa\">VEJA TAMB\u00c9M:<\/p>\n<ul class=\"postViewMore_post-view-more-list__CU_CE\">\n<li class=\"postViewMore_post-view-more-item__2MzRb\"><span class=\"postViewMore_post-view-more-link-icon___stPC\"><svg xmlns=\"http:\/\/www.w3.org\/2000\/svg\" width=\"16\" height=\"16\" viewbox=\"0 0 16 16\"><rect width=\"16\" height=\"16\" fill=\"none\"\/><g transform=\"translate(3 3)\"><path d=\"M22.5,15l3.4,3.4-3.4,3.4\" transform=\"translate(-15.896 -11.793)\" fill=\"none\" stroke=\"#717171\" stroke-linecap=\"round\" stroke-width=\"1.4\"\/><path d=\"M6,6v4.2a2.452,2.452,0,0,0,2.5,2.4H16\" transform=\"translate(-6 -6)\" fill=\"none\" stroke=\"#717171\" stroke-linecap=\"round\" stroke-width=\"1.4\"\/><\/g><\/svg><\/span><span class=\"postViewMore_post-view-more-link-text__hO_kM\">Esc\u00e2ndalo do Banco Master afunda imagem do STF e pode impactar as elei\u00e7\u00f5es<\/span><\/li>\n<\/ul>\n<\/div>\n<h2 class=\"postParagraph_post-paragraph__juWZN postParagraph_post-paragraph-innerHtml__Q5vwc postParagraph_type-tag-h2__TtFkT\">Executivo: o nome temido pelo Planalto <\/h2>\n<p class=\"postParagraph_post-paragraph__juWZN postParagraph_post-paragraph-innerHtml__Q5vwc\">No Executivo, a preocupa\u00e7\u00e3o com os desdobramentos do caso n\u00e3o \u00e9 menor diante da possibilidade de associa\u00e7\u00e3o a figuras do primeiro escal\u00e3o do governo Lula. Nesse contexto, o nome que mais causa apreens\u00e3o no Planalto \u00e9 o de Augusto &#8220;Guga&#8221; Ferreira Lima, ex-s\u00f3cio de Vorcaro.<\/p>\n<p class=\"postParagraph_post-paragraph__juWZN postParagraph_post-paragraph-innerHtml__Q5vwc\">Lima foi operador do CredCesta, programa de cr\u00e9dito consignado implantado em 2018, no governo de Rui Costa (PT), voltado principalmente a servidores estaduais. A operacionaliza\u00e7\u00e3o (como a emiss\u00e3o dos cart\u00f5es, a an\u00e1lise de cr\u00e9dito e os contratos consignados) foi realizada inicialmente pelo Banco Master, e depois dos problemas judiciais, foi repassada ao Banco Pleno.<\/p>\n<p class=\"postParagraph_post-paragraph__juWZN postParagraph_post-paragraph-innerHtml__Q5vwc\">Foi nesse ambiente institucional que Lima, ligado diretamente ao senador Jaques Wagner (PT-BA) \u2013 figura-chave da articula\u00e7\u00e3o pol\u00edtica do Planalto e elo na conex\u00e3o entre o banco e o estado baiano \u2013 construiu sua atua\u00e7\u00e3o antes de ingressar no banco de Vorcaro.<\/p>\n<p class=\"postParagraph_post-paragraph__juWZN postParagraph_post-paragraph-innerHtml__Q5vwc\">O receio no governo decorre da possibilidade de que as investiga\u00e7\u00f5es evidenciem que a base do crescimento do Master n\u00e3o foi apenas financeira, mas tamb\u00e9m administrativa e pol\u00edtica, sustentada por decis\u00f5es do governo baiano.<\/p>\n<h2 class=\"postParagraph_post-paragraph__juWZN postParagraph_post-paragraph-innerHtml__Q5vwc postParagraph_type-tag-h2__TtFkT\">Embate entre BC e TCU exp\u00f5e tentativa de salvar o Master<\/h2>\n<p class=\"postParagraph_post-paragraph__juWZN postParagraph_post-paragraph-innerHtml__Q5vwc\">Iniciativas para revisar a liquida\u00e7\u00e3o extrajudicial do banco desencadeadas pelo Tribunal de Contas da Uni\u00e3o intensificaram a percep\u00e7\u00e3o de tentativas de barrar as investiga\u00e7\u00f5es do caso. O ministro Jonathas de Jesus, do TCU, articulou a abertura de uma inspe\u00e7\u00e3o in\u00e9dita para investigar a atua\u00e7\u00e3o do BC sob o argumento de que o \u00f3rg\u00e3o teria extrapolado compet\u00eancias ou falhado em deveres de supervis\u00e3o.<\/p>\n<p class=\"postParagraph_post-paragraph__juWZN postParagraph_post-paragraph-innerHtml__Q5vwc\">A iniciativa gerou forte rea\u00e7\u00e3o t\u00e9cnica e jur\u00eddica e foi vista como press\u00e3o pol\u00edtica sobre o BC. Por fim, acabou esvaziada por um arranjo institucional costurado entre o Banco Central e o TCU \u2014 que limitou o alcance da inspe\u00e7\u00e3o, preservando o sigilo banc\u00e1rio e afastando qualquer efeito concreto capaz de barrar a investiga\u00e7\u00e3o, anular decis\u00f5es do BC ou reverter a liquida\u00e7\u00e3o do banco.<\/p>\n<p class=\"postParagraph_post-paragraph__juWZN postParagraph_post-paragraph-innerHtml__Q5vwc\">A medida arrefeceu a tens\u00e3o imediata, mas n\u00e3o encerrou o conflito. Nos bastidores, Gal\u00edpolo passou a atuar para preservar a autonomia do BC e consolidar a liquida\u00e7\u00e3o como fato consumado, refor\u00e7ando a articula\u00e7\u00e3o com a Pol\u00edcia Federal.<\/p>\n<p class=\"postParagraph_post-paragraph__juWZN postParagraph_post-paragraph-innerHtml__Q5vwc\">A estrat\u00e9gia foi ancorar a interven\u00e7\u00e3o regulat\u00f3ria em investiga\u00e7\u00f5es criminais em curso, deixando claro que a medida n\u00e3o se limitou a uma decis\u00e3o t\u00e9cnica, mas respondeu a um ambiente marcado por riscos sist\u00eamicos e ind\u00edcios robustos de irregularidades.<\/p>\n<p class=\"postParagraph_post-paragraph__juWZN postParagraph_post-paragraph-innerHtml__Q5vwc\">Ap\u00f3s a deflagra\u00e7\u00e3o da segunda fase da Opera\u00e7\u00e3o Compliance Zero, na \u00faltima quarta-feira (16), a condu\u00e7\u00e3o do caso no STF mostrou que a tentativa de administrar (ou amortecer) os efeitos da investiga\u00e7\u00e3o permanecem.<\/p>\n<p class=\"postParagraph_post-paragraph__juWZN postParagraph_post-paragraph-innerHtml__Q5vwc\">Toffoli decretou sigilo refor\u00e7ado, retirou a Pol\u00edcia Federal da cust\u00f3dia direta das provas e tentou centralizar o material no STF, que tradicionalmente deveria ir para a PF. A partir dos mandados de busca e apreens\u00e3o contra os empres\u00e1rios Fabiano Zettel e Nelson Tanure, s\u00f3cios de Vorcaro, Toffoli apreendeu 39 celulares, 31 computadores, 30 armas, R$ 645 mil em esp\u00e9cie e 23 ve\u00edculos, avaliados em R$ 16 milh\u00f5es.<\/p>\n<p class=\"postParagraph_post-paragraph__juWZN postParagraph_post-paragraph-innerHtml__Q5vwc\">A PF alertou para o risco de frustra\u00e7\u00e3o da opera\u00e7\u00e3o caso os dispositivos n\u00e3o fossem submetidos de forma imediata \u00e0 per\u00edcia t\u00e9cnica, como \u00e9 praxe, inclusive pelo risco de apagamento remoto de dados em nuvem.<\/p>\n<p class=\"postParagraph_post-paragraph__juWZN postParagraph_post-paragraph-innerHtml__Q5vwc\">Ao longo da tarde, diante do estranhamento p\u00fablico, cr\u00edticas na imprensa e no meio pol\u00edtico, Toffoli passou a ajustar sua posi\u00e7\u00e3o. Primeiro, divulgou nota oficial afirmando que o acautelamento teria como finalidade apenas a preserva\u00e7\u00e3o das provas, que seriam posteriormente periciadas pelas autoridades competentes.<\/p>\n<p class=\"postParagraph_post-paragraph__juWZN postParagraph_post-paragraph-innerHtml__Q5vwc\">Em seguida, em um segundo comunicado, informou que o material sequer havia chegado ao STF e determinou que os aparelhos permanecessem com a PF, desde que mantidos carregados e desacoplados de redes telef\u00f4nicas e de wi-fi, orienta\u00e7\u00e3o que, segundo investigadores, aumentaria o risco de elimina\u00e7\u00e3o remota de arquivos.<\/p>\n<p class=\"postParagraph_post-paragraph__juWZN postParagraph_post-paragraph-innerHtml__Q5vwc\">\u00c0 noite, em novo movimento que reacendeu a controv\u00e9rsia, Toffoli mudou novamente o destino das provas e determinou o encaminhamento direto de todo o material apreendido da PF \u00e0 PGR \u2014 que j\u00e1 tinha se manifestado pela manuten\u00e7\u00e3o das provas sob cust\u00f3dia da Pol\u00edcia Federal.<\/p>\n<p class=\"postParagraph_post-paragraph__juWZN postParagraph_post-paragraph-innerHtml__Q5vwc\">No dia seguinte, ap\u00f3s manifesta\u00e7\u00e3o formal da pr\u00f3pria PGR e diante da rea\u00e7\u00e3o institucional, Toffoli autorizou a participa\u00e7\u00e3o de quatro peritos da Pol\u00edcia Federal na extra\u00e7\u00e3o de dados e na per\u00edcia.<\/p>\n<p class=\"postParagraph_post-paragraph__juWZN postParagraph_post-paragraph-innerHtml__Q5vwc\">Os supostos do ministro visaram reduzir a press\u00e3o p\u00fablica imediata, mas n\u00e3o funcionou. Pelo contr\u00e1rio, contribu\u00edram para ainda mais cr\u00edticas \u00e0 postura de Toffoli e aumentaram os holofotes sobre o ministro.<\/p>\n<p class=\"postParagraph_post-paragraph__juWZN postParagraph_post-paragraph-innerHtml__Q5vwc\">Senadores da oposi\u00e7\u00e3o j\u00e1 haviam apresentado, na quarta-feira (14), um pedido de impeachment contra o ministro, por suposto crime de responsabilidade. Assinado por Magno Malta (PL-ES), Eduardo Gir\u00e3o (Novo-CE) e Damares Alves (Republicanos-DF), o pedido alega &#8220;viola\u00e7\u00e3o da imparcialidade&#8221;, j\u00e1 que Toffoli \u00e9 o relator do caso no Supremo; &#8220;poss\u00edvel conflito de interesses&#8221;, pela liga\u00e7\u00e3o de parentes do ministro ao Master; e &#8220;conduta incompat\u00edvel com o decoro do cargo&#8221;, pela viagem com o advogado de diretor do Master.<\/p>\n<p class=\"postParagraph_post-paragraph__juWZN postParagraph_post-paragraph-innerHtml__Q5vwc\">Na sexta-feira (16), a Transpar\u00eancia Internacional Brasil defendeu que a PGR deveria pedir ao STF o afastamento do ministro\u00a0do inqu\u00e9rito sobre o Banco Master. A ONG afirmou que \u201co hist\u00f3rico de Toffoli \u00e9 suficiente para tornar v\u00e3 qualquer expectativa de que se afaste do caso\u201d.<\/p>\n<p class=\"postParagraph_post-paragraph__juWZN postParagraph_post-paragraph-innerHtml__Q5vwc\">\u201c\u00c9 um juiz que n\u00e3o se declarou impedido para (1) votar pela anula\u00e7\u00e3o da dela\u00e7\u00e3o de Cabral que o citava; (2) anular monocraticamente as provas da Odebrecht, incluindo depoimento que o citava e e-mail citando o \u2018amigo do amigo de meu pai\u2019; (3) suspender multa de 10 bilh\u00f5es da J&amp;F, que tinha sua esposa como advogada\u201d, disse a Transpar\u00eancia Internacional Brasil no X.<\/p>\n<p class=\"postParagraph_post-paragraph__juWZN postParagraph_post-paragraph-innerHtml__Q5vwc\">Aumentando o cerco, a Associa\u00e7\u00e3o Nacional dos Delegados de Pol\u00edcia Federal (ADPF) divulgou neste s\u00e1bado (17) nota p\u00fablica em que manifesta \u201celevada preocupa\u00e7\u00e3o\u201d com a condu\u00e7\u00e3o das investiga\u00e7\u00f5es no \u00e2mbito do STF. O texto afirma que despachos de Toffoli causam \u201cleg\u00edtima perplexidade institucional\u201d e que as \u201cprovid\u00eancias\u201d adotadas pelo ministro \u201cdestoam dos protocolos institucionais da Pol\u00edcia Federal\u201d.<\/p>\n<p class=\"postParagraph_post-paragraph__juWZN postParagraph_post-paragraph-innerHtml__Q5vwc\">Neste clima de disputa, Toffoli ter\u00e1 de decidir sobre a solicita\u00e7\u00e3o da PF para a abertura de um inqu\u00e9rito espec\u00edfico para investigar a suposta campanha coordenada nas redes sociais com influenciadores recrutados para difamar o Banco Central pela liquida\u00e7\u00e3o do Master.<\/p>\n<p class=\"postParagraph_post-paragraph__juWZN postParagraph_post-paragraph-innerHtml__Q5vwc\">A PF deseja apurar se os 46 perfis foram acionados para atacar o BC e tentar reverter a liquida\u00e7\u00e3o do Master a mando do banqueiro Daniel Vorcaro, que nega as acusa\u00e7\u00f5es. O pedido foi feito na \u00faltima ter\u00e7a-feira (13). A resposta indicar\u00e1 se o ministro est\u00e1 confort\u00e1vel ou n\u00e3o para dobrar a aposta na conten\u00e7\u00e3o do esc\u00e2ndalo.<\/p>\n<div class=\"postViewMore_post-view-more-container___5wai\" data-mrf-recirculation=\"Post - Veja tamb\u00e9m\">\n<p class=\"gp-styles-module-size-small-afeYRa gp-styles-module-font-family2-afeYRa gp-styles-module-color-secondary-afeYRa gp-styles-module-weight-bold-afeYRa\">VEJA TAMB\u00c9M:<\/p>\n<ul class=\"postViewMore_post-view-more-list__CU_CE\">\n<li class=\"postViewMore_post-view-more-item__2MzRb\"><span class=\"postViewMore_post-view-more-link-icon___stPC\"><svg xmlns=\"http:\/\/www.w3.org\/2000\/svg\" width=\"16\" height=\"16\" viewbox=\"0 0 16 16\"><rect width=\"16\" height=\"16\" fill=\"none\"\/><g transform=\"translate(3 3)\"><path d=\"M22.5,15l3.4,3.4-3.4,3.4\" transform=\"translate(-15.896 -11.793)\" fill=\"none\" stroke=\"#717171\" stroke-linecap=\"round\" stroke-width=\"1.4\"\/><path d=\"M6,6v4.2a2.452,2.452,0,0,0,2.5,2.4H16\" transform=\"translate(-6 -6)\" fill=\"none\" stroke=\"#717171\" stroke-linecap=\"round\" stroke-width=\"1.4\"\/><\/g><\/svg><\/span><span class=\"postViewMore_post-view-more-link-text__hO_kM\">Lacre de mais 5 celulares de Vorcaro pode travar conex\u00e3o de provas e comprometer novos depoimentos<\/span><\/li>\n<\/ul>\n<\/div>\n<\/div>\n<p><br \/>\n<br \/>Fonte: <a href=\"https:\/\/www.gazetadopovo.com.br\/economia\/banco-master-como-o-sistema-impulsionou-ascensao-vorcaro\/\">Gazeta do Povo<\/a><\/p>\n","protected":false},"excerpt":{"rendered":"<p>A ascens\u00e3o em tempo recorde do Banco Master, alicer\u00e7ada especialmente por meio da oferta de CDBs com rentabilidade acima da m\u00e9dia de mercado, exp\u00f4s uma rede de influ\u00eancia constru\u00edda pelo ex-controlador Daniel Vorcaro junto a inst\u00e2ncias decis\u00f3rias do Estado brasileiro. O esc\u00e2ndalo de fraudes revelado pelas investiga\u00e7\u00f5es da Opera\u00e7\u00e3o Compliance Zero, da Pol\u00edcia Federal (PF), [&hellip;]<\/p>\n","protected":false},"author":5,"featured_media":58643,"comment_status":"open","ping_status":"open","sticky":false,"template":"","format":"standard","meta":{"_seopress_robots_primary_cat":"","_seopress_titles_title":"","_seopress_titles_desc":"","_seopress_robots_index":"","footnotes":""},"categories":[45],"tags":[],"class_list":["post-58642","post","type-post","status-publish","format-standard","has-post-thumbnail","hentry","category-economia"],"_links":{"self":[{"href":"https:\/\/mussicom.com\/noticias\/wp-json\/wp\/v2\/posts\/58642","targetHints":{"allow":["GET"]}}],"collection":[{"href":"https:\/\/mussicom.com\/noticias\/wp-json\/wp\/v2\/posts"}],"about":[{"href":"https:\/\/mussicom.com\/noticias\/wp-json\/wp\/v2\/types\/post"}],"author":[{"embeddable":true,"href":"https:\/\/mussicom.com\/noticias\/wp-json\/wp\/v2\/users\/5"}],"replies":[{"embeddable":true,"href":"https:\/\/mussicom.com\/noticias\/wp-json\/wp\/v2\/comments?post=58642"}],"version-history":[{"count":0,"href":"https:\/\/mussicom.com\/noticias\/wp-json\/wp\/v2\/posts\/58642\/revisions"}],"wp:featuredmedia":[{"embeddable":true,"href":"https:\/\/mussicom.com\/noticias\/wp-json\/wp\/v2\/media\/58643"}],"wp:attachment":[{"href":"https:\/\/mussicom.com\/noticias\/wp-json\/wp\/v2\/media?parent=58642"}],"wp:term":[{"taxonomy":"category","embeddable":true,"href":"https:\/\/mussicom.com\/noticias\/wp-json\/wp\/v2\/categories?post=58642"},{"taxonomy":"post_tag","embeddable":true,"href":"https:\/\/mussicom.com\/noticias\/wp-json\/wp\/v2\/tags?post=58642"}],"curies":[{"name":"wp","href":"https:\/\/api.w.org\/{rel}","templated":true}]}}