{"id":58630,"date":"2026-01-19T20:55:22","date_gmt":"2026-01-19T23:55:22","guid":{"rendered":"https:\/\/mussicom.com\/cristaos-sao-mortos-durante-repressao-do-ira-a-protestos\/"},"modified":"2026-01-19T20:55:22","modified_gmt":"2026-01-19T23:55:22","slug":"cristaos-sao-mortos-durante-repressao-do-ira-a-protestos","status":"publish","type":"post","link":"https:\/\/mussicom.com\/noticias\/cristaos-sao-mortos-durante-repressao-do-ira-a-protestos\/","title":{"rendered":"Crist\u00e3os s\u00e3o mortos durante repress\u00e3o do Ir\u00e3 a protestos"},"content":{"rendered":"<p> <br \/>\n<\/p>\n<div id=\"tp-post-content\">\n<p class=\"postParagraph_post-paragraph__juWZN postParagraph_post-paragraph-innerHtml__Q5vwc\">Sete crist\u00e3os arm\u00eanio-iranianos foram mortos durante a repress\u00e3o violenta do regime isl\u00e2mico do Ir\u00e3 aos protestos em curso no pa\u00eds, segundo informou a Portas Abertas, organiza\u00e7\u00e3o internacional que monitora persegui\u00e7\u00e3o religiosa. De acordo com a entidade, as mortes ocorreram em a\u00e7\u00f5es das for\u00e7as de seguran\u00e7a contra manifestantes, e ao menos tr\u00eas outros crist\u00e3os ficaram feridos.<\/p>\n<p class=\"postParagraph_post-paragraph__juWZN postParagraph_post-paragraph-innerHtml__Q5vwc\">Segundo a Portas Abertas, uma das v\u00edtimas foi publicamente identificada como Ejmin Masihi. A organiza\u00e7\u00e3o afirma ainda que pelo menos um crist\u00e3o de origem mu\u00e7ulmana est\u00e1 entre os milhares de detidos nas pris\u00f5es em massa realizadas em diferentes regi\u00f5es do pa\u00eds.<\/p>\n<p class=\"postParagraph_post-paragraph__juWZN postParagraph_post-paragraph-innerHtml__Q5vwc\">De acordo com a entidade, crist\u00e3os convertidos do islamismo enfrentam tratamento mais severo por parte das autoridades do Ir\u00e3, uma vez que a convers\u00e3o \u00e9 considerada trai\u00e7\u00e3o \u00e0 religi\u00e3o oficial do Estado iraniano, o islamismo. Al\u00e9m disso, tanto comunidades crist\u00e3s reconhecidas oficialmente &#8211; como arm\u00eanios e ass\u00edrios &#8211; quanto grupos n\u00e3o reconhecidos t\u00eam sido afetados pela instabilidade e pela viol\u00eancia associada aos protestos.<\/p>\n<p class=\"postParagraph_post-paragraph__juWZN postParagraph_post-paragraph-innerHtml__Q5vwc\">\u201cAs vidas e a liberdade das\u00a0comunidades crist\u00e3s reconhecidas (arm\u00eania-iraniana e ass\u00edria)\u00a0assim como as n\u00e3o reconhecidas (crist\u00e3s de origem mu\u00e7ulmana)\u00a0est\u00e3o\u00a0afetadas pela instabilidade atual no Ir\u00e3.\u00a0A verdadeira dimens\u00e3o das mortes ainda \u00e9 incerta, e o blecaute da internet tornou a verifica\u00e7\u00e3o\u00a0e as atualiza\u00e7\u00f5es das informa\u00e7\u00f5es\u00a0extremamente dif\u00edcil\u201d, diz a Portas Abertas.<\/p>\n<p class=\"postParagraph_post-paragraph__juWZN postParagraph_post-paragraph-innerHtml__Q5vwc\">Segundo informa\u00e7\u00f5es divulgadas pela ag\u00eancia <em>Reuters<\/em>, cerca de 5 mil pessoas j\u00e1 morreram em decorr\u00eancia da repress\u00e3o \u00e0s manifesta\u00e7\u00f5es em curso no Ir\u00e3 desde o fim de dezembro, ap\u00f3s a piora da crise econ\u00f4mica e do custo de vida. O n\u00famero foi corroborado pela Ag\u00eancia de Not\u00edcias dos Ativistas dos Direitos Humanos (HRANA), que vem monitorando v\u00edtimas e deten\u00e7\u00f5es desde o in\u00edcio dos protestos.<\/p>\n<p class=\"postParagraph_post-paragraph__juWZN postParagraph_post-paragraph-innerHtml__Q5vwc\">A HRANA informou ainda que dezenas de milhares de pessoas foram presas desde o in\u00edcio das manifesta\u00e7\u00f5es. O l\u00edder supremo do Ir\u00e3, Ali Khamenei, atribuiu a responsabilidade pelas mortes aos Estados Unidos e classificou os protestos em curso como uma conspira\u00e7\u00e3o estrangeira.<\/p>\n<\/div>\n<p><br \/>\n<br \/>Fonte: <a href=\"https:\/\/www.gazetadopovo.com.br\/mundo\/sete-cristaos-sao-mortos-durante-a-repressao-violenta-do-ira-aos-protestos-contra-o-regime\/\">Revista Oeste<\/a><\/p>\n","protected":false},"excerpt":{"rendered":"<p>Sete crist\u00e3os arm\u00eanio-iranianos foram mortos durante a repress\u00e3o violenta do regime isl\u00e2mico do Ir\u00e3 aos protestos em curso no pa\u00eds, segundo informou a Portas Abertas, organiza\u00e7\u00e3o internacional que monitora persegui\u00e7\u00e3o religiosa. De acordo com a entidade, as mortes ocorreram em a\u00e7\u00f5es das for\u00e7as de seguran\u00e7a contra manifestantes, e ao menos tr\u00eas outros crist\u00e3os ficaram feridos. [&hellip;]<\/p>\n","protected":false},"author":5,"featured_media":58077,"comment_status":"open","ping_status":"open","sticky":false,"template":"","format":"standard","meta":{"_seopress_robots_primary_cat":"","_seopress_titles_title":"","_seopress_titles_desc":"","_seopress_robots_index":"","footnotes":""},"categories":[1],"tags":[],"class_list":["post-58630","post","type-post","status-publish","format-standard","has-post-thumbnail","hentry","category-ultimas-noticias"],"_links":{"self":[{"href":"https:\/\/mussicom.com\/noticias\/wp-json\/wp\/v2\/posts\/58630","targetHints":{"allow":["GET"]}}],"collection":[{"href":"https:\/\/mussicom.com\/noticias\/wp-json\/wp\/v2\/posts"}],"about":[{"href":"https:\/\/mussicom.com\/noticias\/wp-json\/wp\/v2\/types\/post"}],"author":[{"embeddable":true,"href":"https:\/\/mussicom.com\/noticias\/wp-json\/wp\/v2\/users\/5"}],"replies":[{"embeddable":true,"href":"https:\/\/mussicom.com\/noticias\/wp-json\/wp\/v2\/comments?post=58630"}],"version-history":[{"count":0,"href":"https:\/\/mussicom.com\/noticias\/wp-json\/wp\/v2\/posts\/58630\/revisions"}],"wp:featuredmedia":[{"embeddable":true,"href":"https:\/\/mussicom.com\/noticias\/wp-json\/wp\/v2\/media\/58077"}],"wp:attachment":[{"href":"https:\/\/mussicom.com\/noticias\/wp-json\/wp\/v2\/media?parent=58630"}],"wp:term":[{"taxonomy":"category","embeddable":true,"href":"https:\/\/mussicom.com\/noticias\/wp-json\/wp\/v2\/categories?post=58630"},{"taxonomy":"post_tag","embeddable":true,"href":"https:\/\/mussicom.com\/noticias\/wp-json\/wp\/v2\/tags?post=58630"}],"curies":[{"name":"wp","href":"https:\/\/api.w.org\/{rel}","templated":true}]}}