{"id":58594,"date":"2026-01-19T17:52:36","date_gmt":"2026-01-19T20:52:36","guid":{"rendered":"https:\/\/mussicom.com\/franca-rejeita-convite-de-trump-para-conselho-da-paz-em-gaza\/"},"modified":"2026-01-19T17:52:36","modified_gmt":"2026-01-19T20:52:36","slug":"franca-rejeita-convite-de-trump-para-conselho-da-paz-em-gaza","status":"publish","type":"post","link":"https:\/\/mussicom.com\/noticias\/franca-rejeita-convite-de-trump-para-conselho-da-paz-em-gaza\/","title":{"rendered":"Fran\u00e7a rejeita convite de Trump para Conselho da Paz em Gaza"},"content":{"rendered":"<p> <br \/>\n<\/p>\n<div id=\"tp-post-content\">\n<p class=\"postParagraph_post-paragraph__juWZN postParagraph_post-paragraph-innerHtml__Q5vwc\">A Fran\u00e7a deve rejeitar o convite feito pelo presidente dos Estados Unidos, Donald Trump, para integrar o Conselho da Paz para a Faixa de Gaza.<\/p>\n<p class=\"postParagraph_post-paragraph__juWZN postParagraph_post-paragraph-innerHtml__Q5vwc\">Uma fonte pr\u00f3xima ao presidente franc\u00eas, Emmanuel Macron, disse ao jornal Le Monde nesta segunda-feira (19) que a rejei\u00e7\u00e3o ocorre porque a carta constitutiva do grupo, que vai supervisionar a reconstru\u00e7\u00e3o do enclave ap\u00f3s mais de dois anos de guerra entre Israel e o grupo terrorista Hamas, \u201cvai al\u00e9m do \u00e2mbito exclusivo de Gaza\u201d.<\/p>\n<p class=\"postParagraph_post-paragraph__juWZN postParagraph_post-paragraph-innerHtml__Q5vwc\">\u201cEla levanta quest\u00f5es importantes, particularmente no que diz respeito ao respeito pelos princ\u00edpios e pela estrutura das Na\u00e7\u00f5es Unidas, que em nenhuma circunst\u00e2ncia podem ser questionados\u201d, acrescentou a fonte.<\/p>\n<p class=\"postParagraph_post-paragraph__juWZN postParagraph_post-paragraph-innerHtml__Q5vwc\">Mais cedo, o Minist\u00e9rio das Rela\u00e7\u00f5es Exteriores da Fran\u00e7a j\u00e1 havia feito questionamentos a respeito do conselho, ao citar o compromisso franc\u00eas com a ONU: o governo Macron entende que o grupo seria uma tentativa de criar uma alternativa \u00e0s Na\u00e7\u00f5es Unidas.<\/p>\n<p class=\"postParagraph_post-paragraph__juWZN postParagraph_post-paragraph-innerHtml__Q5vwc\">\u201cEste [compromisso] continua sendo a pedra angular do multilateralismo eficaz, onde o direito internacional, a igualdade soberana dos Estados e a solu\u00e7\u00e3o pac\u00edfica de controv\u00e9rsias prevalecem sobre a arbitrariedade, a pol\u00edtica de poder e a guerra\u201d, alegou a pasta em comunicado.<\/p>\n<p class=\"postParagraph_post-paragraph__juWZN postParagraph_post-paragraph-innerHtml__Q5vwc\">Desde s\u00e1bado (17), foi noticiado que Trump convidou l\u00edderes de v\u00e1rios pa\u00edses, entre eles o presidente Luiz In\u00e1cio Lula da Silva (PT) e o ditador russo, Vladimir Putin, para fazer parte do conselho.<\/p>\n<p class=\"postParagraph_post-paragraph__juWZN postParagraph_post-paragraph-innerHtml__Q5vwc\">A composi\u00e7\u00e3o do conselho pretendida pelos EUA, com l\u00edderes de pa\u00edses que condenaram a opera\u00e7\u00e3o de Israel contra o Hamas em Gaza, como o pr\u00f3prio Lula e o presidente da Turquia, Recep Tayyip Erdogan, gerou cr\u00edticas do governo do premi\u00ea Benjamin Netanyahu.<\/p>\n<\/div>\n<p><br \/>\n<br \/>Fonte: <a href=\"https:\/\/www.gazetadopovo.com.br\/mundo\/franca-rejeita-convite-trump-integrar-conselho-paz-gaza\/\">Revista Oeste<\/a><\/p>\n","protected":false},"excerpt":{"rendered":"<p>A Fran\u00e7a deve rejeitar o convite feito pelo presidente dos Estados Unidos, Donald Trump, para integrar o Conselho da Paz para a Faixa de Gaza. Uma fonte pr\u00f3xima ao presidente franc\u00eas, Emmanuel Macron, disse ao jornal Le Monde nesta segunda-feira (19) que a rejei\u00e7\u00e3o ocorre porque a carta constitutiva do grupo, que vai supervisionar a [&hellip;]<\/p>\n","protected":false},"author":5,"featured_media":58595,"comment_status":"open","ping_status":"open","sticky":false,"template":"","format":"standard","meta":{"_seopress_robots_primary_cat":"","_seopress_titles_title":"","_seopress_titles_desc":"","_seopress_robots_index":"","footnotes":""},"categories":[1],"tags":[],"class_list":["post-58594","post","type-post","status-publish","format-standard","has-post-thumbnail","hentry","category-ultimas-noticias"],"_links":{"self":[{"href":"https:\/\/mussicom.com\/noticias\/wp-json\/wp\/v2\/posts\/58594","targetHints":{"allow":["GET"]}}],"collection":[{"href":"https:\/\/mussicom.com\/noticias\/wp-json\/wp\/v2\/posts"}],"about":[{"href":"https:\/\/mussicom.com\/noticias\/wp-json\/wp\/v2\/types\/post"}],"author":[{"embeddable":true,"href":"https:\/\/mussicom.com\/noticias\/wp-json\/wp\/v2\/users\/5"}],"replies":[{"embeddable":true,"href":"https:\/\/mussicom.com\/noticias\/wp-json\/wp\/v2\/comments?post=58594"}],"version-history":[{"count":0,"href":"https:\/\/mussicom.com\/noticias\/wp-json\/wp\/v2\/posts\/58594\/revisions"}],"wp:featuredmedia":[{"embeddable":true,"href":"https:\/\/mussicom.com\/noticias\/wp-json\/wp\/v2\/media\/58595"}],"wp:attachment":[{"href":"https:\/\/mussicom.com\/noticias\/wp-json\/wp\/v2\/media?parent=58594"}],"wp:term":[{"taxonomy":"category","embeddable":true,"href":"https:\/\/mussicom.com\/noticias\/wp-json\/wp\/v2\/categories?post=58594"},{"taxonomy":"post_tag","embeddable":true,"href":"https:\/\/mussicom.com\/noticias\/wp-json\/wp\/v2\/tags?post=58594"}],"curies":[{"name":"wp","href":"https:\/\/api.w.org\/{rel}","templated":true}]}}