{"id":58588,"date":"2026-01-19T17:12:14","date_gmt":"2026-01-19T20:12:14","guid":{"rendered":"https:\/\/mussicom.com\/ministerio-aperfeicoa-monitoramento-de-saude-de-criancas-indigenas\/"},"modified":"2026-01-19T17:12:14","modified_gmt":"2026-01-19T20:12:14","slug":"ministerio-aperfeicoa-monitoramento-de-saude-de-criancas-indigenas","status":"publish","type":"post","link":"https:\/\/mussicom.com\/noticias\/ministerio-aperfeicoa-monitoramento-de-saude-de-criancas-indigenas\/","title":{"rendered":"Minist\u00e9rio aperfei\u00e7oa monitoramento de sa\u00fade de crian\u00e7as ind\u00edgenas"},"content":{"rendered":"<p> <br \/>\n<\/p>\n<div>\n<p>O Minist\u00e9rio da Sa\u00fade vai intensificar o acompanhamento da sa\u00fade das crian\u00e7as ind\u00edgenas. Nesta segunda-feira (19), a Secretaria Especial de Sa\u00fade Ind\u00edgena (Sesai)\u00a0lan\u00e7ou o primeiro m\u00f3dulo de Monitoramento do Desenvolvimento na Inf\u00e2ncia. O programa faz parte do Sistema de Aten\u00e7\u00e3o \u00e0 Sa\u00fade Ind\u00edgena, que coleta, gerencia e disponibiliza dados sobre a sa\u00fade dessa popula\u00e7\u00e3o.<img decoding=\"async\" src=\"https:\/\/agenciabrasil.ebc.com.br\/ebc.gif?id=1675372&amp;o=node\" style=\"width:1px; height:1px; display:inline;\"\/><\/p>\n<p>De acordo com a diretora do Departamento de Aten\u00e7\u00e3o Prim\u00e1ria \u00e0 Sa\u00fade, Putira Sacuena, <strong>o objetivo \u00e9 identificar de forma precoce os agravos e doen\u00e7as prevalentes na inf\u00e2ncia nos 34 distritos sanit\u00e1rios de sa\u00fade ind\u00edgena de todo o Brasil<\/strong>.<\/p>\n<p>&#8220;A sistematiza\u00e7\u00e3o dessas informa\u00e7\u00f5es em sa\u00fade \u00e9 um eixo totalmente estrat\u00e9gico para o cuidado da inf\u00e2ncia ind\u00edgena,\u00a0pois permite o monitoramento cont\u00ednuo do crescimento e do desenvolvimento das crian\u00e7as, mas principalmente a identifica\u00e7\u00e3o precoce de risco e vulnerabilidades. E com essa an\u00e1lise da situa\u00e7\u00e3o de sa\u00fade, podemos fazer o planejamento de a\u00e7\u00f5es mais oportunas e efetivas&#8221;, complementou.<\/p>\n<p>At\u00e9 ent\u00e3o, o sistema n\u00e3o possu\u00eda uma \u00e1rea espec\u00edfica para padronizar as informa\u00e7\u00f5es sobre as crian\u00e7as.\u00a0O\u00a0novo m\u00f3dulo vai permitir que as equipes multidisciplinares que atuam em territ\u00f3rios ind\u00edgenas registrem informa\u00e7\u00f5es mais espec\u00edficas durante os atendimentos.<\/p>\n<p><strong>O monitoramento vai incluir triagem neontal, avalia\u00e7\u00e3o dos marcos do desenvolvimento neuropsicomotor, rastreio de sinais de risco para transtorno do espectro autista e identifica\u00e7\u00e3o de situa\u00e7\u00f5es de vulnerabilidades, incluindo suspeitas de viol\u00eancia.<\/strong><\/p>\n<p>A Sesai tamb\u00e9m definiu uma s\u00e9rie de campos obrigat\u00f3rios para garantir que esses dados sejam preenchidos, como a realiza\u00e7\u00e3o e o resultado dos exames do cora\u00e7\u00e3ozinho, do ouvidinho e do pezinho, feitos logo ap\u00f3s o nascimento, para identificar problemas de sa\u00fade. Essas informa\u00e7\u00f5es tamb\u00e9m ser\u00e3o \u00fateis para oferece um hist\u00f3rico mais completo aos profissionais que atenderem a essas crian\u00e7as posteriormente.<\/p>\n<p>      <!-- Relacionada --><\/p>\n<p>            <!-- Relacionada -->\n    <\/div>\n<p><br \/>\n<br \/>Fonte: <a href=\"https:\/\/agenciabrasil.ebc.com.br\/saude\/noticia\/2026-01\/ministerio-aperfeicoa-monitoramento-de-saude-de-criancas-indigenas\">Ag\u00eancia Brasil<\/a><\/p>\n","protected":false},"excerpt":{"rendered":"<p>O Minist\u00e9rio da Sa\u00fade vai intensificar o acompanhamento da sa\u00fade das crian\u00e7as ind\u00edgenas. Nesta segunda-feira (19), a Secretaria Especial de Sa\u00fade Ind\u00edgena (Sesai)\u00a0lan\u00e7ou o primeiro m\u00f3dulo de Monitoramento do Desenvolvimento na Inf\u00e2ncia. O programa faz parte do Sistema de Aten\u00e7\u00e3o \u00e0 Sa\u00fade Ind\u00edgena, que coleta, gerencia e disponibiliza dados sobre a sa\u00fade dessa popula\u00e7\u00e3o. De [&hellip;]<\/p>\n","protected":false},"author":5,"featured_media":58589,"comment_status":"open","ping_status":"open","sticky":false,"template":"","format":"standard","meta":{"_seopress_robots_primary_cat":"","_seopress_titles_title":"","_seopress_titles_desc":"","_seopress_robots_index":"","footnotes":""},"categories":[46],"tags":[],"class_list":["post-58588","post","type-post","status-publish","format-standard","has-post-thumbnail","hentry","category-saude"],"_links":{"self":[{"href":"https:\/\/mussicom.com\/noticias\/wp-json\/wp\/v2\/posts\/58588","targetHints":{"allow":["GET"]}}],"collection":[{"href":"https:\/\/mussicom.com\/noticias\/wp-json\/wp\/v2\/posts"}],"about":[{"href":"https:\/\/mussicom.com\/noticias\/wp-json\/wp\/v2\/types\/post"}],"author":[{"embeddable":true,"href":"https:\/\/mussicom.com\/noticias\/wp-json\/wp\/v2\/users\/5"}],"replies":[{"embeddable":true,"href":"https:\/\/mussicom.com\/noticias\/wp-json\/wp\/v2\/comments?post=58588"}],"version-history":[{"count":0,"href":"https:\/\/mussicom.com\/noticias\/wp-json\/wp\/v2\/posts\/58588\/revisions"}],"wp:featuredmedia":[{"embeddable":true,"href":"https:\/\/mussicom.com\/noticias\/wp-json\/wp\/v2\/media\/58589"}],"wp:attachment":[{"href":"https:\/\/mussicom.com\/noticias\/wp-json\/wp\/v2\/media?parent=58588"}],"wp:term":[{"taxonomy":"category","embeddable":true,"href":"https:\/\/mussicom.com\/noticias\/wp-json\/wp\/v2\/categories?post=58588"},{"taxonomy":"post_tag","embeddable":true,"href":"https:\/\/mussicom.com\/noticias\/wp-json\/wp\/v2\/tags?post=58588"}],"curies":[{"name":"wp","href":"https:\/\/api.w.org\/{rel}","templated":true}]}}