{"id":58469,"date":"2026-01-18T23:32:16","date_gmt":"2026-01-19T02:32:16","guid":{"rendered":"https:\/\/mussicom.com\/morre-ex-ministro-e-ex-deputado-raul-jungmann\/"},"modified":"2026-01-18T23:32:16","modified_gmt":"2026-01-19T02:32:16","slug":"morre-ex-ministro-e-ex-deputado-raul-jungmann","status":"publish","type":"post","link":"https:\/\/mussicom.com\/noticias\/morre-ex-ministro-e-ex-deputado-raul-jungmann\/","title":{"rendered":"Morre ex-ministro e ex-deputado Raul Jungmann"},"content":{"rendered":"<p> <br \/>\n<\/p>\n<div id=\"tp-post-content\">\n<p class=\"postParagraph_post-paragraph__juWZN postParagraph_post-paragraph-innerHtml__Q5vwc\">O ex-ministro e ex-deputado federal Raul Jungmann faleceu neste domingo (18), ap\u00f3s anos de tratamento contra um c\u00e2ncer. Jungmann, que ocupou pastas estrat\u00e9gicas nos governos de Fernando Henrique Cardoso e Michel Temer, n\u00e3o resistiu ao avan\u00e7o da doen\u00e7a, contra a qual lutava havia anos.<\/p>\n<p class=\"postParagraph_post-paragraph__juWZN postParagraph_post-paragraph-innerHtml__Q5vwc\">De acordo com o jornal <em>O Globo<\/em>, ap\u00f3s ir para casa sob cuidados paliativos, Jungmann foi novamente internado em um hospital de Bras\u00edlia neste fim de semana, mas n\u00e3o resistiu. Ele tinha 77 anos.<\/p>\n<p class=\"postParagraph_post-paragraph__juWZN postParagraph_post-paragraph-innerHtml__Q5vwc\">Raul Jungmann consolidou sua carreira pol\u00edtica com passagens de destaque pelo Poder Executivo federal. Foi ministro do Desenvolvimento Agr\u00e1rio durante o governo Fernando Henrique Cardoso, per\u00edodo em que liderou a gest\u00e3o de conflitos fundi\u00e1rios e pol\u00edticas de reforma agr\u00e1ria.<\/p>\n<p class=\"postParagraph_post-paragraph__juWZN postParagraph_post-paragraph-innerHtml__Q5vwc\">Posteriormente, no governo Michel Temer, assumiu o Minist\u00e9rio da Defesa, sendo um dos civis a comandar a pasta respons\u00e1vel pelas For\u00e7as Armadas. Ainda na gest\u00e3o Temer, foi titular do Minist\u00e9rio Extraordin\u00e1rio da Seguran\u00e7a P\u00fablica, criado para articular a\u00e7\u00f5es federais de combate ao crime organizado e interven\u00e7\u00f5es nos estados.<\/p>\n<p class=\"postParagraph_post-paragraph__juWZN postParagraph_post-paragraph-innerHtml__Q5vwc\">Jungmann tamb\u00e9m foi eleito deputado federal por tr\u00eas mandatos, nos pleitos de 2002, 2006 e 2014. Conhecido por manter um perfil t\u00e9cnico e pol\u00edtico, que lhe permitiu transitar por diferentes governos, concentrou sua atua\u00e7\u00e3o em \u00e1reas como gest\u00e3o de crises, seguran\u00e7a e defesa nacional at\u00e9 o agravamento de seu quadro de sa\u00fade. Desde 2022, ocupava o cargo de diretor-presidente do Instituto Brasileiro de Minera\u00e7\u00e3o (Ibram).<\/p>\n<h2 class=\"postParagraph_post-paragraph__juWZN postParagraph_post-paragraph-innerHtml__Q5vwc postParagraph_type-tag-h2__TtFkT\">Autoridades lamentam morte do ex-ministro Raul Jungmann<\/h2>\n<p class=\"postParagraph_post-paragraph__juWZN postParagraph_post-paragraph-innerHtml__Q5vwc\">Um dos primeiros a lamentar a morte do ex-ministro foi o senador S\u00e9rgio Moro (Uni\u00e3o-PR), que afirmou se tratar de uma perda para a vida p\u00fablica. \u201cTive a oportunidade de conhec\u00ea-lo na transi\u00e7\u00e3o de governo de 2018, quando ele, com compet\u00eancia, ocupava o cargo de ministro da Seguran\u00e7a P\u00fablica\u201d, disse.<\/p>\n<p class=\"postParagraph_post-paragraph__juWZN postParagraph_post-paragraph-innerHtml__Q5vwc\">O presidente da C\u00e2mara, deputado Hugo Motta (Republicanos-PB), afirmou que ainda em dezembro concedeu uma Mo\u00e7\u00e3o de Louvor a Jungmann. &#8220;Foi um reconhecimento da sua trajet\u00f3ria p\u00fablica, de servi\u00e7o prestado ao pa\u00eds. Ficam as li\u00e7\u00f5es sobre di\u00e1logo, constru\u00e7\u00e3o de pontes e respeito institucional. Meus sentimentos aos familiares e amigos. Que Deus os conforte neste dif\u00edcil momento&#8221;, disse o deputado.<\/p>\n<h2 class=\"postParagraph_post-paragraph__juWZN postParagraph_post-paragraph-innerHtml__Q5vwc postParagraph_type-tag-h2__TtFkT\">Senadores e decano do STF tamb\u00e9m lamentaram morte de Jungmann<\/h2>\n<p class=\"postParagraph_post-paragraph__juWZN postParagraph_post-paragraph-innerHtml__Q5vwc\">A ex-senadora K\u00e1tia Abreu tamb\u00e9m se manifestou nas redes sociais. \u201cMeu amigo querido e amado. Uma das maiores intelig\u00eancias do pa\u00eds. Vai fazer muita falta ao Brasil\u201d, escreveu.<\/p>\n<p class=\"postParagraph_post-paragraph__juWZN postParagraph_post-paragraph-innerHtml__Q5vwc\">O ex-senador Roberto Freire comentou a morte de Jungmann afirmando que eram amigos de juventude, em Recife. \u201cUm dos mais inteligentes e competentes pol\u00edticos no Parlamento, gestor p\u00fablico no Executivo e na iniciativa privada com quem convivi. Uma perda muito sentida\u201d, declarou.<\/p>\n<p class=\"postParagraph_post-paragraph__juWZN postParagraph_post-paragraph-innerHtml__Q5vwc\">O senador Renan Calheiros (MDB-AL) tamb\u00e9m lamentou o falecimento. Segundo ele, Jungmann foi um dos maiores pensadores e formuladores da na\u00e7\u00e3o. \u201cPerco um amigo muito estimado, com quem tive o privil\u00e9gio de travar muitas lutas merit\u00f3rias. Que Deus o tenha em sua infinita generosidade\u201d, afirmou.<\/p>\n<p class=\"postParagraph_post-paragraph__juWZN postParagraph_post-paragraph-innerHtml__Q5vwc\">O ministro Gilmar Mendes, do Supremo Tribunal Federal (STF), afirmou que Jungmann foi um homem p\u00fablico &#8220;rara integridade e de extraordin\u00e1ria densidade republicana&#8221;. Em seu perfil no X, declarou que no governo de FHC o amigo integrou um &#8220;dream team&#8221;,  comprometido com a estabiliza\u00e7\u00e3o institucional, as reformas estruturais e a consolida\u00e7\u00e3o da ordem constitucional inaugurada em 1988.<\/p>\n<p class=\"postParagraph_post-paragraph__juWZN postParagraph_post-paragraph-innerHtml__Q5vwc\">Segundo o decano do STF, Jungmann sempre esteve do lado certo da hist\u00f3ria, defendendo o Estado de Direito e a solu\u00e7\u00e3o dos conflitos pela raz\u00e3o, jamais pelo arb\u00edtrio. &#8220;Sua passagem pelos minist\u00e9rios revelou um homem preparado, equilibrado e capaz de exercer autoridade sem abrir m\u00e3o do di\u00e1logo'&#8221;, disse.<\/p>\n<\/div>\n<p><br \/>\n<br \/>Fonte: <a href=\"https:\/\/www.gazetadopovo.com.br\/republica\/morre-o-ex-ministro-raul-jungmann-apos-anos-de-luta-contra-o-cancer\/\">Revista Oeste<\/a><\/p>\n","protected":false},"excerpt":{"rendered":"<p>O ex-ministro e ex-deputado federal Raul Jungmann faleceu neste domingo (18), ap\u00f3s anos de tratamento contra um c\u00e2ncer. Jungmann, que ocupou pastas estrat\u00e9gicas nos governos de Fernando Henrique Cardoso e Michel Temer, n\u00e3o resistiu ao avan\u00e7o da doen\u00e7a, contra a qual lutava havia anos. De acordo com o jornal O Globo, ap\u00f3s ir para casa [&hellip;]<\/p>\n","protected":false},"author":5,"featured_media":58470,"comment_status":"open","ping_status":"open","sticky":false,"template":"","format":"standard","meta":{"_seopress_robots_primary_cat":"","_seopress_titles_title":"","_seopress_titles_desc":"","_seopress_robots_index":"","footnotes":""},"categories":[1],"tags":[],"class_list":["post-58469","post","type-post","status-publish","format-standard","has-post-thumbnail","hentry","category-ultimas-noticias"],"_links":{"self":[{"href":"https:\/\/mussicom.com\/noticias\/wp-json\/wp\/v2\/posts\/58469","targetHints":{"allow":["GET"]}}],"collection":[{"href":"https:\/\/mussicom.com\/noticias\/wp-json\/wp\/v2\/posts"}],"about":[{"href":"https:\/\/mussicom.com\/noticias\/wp-json\/wp\/v2\/types\/post"}],"author":[{"embeddable":true,"href":"https:\/\/mussicom.com\/noticias\/wp-json\/wp\/v2\/users\/5"}],"replies":[{"embeddable":true,"href":"https:\/\/mussicom.com\/noticias\/wp-json\/wp\/v2\/comments?post=58469"}],"version-history":[{"count":0,"href":"https:\/\/mussicom.com\/noticias\/wp-json\/wp\/v2\/posts\/58469\/revisions"}],"wp:featuredmedia":[{"embeddable":true,"href":"https:\/\/mussicom.com\/noticias\/wp-json\/wp\/v2\/media\/58470"}],"wp:attachment":[{"href":"https:\/\/mussicom.com\/noticias\/wp-json\/wp\/v2\/media?parent=58469"}],"wp:term":[{"taxonomy":"category","embeddable":true,"href":"https:\/\/mussicom.com\/noticias\/wp-json\/wp\/v2\/categories?post=58469"},{"taxonomy":"post_tag","embeddable":true,"href":"https:\/\/mussicom.com\/noticias\/wp-json\/wp\/v2\/tags?post=58469"}],"curies":[{"name":"wp","href":"https:\/\/api.w.org\/{rel}","templated":true}]}}