{"id":58424,"date":"2026-01-18T17:47:27","date_gmt":"2026-01-18T20:47:27","guid":{"rendered":"https:\/\/mussicom.com\/sus-vai-vacinar-profissionais-de-saude-contra-dengue-em-fevereiro\/"},"modified":"2026-01-18T17:47:27","modified_gmt":"2026-01-18T20:47:27","slug":"sus-vai-vacinar-profissionais-de-saude-contra-dengue-em-fevereiro","status":"publish","type":"post","link":"https:\/\/mussicom.com\/noticias\/sus-vai-vacinar-profissionais-de-saude-contra-dengue-em-fevereiro\/","title":{"rendered":"SUS vai vacinar profissionais de sa\u00fade contra dengue em fevereiro"},"content":{"rendered":"<p> <br \/>\n<\/p>\n<div>\n<p>O ministro da Sa\u00fade, Alexandre Padilha, anunciou neste domingo (18)\u00a0que cerca de 1,1 milh\u00e3o de profissionais que atuam na aten\u00e7\u00e3o prim\u00e1ria \u00e0 sa\u00fade de todo o pa\u00eds poder\u00e3o ser imunizados, a partir de 9 de fevereiro, com a vacina Butantan-DV, com tecnologia 100% nacional, desenvolvida pelo Instituto Butantan. O imunizante contra a arbovirose \u00e9 o primeiro de dose \u00fanica do mundo.<img decoding=\"async\" src=\"https:\/\/agenciabrasil.ebc.com.br\/ebc.gif?id=1675298&amp;o=node\" style=\"width:1px; height:1px; display:inline;\"\/><\/p>\n<blockquote>\n<p>\u201cS\u00e3o aqueles profissionais que atuam nas unidades b\u00e1sicas de sa\u00fade, que visitam as fam\u00edlias, s\u00e3o os primeiros profissionais a receber quem tem sinal e sintoma de dengue&#8221;,\u00a0anunciou o ministro da Sa\u00fade.<\/p>\n<\/blockquote>\n<p>&#8220;Os primeiros cuidados s\u00e3o feitos pelos m\u00e9dicos, enfermeiros, t\u00e9cnicos de enfermagem, agentes comunit\u00e1rios de sa\u00fade, profissionais e equipes multifuncionais que est\u00e3o cadastrados nas unidades b\u00e1sicas\u00a0de sa\u00fade\u201d, complementou.<\/p>\n<p>O ministro explicou que a vacina\u00e7\u00e3o deste p\u00fablico ser\u00e1 poss\u00edvel com a chegada de\u00a0mais\u00a0doses\u00a0da Butantan-DV. <strong>O Instituto Butantan deve produzir e entregar at\u00e9 31 de janeiro cerca de 1,1 milh\u00e3o de doses adicionais desta vacina nacional contra a dengue<\/strong>, para garantir a imuniza\u00e7\u00e3o dos profissionais que atuam na linha de frente do Sistema \u00danico de Sa\u00fade (SUS).<\/p>\n<p>Os anticorpos da Butantan-DV oferecem prote\u00e7\u00e3o contra os quatro sorotipos do v\u00edrus da dengue.\u00a0Os estudos cl\u00ednicos indicam efic\u00e1cia global de 74% da vacina brasileira, com redu\u00e7\u00e3o de 91% dos casos graves e 100% de prote\u00e7\u00e3o contra hospitaliza\u00e7\u00e3o pela doen\u00e7a transmitida pelo mosquito\u00a0<em>Aedes aegypti<\/em>.<\/p>\n<h2>Produ\u00e7\u00e3o de mais doses<\/h2>\n<p>O governo federal quer ampliar gradualmente a vacina\u00e7\u00e3o em dose \u00fanica para todo o pa\u00eds, para pessoas de 15 a 59 anos, o que depende da disponibilidade de novas unidades da vacina Butantan-DV, que foram encomendadas no m\u00eas passado pelo Minist\u00e9rio da Sa\u00fade.<\/p>\n<p>Para acelerar a fabrica\u00e7\u00e3o em larga escala do imunizante, o ministro divulgou\u00a0que o Instituto Butantan\u00a0firmou uma parceria de transfer\u00eancia de tecnologia \u00e0 empresa WuXi Vaccines, da China.<\/p>\n<p>Com a parceria, a expectativa do Minist\u00e9rio da Sa\u00fade \u00e9 que a produ\u00e7\u00e3o chinesa da vacina com tecnologia brasileira seja ampliada em at\u00e9 30 vezes.<\/p>\n<p>\u201cEles [diretores da WuXi Vaccines] se comprometeram com um cronograma de produ\u00e7\u00e3o e de entrega. Nossa expectativa \u00e9 de termos, neste ano ainda, em torno de 25 a 30 milh\u00f5es de doses [da vacina Butantan-DV]\u201d, estimou o ministro da Sa\u00fade.<\/p>\n<p>O titular da pasta prev\u00ea que \u00e0 medida que cheguem as novas doses importadas, <strong>o pr\u00f3ximo passo do governo brasileiro ser\u00e1 realizar a vacina\u00e7\u00e3o nacional do p\u00fablico de 15 a 59 anos, come\u00e7ando pela popula\u00e7\u00e3o mais velha (59 anos) e avan\u00e7ando at\u00e9 o p\u00fablico mais jovem (15 anos)<\/strong>.<\/p>\n<blockquote>\n<p>\u201cNa medida que a gente come\u00e7a a ter uma grande produ\u00e7\u00e3o, isso vai entrar no calend\u00e1rio oficial [de vacina\u00e7\u00e3o] de forma permanente\u201d,\u00a0projeta o ministro.<\/p>\n<\/blockquote>\n<p>Para acompanhar a produ\u00e7\u00e3o das doses da vacina desenvolvida pelo Butant\u00e3, em mar\u00e7o deste ano, t\u00e9cnicos do Minist\u00e9rio da Sa\u00fade devem viajar \u00e0 China. \u201cA gente quer ver essas doses de vacinas o mais r\u00e1pido poss\u00edvel\u00a0aqui do Brasil\u201d.<\/p>\n<p>Alexandre Padilha explicou tamb\u00e9m que o Instituto Butantan j\u00e1 tem autoriza\u00e7\u00e3o da Ag\u00eancia Nacional de Vigil\u00e2ncia Sanit\u00e1ria (Anvisa) para fazer a avalia\u00e7\u00e3o da vacina Butantan-DV\u00a0no p\u00fablico com mais de 60 anos e j\u00e1 come\u00e7ou o recrutamento de volunt\u00e1rios deste p\u00fablico.<\/p>\n<p>\u201cN\u00f3s estamos otimistas que tamb\u00e9m seja uma vacina segura para quem tem mais de 60 anos de idade, o que vai ser muito importante para o combate \u00e0 dengue\u201d, disse o ministro da Sa\u00fade, Alexandre Padilha.<\/p>\n<p>\u00a0<\/p>\n<div class=\"dnd-widget-wrapper context-cheio_8colunas type-image\">\n<div class=\"dnd-atom-rendered\"><!-- scald=450540:cheio_8colunas --><br \/>\n            <img decoding=\"async\" src=\"https:\/\/imagens.ebc.com.br\/hNml7YsnS1xZ1V1ubQ9Vq2WXgHA=\/754x0\/smart\/https:\/\/agenciabrasil.ebc.com.br\/sites\/default\/files\/thumbnails\/image\/2026\/01\/18\/whatsapp_image_2026-01-18_at_12.30.11_1.jpeg?itok=lzBA-l5r\" alt=\"Botucatu (SP), 18\/01\/2026 - O ministro da Sa\u00fade, Alexandre Padilha, iniciou a vacina\u00e7\u00e3o contra a dengue com a primeira vacina 100% nacional, de dose \u00fanica, desenvolvida pelo Instituto Butantan. Foto: Walterson Rosa\/MS\" title=\"Walterson Rosa\/MS\"\/><br \/>\n        <img decoding=\"async\" src=\"https:\/\/imagens.ebc.com.br\/hNml7YsnS1xZ1V1ubQ9Vq2WXgHA=\/754x0\/smart\/https:\/\/agenciabrasil.ebc.com.br\/sites\/default\/files\/thumbnails\/image\/2026\/01\/18\/whatsapp_image_2026-01-18_at_12.30.11_1.jpeg?itok=lzBA-l5r\" alt=\"Botucatu (SP), 18\/01\/2026 - O ministro da Sa\u00fade, Alexandre Padilha, iniciou a vacina\u00e7\u00e3o contra a dengue com a primeira vacina 100% nacional, de dose \u00fanica, desenvolvida pelo Instituto Butantan. Foto: Walterson Rosa\/MS\" title=\"Walterson Rosa\/MS\"\/><br \/>\n    <!-- END scald=450540 --><\/div>\n<p><h6 class=\"meta\"><!--copyright=450540-->Vacina contra a dengue\u00a0de dose \u00fanica, desenvolvida pelo Instituto Butantan. Foto: Walterson Rosa\/MS<!--END copyright=450540--><\/h6>\n<\/p>\n<\/div>\n<p>A declara\u00e7\u00e3o foi dada pelo ministro\u00a0em Botucatu (SP), no in\u00edcio\u00a0da campanha de vacina\u00e7\u00e3o em massa\u00a0da popula\u00e7\u00e3o de 15 a 59 anos deste munic\u00edpio. A iniciativa piloto ocorre tamb\u00e9m nas cidades de\u00a0Maranguape (CE) e Nova Lima (MG), desde o \u00faltimo s\u00e1bado (17). O objetivo \u00e9 avaliar o impacto da imuniza\u00e7\u00e3o com o novo imunizante.<\/p>\n<p>\u201cN\u00e3o tenho d\u00favida nenhuma que essa vacina 100% do Butantan pode ser uma grande arma internacional para combater a dengue em outros pa\u00edses no mundo\u201d,\u00a0disse\u00a0Alexandre Padilha.<\/p>\n<h2>QDenga em todo o pa\u00eds<\/h2>\n<p>Para o p\u00fablico de 10 a 14 anos, o SUS oferece gratuitamente o imunizante internacional QDenga, com esquema vacinal de duas doses.\u00a0<\/p>\n<p><strong>O Minist\u00e9rio da Sa\u00fade afirma que o Brasil \u00e9 o primeiro pa\u00eds do mundo a oferecer o imunizante no sistema p\u00fablico de sa\u00fade.<\/strong><\/p>\n<p>Neste domingo (18), o ministro da Sa\u00fade, Alexandre Padilha anunciou a amplia\u00e7\u00e3o para todo o pa\u00eds da aplica\u00e7\u00e3o da vacina japonesa para esta mesma faixa et\u00e1ria. A expans\u00e3o ocorre a partir da aquisi\u00e7\u00e3o de mais estoques da farmac\u00eautica japonesa Takeda.<\/p>\n<p>&#8220;A gente comprou 9 milh\u00f5es de doses, para 2026; mais 9 milh\u00f5es de doses, para 2027. Ao todo 18 milh\u00f5es [de doses]. O que permite que a gente possa distribu\u00ed-la em todos os munic\u00edpios brasileiros.\u201d<\/p>\n<p>Aprovada em 2023 pela Ag\u00eancia Nacional de Vigil\u00e2ncia Sanit\u00e1ria (Anvisa), a QDenga foi inicialmente disponibilizada em 2024 \u00e0s crian\u00e7as e adolescentes de 2,1 mil munic\u00edpios considerados priorit\u00e1rios pelo governo do Brasil.<\/p>\n<p>Com o aumento dos estoques, a vacina\u00e7\u00e3o da QDenga ser\u00e1 feita\u00a0em unidades b\u00e1sicas de sa\u00fade (UBS) do SUS\u00a0dos mais de 5,5 mil munic\u00edpios brasileiros, exclusivamente\u00a0ao p\u00fablico de 10 a 14 anos.<\/p>\n<p>O ministro contabiliza que foram distribu\u00eddos e aplicados no Brasil, em 2024 e 2025, cerca de 10 milh\u00f5es de doses da\u00a0QDenga para o p\u00fablico infanto-juvenil.<\/p>\n<p>      <!-- Relacionada --><\/p>\n<p>            <!-- Relacionada -->\n    <\/div>\n<p><br \/>\n<br \/>Fonte: <a href=\"https:\/\/agenciabrasil.ebc.com.br\/saude\/noticia\/2026-01\/sus-vai-vacinar-profissionais-de-saude-contra-dengue-em-fevereiro\">Ag\u00eancia Brasil<\/a><\/p>\n","protected":false},"excerpt":{"rendered":"<p>O ministro da Sa\u00fade, Alexandre Padilha, anunciou neste domingo (18)\u00a0que cerca de 1,1 milh\u00e3o de profissionais que atuam na aten\u00e7\u00e3o prim\u00e1ria \u00e0 sa\u00fade de todo o pa\u00eds poder\u00e3o ser imunizados, a partir de 9 de fevereiro, com a vacina Butantan-DV, com tecnologia 100% nacional, desenvolvida pelo Instituto Butantan. O imunizante contra a arbovirose \u00e9 o [&hellip;]<\/p>\n","protected":false},"author":5,"featured_media":58425,"comment_status":"open","ping_status":"open","sticky":false,"template":"","format":"standard","meta":{"_seopress_robots_primary_cat":"","_seopress_titles_title":"","_seopress_titles_desc":"","_seopress_robots_index":"","footnotes":""},"categories":[46],"tags":[],"class_list":["post-58424","post","type-post","status-publish","format-standard","has-post-thumbnail","hentry","category-saude"],"_links":{"self":[{"href":"https:\/\/mussicom.com\/noticias\/wp-json\/wp\/v2\/posts\/58424","targetHints":{"allow":["GET"]}}],"collection":[{"href":"https:\/\/mussicom.com\/noticias\/wp-json\/wp\/v2\/posts"}],"about":[{"href":"https:\/\/mussicom.com\/noticias\/wp-json\/wp\/v2\/types\/post"}],"author":[{"embeddable":true,"href":"https:\/\/mussicom.com\/noticias\/wp-json\/wp\/v2\/users\/5"}],"replies":[{"embeddable":true,"href":"https:\/\/mussicom.com\/noticias\/wp-json\/wp\/v2\/comments?post=58424"}],"version-history":[{"count":0,"href":"https:\/\/mussicom.com\/noticias\/wp-json\/wp\/v2\/posts\/58424\/revisions"}],"wp:featuredmedia":[{"embeddable":true,"href":"https:\/\/mussicom.com\/noticias\/wp-json\/wp\/v2\/media\/58425"}],"wp:attachment":[{"href":"https:\/\/mussicom.com\/noticias\/wp-json\/wp\/v2\/media?parent=58424"}],"wp:term":[{"taxonomy":"category","embeddable":true,"href":"https:\/\/mussicom.com\/noticias\/wp-json\/wp\/v2\/categories?post=58424"},{"taxonomy":"post_tag","embeddable":true,"href":"https:\/\/mussicom.com\/noticias\/wp-json\/wp\/v2\/tags?post=58424"}],"curies":[{"name":"wp","href":"https:\/\/api.w.org\/{rel}","templated":true}]}}