{"id":58391,"date":"2026-01-18T14:27:18","date_gmt":"2026-01-18T17:27:18","guid":{"rendered":"https:\/\/mussicom.com\/meia-victor-hugo-ex-santos-e-anunciado-no-atletico-mg\/"},"modified":"2026-01-18T14:27:18","modified_gmt":"2026-01-18T17:27:18","slug":"meia-victor-hugo-ex-santos-e-anunciado-no-atletico-mg","status":"publish","type":"post","link":"https:\/\/mussicom.com\/noticias\/meia-victor-hugo-ex-santos-e-anunciado-no-atletico-mg\/","title":{"rendered":"Meia Victor Hugo, ex-Santos, \u00e9 anunciado no Atl\u00e9tico-MG"},"content":{"rendered":"<p> <br \/>\n<\/p>\n<div>\n<div id=\"attachment_177829\" style=\"width: 1260px\" class=\"wp-caption alignnone\"><\/p>\n<p id=\"caption-attachment-177829\" class=\"wp-caption-text\">Victor Hugo trocou o Santos pelo Atl\u00e9tico-MG (Divulga\u00e7\u00e3o\/Atl\u00e9tico-MG)<\/p>\n<\/div>\n<p>O meia Victor Hugo, que em 2025 atuou pelo\u00a0<strong>Santos<\/strong>, foi confirmado como refor\u00e7o do Atl\u00e9tico-MG neste domingo (18), ap\u00f3s uma negocia\u00e7\u00e3o complicada, que tamb\u00e9m envolveu o Flamengo, que detinha os direitos do jogador.<\/p>\n<p>Victor Hugo chega ao Atl\u00e9tico-MG para suprir a sa\u00edda de Gabriel Menino, novo refor\u00e7o do Santos para a temporada 2026. O jogador assinou contrato\u00a0 por 5 anos com o clube de Belo Horizonte.<\/p>\n<p>O atleta chegou ao Santos ap\u00f3s passagem pelo G\u00f6ztepe, da Turquia, e disputou nove partidas pelo clube, sendo seis como titular. O volante foi contratado inicialmente por indica\u00e7\u00e3o de Jorge Sampaoli, que na \u00e9poca negociava para ser o t\u00e9cnico do Peixe. O treinador, no entanto, n\u00e3o fechou com o clube e hoje comanda justamente o Atl\u00e9tico-MG, onde solicitou a contrata\u00e7\u00e3o do meia.<\/p>\n<p>A chegada de Victor Hugo ao time mineiro pode render um valor financeiro ao Santos, que tem direito a 10% do montante da transa\u00e7\u00e3o pela chamada \u201ctaxa de vitrine\u201d. Os detalhes do neg\u00f3cio, por\u00e9m, n\u00e3o foram divulgados at\u00e9 o momento.<\/p>\n<\/p><\/div>\n<p><br \/>\n<br \/>Fonte: <a href=\"https:\/\/www.diariodopeixe.com.br\/noticias\/meia-victor-hugo-ex-santos-e-anunciado-no-atletico-mg\/\">Di\u00e1rio do Peixe<\/a><\/p>\n","protected":false},"excerpt":{"rendered":"<p>Victor Hugo trocou o Santos pelo Atl\u00e9tico-MG (Divulga\u00e7\u00e3o\/Atl\u00e9tico-MG) O meia Victor Hugo, que em 2025 atuou pelo\u00a0Santos, foi confirmado como refor\u00e7o do Atl\u00e9tico-MG neste domingo (18), ap\u00f3s uma negocia\u00e7\u00e3o complicada, que tamb\u00e9m envolveu o Flamengo, que detinha os direitos do jogador. Victor Hugo chega ao Atl\u00e9tico-MG para suprir a sa\u00edda de Gabriel Menino, novo refor\u00e7o [&hellip;]<\/p>\n","protected":false},"author":5,"featured_media":58392,"comment_status":"open","ping_status":"open","sticky":false,"template":"","format":"standard","meta":{"_seopress_robots_primary_cat":"","_seopress_titles_title":"","_seopress_titles_desc":"","_seopress_robots_index":"","footnotes":""},"categories":[55],"tags":[],"class_list":["post-58391","post","type-post","status-publish","format-standard","has-post-thumbnail","hentry","category-santos-fc"],"_links":{"self":[{"href":"https:\/\/mussicom.com\/noticias\/wp-json\/wp\/v2\/posts\/58391","targetHints":{"allow":["GET"]}}],"collection":[{"href":"https:\/\/mussicom.com\/noticias\/wp-json\/wp\/v2\/posts"}],"about":[{"href":"https:\/\/mussicom.com\/noticias\/wp-json\/wp\/v2\/types\/post"}],"author":[{"embeddable":true,"href":"https:\/\/mussicom.com\/noticias\/wp-json\/wp\/v2\/users\/5"}],"replies":[{"embeddable":true,"href":"https:\/\/mussicom.com\/noticias\/wp-json\/wp\/v2\/comments?post=58391"}],"version-history":[{"count":0,"href":"https:\/\/mussicom.com\/noticias\/wp-json\/wp\/v2\/posts\/58391\/revisions"}],"wp:featuredmedia":[{"embeddable":true,"href":"https:\/\/mussicom.com\/noticias\/wp-json\/wp\/v2\/media\/58392"}],"wp:attachment":[{"href":"https:\/\/mussicom.com\/noticias\/wp-json\/wp\/v2\/media?parent=58391"}],"wp:term":[{"taxonomy":"category","embeddable":true,"href":"https:\/\/mussicom.com\/noticias\/wp-json\/wp\/v2\/categories?post=58391"},{"taxonomy":"post_tag","embeddable":true,"href":"https:\/\/mussicom.com\/noticias\/wp-json\/wp\/v2\/tags?post=58391"}],"curies":[{"name":"wp","href":"https:\/\/api.w.org\/{rel}","templated":true}]}}