{"id":58304,"date":"2026-01-18T05:22:10","date_gmt":"2026-01-18T08:22:10","guid":{"rendered":"https:\/\/mussicom.com\/ilha-diana-e-o-15o-bairro-de-santos-com-100-da-iluminacao-em-led\/"},"modified":"2026-01-18T05:22:10","modified_gmt":"2026-01-18T08:22:10","slug":"ilha-diana-e-o-15o-bairro-de-santos-com-100-da-iluminacao-em-led","status":"publish","type":"post","link":"https:\/\/mussicom.com\/noticias\/ilha-diana-e-o-15o-bairro-de-santos-com-100-da-iluminacao-em-led\/","title":{"rendered":"Ilha Diana \u00e9 o 15\u00ba bairro de Santos com 100% da ilumina\u00e7\u00e3o em LED"},"content":{"rendered":"<p> <br \/>\n<\/p>\n<div id=\"texto\">\n<p>A Ilha Diana, na \u00c1rea Continental, \u00e9 o 15\u00ba bairro de Santos a contar integralmente com lumin\u00e1rias de LED. A substitui\u00e7\u00e3o das 37 l\u00e2mpadas de vapor met\u00e1lico\/s\u00f3dio gerou economia de 60%, de acordo com c\u00e1lculos da \u00e1rea t\u00e9cnica da Secretaria de Infraestrutura e Servi\u00e7os P\u00fablicos (Seinfra).<\/p>\n<p>\u00a0<\/p>\n<p>O programa foi implementado pela Prefeitura de forma regular em maio de 2023 e, desde ent\u00e3o, s\u00e3o mais de 13,5 mil pontos com a nova tecnologia, com investimento de R$ 24,5 milh\u00f5es.<\/p>\n<p>\u00a0<\/p>\n<p>BAIRROS<\/p>\n<p>Os outros bairros que j\u00e1 contam com a tecnologia LED s\u00e3o Gonzaga, R\u00e1dio Clube, Estu\u00e1rio, Macuco, Encruzilhada, S\u00e3o Jorge, Caneleira, Jabaquara, Vila Mathias, Campo Grande, Piratininga, Jos\u00e9 Menino, Pompeia, Vila Belmiro, al\u00e9m do Conjunto Residencial Martins Fontes, mais conhecido como Ja\u00fa, na Aparecida.<\/p>\n<p>\u00a0<\/p>\n<p>Os trabalhos est\u00e3o a cargo do cons\u00f3rcio formado pelas empresas Seven, Quantum e Fortnort (SQF IP Santos), respons\u00e1vel pela manuten\u00e7\u00e3o e expans\u00e3o da rede de ilumina\u00e7\u00e3o p\u00fablica.<\/p>\n<p>\u00a0<\/p>\n<p>\u00a0<\/p>\n<p>\u00a0<\/p>\n<p>Secretaria de Comunica\u00e7\u00e3o e Economia Criativa<\/p>\n<\/p><\/div>\n<p><script async defer crossorigin=\"anonymous\" src=\"https:\/\/connect.facebook.net\/pt_BR\/sdk.js#xfbml=1&#038;version=v12.0&#038;appId=&#038;autoLogAppEvents=1\" nonce=\"ou0fI1lo\"><\/script><br \/>\n<br \/><br \/>\n<br \/>Fonte: <a href=\"https:\/\/www.bs9.com.br\/litoral\/ilha-diana-e-o-15o-bairro-de-santos-com-100-da-iluminacao-em-led\/37159\/\">BS9<\/a><\/p>\n","protected":false},"excerpt":{"rendered":"<p>A Ilha Diana, na \u00c1rea Continental, \u00e9 o 15\u00ba bairro de Santos a contar integralmente com lumin\u00e1rias de LED. A substitui\u00e7\u00e3o das 37 l\u00e2mpadas de vapor met\u00e1lico\/s\u00f3dio gerou economia de 60%, de acordo com c\u00e1lculos da \u00e1rea t\u00e9cnica da Secretaria de Infraestrutura e Servi\u00e7os P\u00fablicos (Seinfra). \u00a0 O programa foi implementado pela Prefeitura de forma [&hellip;]<\/p>\n","protected":false},"author":5,"featured_media":58305,"comment_status":"open","ping_status":"open","sticky":false,"template":"","format":"standard","meta":{"_seopress_robots_primary_cat":"","_seopress_titles_title":"","_seopress_titles_desc":"","_seopress_robots_index":"","footnotes":""},"categories":[52],"tags":[],"class_list":["post-58304","post","type-post","status-publish","format-standard","has-post-thumbnail","hentry","category-santoseregiao"],"_links":{"self":[{"href":"https:\/\/mussicom.com\/noticias\/wp-json\/wp\/v2\/posts\/58304","targetHints":{"allow":["GET"]}}],"collection":[{"href":"https:\/\/mussicom.com\/noticias\/wp-json\/wp\/v2\/posts"}],"about":[{"href":"https:\/\/mussicom.com\/noticias\/wp-json\/wp\/v2\/types\/post"}],"author":[{"embeddable":true,"href":"https:\/\/mussicom.com\/noticias\/wp-json\/wp\/v2\/users\/5"}],"replies":[{"embeddable":true,"href":"https:\/\/mussicom.com\/noticias\/wp-json\/wp\/v2\/comments?post=58304"}],"version-history":[{"count":0,"href":"https:\/\/mussicom.com\/noticias\/wp-json\/wp\/v2\/posts\/58304\/revisions"}],"wp:featuredmedia":[{"embeddable":true,"href":"https:\/\/mussicom.com\/noticias\/wp-json\/wp\/v2\/media\/58305"}],"wp:attachment":[{"href":"https:\/\/mussicom.com\/noticias\/wp-json\/wp\/v2\/media?parent=58304"}],"wp:term":[{"taxonomy":"category","embeddable":true,"href":"https:\/\/mussicom.com\/noticias\/wp-json\/wp\/v2\/categories?post=58304"},{"taxonomy":"post_tag","embeddable":true,"href":"https:\/\/mussicom.com\/noticias\/wp-json\/wp\/v2\/tags?post=58304"}],"curies":[{"name":"wp","href":"https:\/\/api.w.org\/{rel}","templated":true}]}}