{"id":58298,"date":"2026-01-18T05:08:55","date_gmt":"2026-01-18T08:08:55","guid":{"rendered":"https:\/\/mussicom.com\/lil-nas-x-vai-ao-tribunal-por-caso-de-agressao-contra-policial-advogado-diz-que-ele-esta-indo-muito-bem\/"},"modified":"2026-01-18T05:08:55","modified_gmt":"2026-01-18T08:08:55","slug":"lil-nas-x-vai-ao-tribunal-por-caso-de-agressao-contra-policial-advogado-diz-que-ele-esta-indo-muito-bem","status":"publish","type":"post","link":"https:\/\/mussicom.com\/noticias\/lil-nas-x-vai-ao-tribunal-por-caso-de-agressao-contra-policial-advogado-diz-que-ele-esta-indo-muito-bem\/","title":{"rendered":"Lil Nas X vai ao tribunal por caso de agress\u00e3o contra policial, advogado diz que ele est\u00e1 &#8216;indo muito bem&#8217;"},"content":{"rendered":"<p> <br \/>\n<\/p>\n<div id=\"\">\n<p>O artista vencedor do Grammy <strong>Lil Nas X<\/strong>, nascido <strong>Montero Hill<\/strong>, compareceu a um tribunal da Calif\u00f3rnia nesta segunda-feira, ap\u00f3s sua pris\u00e3o em agosto e posterior libera\u00e7\u00e3o de um programa de tratamento intensivo em regime de interna\u00e7\u00e3o, realizado em uma instala\u00e7\u00e3o n\u00e3o revelada em outro estado.<\/p>\n<p>O m\u00fasico de \u201c<strong>Old Town Road<\/strong>\u201d, nascido <strong>Montero Hill<\/strong>, entrou no tribunal sorrindo, mas n\u00e3o fez declara\u00e7\u00f5es na breve audi\u00eancia, durante a qual um juiz assinou uma ordem de prote\u00e7\u00e3o referente \u00e0 transfer\u00eancia de provas no processo criminal. Uma nova audi\u00eancia foi marcada para 12 de mar\u00e7o.<\/p>\n<p>\u201cComo podem ver, <strong>Montero<\/strong> est\u00e1 indo incrivelmente bem, est\u00e1 \u00f3timo, e estamos muito felizes por ele\u201d, disse o advogado de defesa<strong> Drew Findling<\/strong> quando <strong>Hill<\/strong> deixou o f\u00f3rum com sua equipe jur\u00eddica, que inclu\u00eda a advogada de defesa <strong>Christy O\u2019Connor<\/strong>.<\/p>\n<p>\u201cEstamos apenas aguardando uma solu\u00e7\u00e3o positiva para este caso, na qual estamos muito confiantes\u201d, afirmou <strong>Findling<\/strong>. A declara\u00e7\u00e3o refletiu o que ele j\u00e1 havia dito durante a audi\u00eancia, quando mencionou uma \u201cposs\u00edvel resolu\u00e7\u00e3o\u201d das acusa\u00e7\u00f5es.<\/p>\n<p><strong>Hill<\/strong> foi preso sob suspeita de agress\u00e3o a um policial ap\u00f3s ter sido filmado caminhando no tr\u00e2nsito nas primeiras horas da madrugada de 21 de agosto de 2025. Posteriormente, foi acusado de tr\u00eas crimes de agress\u00e3o com les\u00e3o contra um policial e um crime de resist\u00eancia a um agente p\u00fablico, e declarou-se inocente.<\/p>\n<p>Os promotores afirmam que <strong>Hill<\/strong>, de 26 anos, estava \u201cperambulando nu\u201d pela Ventura Boulevard, em Studio City, por volta das 5h40, quando a pol\u00edcia chegou ao local. Alegam que <strong>Hill<\/strong> agrediu os agentes que tentavam det\u00ea-lo, ferindo tr\u00eas deles. Caso seja condenado, <strong>Hill<\/strong> pode pegar at\u00e9 cinco anos de pris\u00e3o estadual.<\/p>\n<p>Depois de passar o fim de semana na cadeia, <strong>Hill<\/strong> chamou o epis\u00f3dio de \u201caterrorizante\u201d em uma publica\u00e7\u00e3o nas redes sociais alguns dias mais tarde. \u201cA garota de voc\u00eas vai ficar bem, gente\u201d, disse o artista em um v\u00eddeo no Instagram. \u201cIsso foi assustador pra cara***. Foi assustador. Foram quatro dias assustadores. Mas a garota de voc\u00eas vai ficar bem.\u201d<\/p>\n<p>Em uma audi\u00eancia em meados de setembro, os advogados de <strong>Hill<\/strong> disseram que ele estava \u201cem tratamento\u201d numa cl\u00ednica fora do estado. A ju\u00edza<strong> Shellie Samuels<\/strong> lacrou os detalhes do tipo de cuidado que ele estava recebendo.<\/p>\n<p>\u201cVoc\u00eas ouviram a palavra \u2018tratamento\u2019. Estamos fazendo o que \u00e9 melhor para <strong>Montero<\/strong> do ponto de vista pessoal e profissional, mas, acima de tudo, para o seu bem-estar\u201d, disse <strong>Drew Findling<\/strong> ap\u00f3s a audi\u00eancia de setembro. \u201cEle est\u00e1 cercado por uma fam\u00edlia incr\u00edvel, por uma equipe incr\u00edvel de pessoas que se importam com ele e o amam. E estamos apenas enfrentando essas quest\u00f5es. \u00c9 realmente simples assim. Ele teve uma vida \u00f3tima e continuar\u00e1 a ter uma vida \u00f3tima. Isto \u00e9 um obst\u00e1culo que ele vai superar.\u201d<\/p>\n<p>Antes da pris\u00e3o, <strong>Hill<\/strong> havia compartilhado algumas m\u00fasicas in\u00e9ditas e selfies diante do espelho em publica\u00e7\u00f5es no Instagram que despertaram preocupa\u00e7\u00e3o. A pol\u00edcia de Los Angeles inicialmente levou <strong>Hill<\/strong> a um hospital pr\u00f3ximo por uma poss\u00edvel overdose. Ele passou algumas horas l\u00e1 antes de ser encaminhado \u00e0 pris\u00e3o.<\/p>\n<p><strong>+++ LEIA MAIS: https:Lil Nas X recebe tratamento m\u00e9dico ap\u00f3s incidente com pol\u00edcia<\/strong><\/p>\n<p><strong>+++ LEIA MAIS: Pai de Lil Nas X culpa \u2018press\u00e3o\u2019 da fama pelo recente colapso e pris\u00e3o do filho<\/strong><\/p>\n<p><strong>+++ LEIA MAIS: Lil Nas X se declara inocente por crimes ap\u00f3s supostamente agredir policiais<\/strong><\/p>\n<p><strong>+++ LEIA MAIS: Lil Nas X reflete sobre sua sexualidade no trailer do document\u00e1rio Long Live Montero<\/strong><\/p>\n<\/p><\/div>\n<p><br \/>\n<br \/>Fonte: <a href=\"https:\/\/rollingstone.com.br\/noticia\/lil-nas-x-vai-ao-tribunal-por-caso-de-agressao-contra-policial-advogado-diz-que-ele-esta-indo-muito-bem\/\">rollingstone.com.br<\/a><\/p>\n","protected":false},"excerpt":{"rendered":"<p>O artista vencedor do Grammy Lil Nas X, nascido Montero Hill, compareceu a um tribunal da Calif\u00f3rnia nesta segunda-feira, ap\u00f3s sua pris\u00e3o em agosto e posterior libera\u00e7\u00e3o de um programa de tratamento intensivo em regime de interna\u00e7\u00e3o, realizado em uma instala\u00e7\u00e3o n\u00e3o revelada em outro estado. O m\u00fasico de \u201cOld Town Road\u201d, nascido Montero Hill, [&hellip;]<\/p>\n","protected":false},"author":5,"featured_media":58299,"comment_status":"open","ping_status":"open","sticky":false,"template":"","format":"standard","meta":{"_seopress_robots_primary_cat":"","_seopress_titles_title":"","_seopress_titles_desc":"","_seopress_robots_index":"","footnotes":""},"categories":[51],"tags":[],"class_list":["post-58298","post","type-post","status-publish","format-standard","has-post-thumbnail","hentry","category-musica"],"_links":{"self":[{"href":"https:\/\/mussicom.com\/noticias\/wp-json\/wp\/v2\/posts\/58298","targetHints":{"allow":["GET"]}}],"collection":[{"href":"https:\/\/mussicom.com\/noticias\/wp-json\/wp\/v2\/posts"}],"about":[{"href":"https:\/\/mussicom.com\/noticias\/wp-json\/wp\/v2\/types\/post"}],"author":[{"embeddable":true,"href":"https:\/\/mussicom.com\/noticias\/wp-json\/wp\/v2\/users\/5"}],"replies":[{"embeddable":true,"href":"https:\/\/mussicom.com\/noticias\/wp-json\/wp\/v2\/comments?post=58298"}],"version-history":[{"count":0,"href":"https:\/\/mussicom.com\/noticias\/wp-json\/wp\/v2\/posts\/58298\/revisions"}],"wp:featuredmedia":[{"embeddable":true,"href":"https:\/\/mussicom.com\/noticias\/wp-json\/wp\/v2\/media\/58299"}],"wp:attachment":[{"href":"https:\/\/mussicom.com\/noticias\/wp-json\/wp\/v2\/media?parent=58298"}],"wp:term":[{"taxonomy":"category","embeddable":true,"href":"https:\/\/mussicom.com\/noticias\/wp-json\/wp\/v2\/categories?post=58298"},{"taxonomy":"post_tag","embeddable":true,"href":"https:\/\/mussicom.com\/noticias\/wp-json\/wp\/v2\/tags?post=58298"}],"curies":[{"name":"wp","href":"https:\/\/api.w.org\/{rel}","templated":true}]}}