{"id":58229,"date":"2026-01-17T21:59:30","date_gmt":"2026-01-18T00:59:30","guid":{"rendered":"https:\/\/mussicom.com\/mercados-agricolas-iniciam-dia-com-ajustes-tecnicos\/"},"modified":"2026-01-17T21:59:30","modified_gmt":"2026-01-18T00:59:30","slug":"mercados-agricolas-iniciam-dia-com-ajustes-tecnicos","status":"publish","type":"post","link":"https:\/\/mussicom.com\/noticias\/mercados-agricolas-iniciam-dia-com-ajustes-tecnicos\/","title":{"rendered":"Mercados agr\u00edcolas iniciam dia com ajustes t\u00e9cnicos"},"content":{"rendered":"<p> <br \/>\n<\/p>\n<div>\n<div class=\"row\">\n<div class=\"col-lg col-infos mt-0 mt-lg-0\">\n<div class=\"section-sub-title\">\n<p itemprop=\"description\">&#13;<br \/>\n                                A soja tamb\u00e9m come\u00e7ou o dia em alta na Bolsa de Chicago&#13;\n                            <\/p>\n<\/p><\/div>\n<div class=\"container\">\n<div class=\"row\">\n<div class=\"col-lg p-0\">\n<div>\n<div class=\"block-news-main-infos mt-3 text-start\">\n<p>                                            <strong class=\"fn\" itemprop=\"author\" style=\"color: rgb(112, 112, 112); \">&#13;<br \/>\n                                                Agrolink&#13;<br \/>\n&#13;<br \/>\n                                                    &#8211; Leonardo Gottems&#13;<br \/>\n&#13;<br \/>\n                                            <\/strong><br \/>\n                                        <\/p>\n<p>                                            <abbr><time datetime=\"2026 - 01 - 16T09:16\" itemprop=\"datePublished dateModified\"> Publicado em 16\/01\/2026 \u00e0s 09:16h.<\/time><\/abbr>\n                                    <\/div>\n<\/p><\/div>\n<\/p><\/div>\n<div class=\"col-lg p-0 text-lg-end\">\n<div>\n<div id=\"mdEnviarPagina\" class=\"modal fade\" role=\"dialog\">\n<div class=\"modal-dialog\">\n<div class=\"modal-content\">\n<div class=\"modal-body\">\n<p><strong>Estimado usu\u00e1rio.<\/strong><br \/>Preencha o formul\u00e1rio abaixo para remeter a p\u00e1gina.<\/p>\n<\/p><\/div>\n<\/p><\/div>\n<\/p><\/div>\n<\/div><\/div>\n<\/p><\/div>\n<\/p><\/div>\n<\/p><\/div>\n<\/p><\/div>\n<\/p><\/div>\n<div class=\"row justify-content-md-center mt-3\">\n<div class=\"col-lg-auto col-image block-news-main-image\">\n<p>                                <br \/>\n                                                <span class=\"d-block mt-1\">A soja tamb\u00e9m come\u00e7ou o dia em alta na Bolsa de Chicago &#8211; Foto: Pixabay<\/span><\/p><\/div>\n<\/p><\/div>\n<div class=\"section-description section-description-noticias mt-3\">\n<p>Os mercados agr\u00edcolas iniciam o dia com movimenta\u00e7\u00f5es moderadas nas principais bolsas internacionais, refletindo ajustes t\u00e9cnicos, fatores geopol\u00edticos e dados recentes de oferta e demanda. De acordo com a TF Agroecon\u00f4mica, a abertura desta quinta-feira mostra leve recupera\u00e7\u00e3o em Chicago para trigo, soja e milho, ap\u00f3s sess\u00f5es de press\u00e3o nos pre\u00e7os.&#13;\n<\/p>\n<p>No caso do trigo, os contratos registram pequenas altas motivadas pela busca de oportunidades de compra por parte de investidores, ap\u00f3s as quedas recentes. A aus\u00eancia de avan\u00e7os concretos nas negocia\u00e7\u00f5es de paz na regi\u00e3o do Mar Negro e a intensifica\u00e7\u00e3o das hostilidades, incluindo ataques com drones a navios comerciais, surgem como um dos poucos elementos de sustenta\u00e7\u00e3o para o mercado internacional, mesmo diante de uma safra global considerada recorde. No Brasil, os pre\u00e7os f\u00edsicos apresentam comportamento misto, com leve recuo no Paran\u00e1 e estabilidade no Rio Grande do Sul, enquanto as refer\u00eancias da Argentina e do Paraguai seguem dentro de faixas j\u00e1 conhecidas.<\/p>\n<p>A soja tamb\u00e9m come\u00e7ou o dia em alta na Bolsa de Chicago, apoiada por n\u00fameros expressivos de exporta\u00e7\u00f5es semanais dos Estados Unidos e pelo forte desempenho da moagem em dezembro, classificada como a segunda maior j\u00e1 registrada para qualquer m\u00eas. Esses dados refor\u00e7am o crescimento cont\u00ednuo da capacidade de processamento norte-americana. Apesar disso, novos avan\u00e7os encontram limite na perspectiva favor\u00e1vel para a produ\u00e7\u00e3o brasileira, com o in\u00edcio da colheita contribuindo para uma vis\u00e3o mais confort\u00e1vel da oferta global. No mercado interno, os pre\u00e7os seguem pressionados no interior do Paran\u00e1, enquanto o porto apresenta leve recupera\u00e7\u00e3o di\u00e1ria.&#13;\n<\/p>\n<p>O milho acompanha o movimento positivo em Chicago, sustentado por opera\u00e7\u00f5es de prote\u00e7\u00e3o de investidores. Ainda assim, o mercado caminha para encerrar a semana com perdas relevantes, influenciado pela proje\u00e7\u00e3o de uma safra recorde nos Estados Unidos divulgada recentemente. A produ\u00e7\u00e3o elevada de etanol e o aumento anual das exporta\u00e7\u00f5es aparecem como fatores capazes de atenuar a press\u00e3o negativa. No Brasil, os contratos futuros e o mercado f\u00edsico operam com leves baixas.<\/p>\n<p>Entre os indicadores, o d\u00f3lar registra queda frente ao real, o petr\u00f3leo avan\u00e7a e favorece soja e milho, enquanto a desvaloriza\u00e7\u00e3o do \u00edndice do d\u00f3lar frente ao euro traz suporte adicional ao trigo.<br \/>&#13;<br \/>\n\u00a0<\/p>\n<\/p><\/div>\n<\/p><\/div>\n<p><script data-cfasync=\"false\">\n    !function (f, b, e, v, n, t, s) {\n        if (f.fbq) return; n = f.fbq = function () {\n            n.callMethod ?\n                n.callMethod.apply(n, arguments) : n.queue.push(arguments)\n        };\n        if (!f._fbq) f._fbq = n; n.push = n; n.loaded = !0; n.version = '2.0';\n        n.queue = []; t = b.createElement(e); t.async = !0;\n        t.src = v; s = b.getElementsByTagName(e)[0];\n        s.parentNode.insertBefore(t, s)\n    }(window, document, 'script',\n        'https:\/\/connect.facebook.net\/en_US\/fbevents.js');\n    fbq('init', '522546078623747');\n    fbq('track', 'PageView');\n<\/script><br \/>\n<br \/><br \/>\n<br \/>Fonte: <a href=\"https:\/\/www.agrolink.com.br\/noticias\/mercados-agricolas-iniciam-dia-com-ajustes-tecnicos_509968.html\">AGROLINK<\/a><\/p>\n","protected":false},"excerpt":{"rendered":"<p>&#13; A soja tamb\u00e9m come\u00e7ou o dia em alta na Bolsa de Chicago&#13; &#13; Agrolink&#13; &#13; &#8211; Leonardo Gottems&#13; &#13; Publicado em 16\/01\/2026 \u00e0s 09:16h. Estimado usu\u00e1rio.Preencha o formul\u00e1rio abaixo para remeter a p\u00e1gina. A soja tamb\u00e9m come\u00e7ou o dia em alta na Bolsa de Chicago &#8211; Foto: Pixabay Os mercados agr\u00edcolas iniciam o dia [&hellip;]<\/p>\n","protected":false},"author":5,"featured_media":34982,"comment_status":"open","ping_status":"open","sticky":false,"template":"","format":"standard","meta":{"_seopress_robots_primary_cat":"","_seopress_titles_title":"","_seopress_titles_desc":"","_seopress_robots_index":"","footnotes":""},"categories":[53],"tags":[],"class_list":["post-58229","post","type-post","status-publish","format-standard","has-post-thumbnail","hentry","category-agronegocio"],"_links":{"self":[{"href":"https:\/\/mussicom.com\/noticias\/wp-json\/wp\/v2\/posts\/58229","targetHints":{"allow":["GET"]}}],"collection":[{"href":"https:\/\/mussicom.com\/noticias\/wp-json\/wp\/v2\/posts"}],"about":[{"href":"https:\/\/mussicom.com\/noticias\/wp-json\/wp\/v2\/types\/post"}],"author":[{"embeddable":true,"href":"https:\/\/mussicom.com\/noticias\/wp-json\/wp\/v2\/users\/5"}],"replies":[{"embeddable":true,"href":"https:\/\/mussicom.com\/noticias\/wp-json\/wp\/v2\/comments?post=58229"}],"version-history":[{"count":0,"href":"https:\/\/mussicom.com\/noticias\/wp-json\/wp\/v2\/posts\/58229\/revisions"}],"wp:featuredmedia":[{"embeddable":true,"href":"https:\/\/mussicom.com\/noticias\/wp-json\/wp\/v2\/media\/34982"}],"wp:attachment":[{"href":"https:\/\/mussicom.com\/noticias\/wp-json\/wp\/v2\/media?parent=58229"}],"wp:term":[{"taxonomy":"category","embeddable":true,"href":"https:\/\/mussicom.com\/noticias\/wp-json\/wp\/v2\/categories?post=58229"},{"taxonomy":"post_tag","embeddable":true,"href":"https:\/\/mussicom.com\/noticias\/wp-json\/wp\/v2\/tags?post=58229"}],"curies":[{"name":"wp","href":"https:\/\/api.w.org\/{rel}","templated":true}]}}