{"id":58178,"date":"2026-01-17T18:04:15","date_gmt":"2026-01-17T21:04:15","guid":{"rendered":"https:\/\/mussicom.com\/ministro-apontado-como-laranja-de-maduro-e-demitido\/"},"modified":"2026-01-17T18:04:15","modified_gmt":"2026-01-17T21:04:15","slug":"ministro-apontado-como-laranja-de-maduro-e-demitido","status":"publish","type":"post","link":"https:\/\/mussicom.com\/noticias\/ministro-apontado-como-laranja-de-maduro-e-demitido\/","title":{"rendered":"Ministro apontado como &#8220;laranja&#8221; de Maduro \u00e9 demitido"},"content":{"rendered":"<p> <br \/>\n<\/p>\n<div id=\"tp-post-content\">\n<p class=\"postParagraph_post-paragraph__juWZN postParagraph_post-paragraph-innerHtml__Q5vwc\">A ditadora interina da Venezuela, Delcy Rodr\u00edguez, demitiu na sexta-feira (16) o ministro da Ind\u00fastria do pa\u00eds, \u00c1lex Saab. Empres\u00e1rio nascido na Col\u00f4mbia, Saab era um aliado pr\u00f3ximo de Nicol\u00e1s Maduro e foi acusado por autoridades dos EUA de atuar como &#8220;laranja&#8221; em esquemas de corrup\u00e7\u00e3o e lavagem de dinheiro ligados ao regime chavista.<\/p>\n<p class=\"postParagraph_post-paragraph__juWZN postParagraph_post-paragraph-innerHtml__Q5vwc\">O afastamento aconteceu em meio a uma reorganiza\u00e7\u00e3o administrativa promovida por Rodr\u00edguez, que fundiu os minist\u00e9rios da Ind\u00fastria e do Com\u00e9rcio. A nova pasta ser\u00e1 comandado por Luis Antonio Villegas, oficial de carreira da Guarda Nacional Bolivariana.<\/p>\n<p class=\"postParagraph_post-paragraph__juWZN postParagraph_post-paragraph-innerHtml__Q5vwc\">A decis\u00e3o, motivada por uma forte press\u00e3o do governo americano, foi anunciada por Rodr\u00edguez em suas redes sociais. Ela agradeceu a Saab pelo trabalho e disse que o empres\u00e1rio &#8220;assumir\u00e1 novas responsabilidades&#8221;, sem especificar quais.<\/p>\n<p class=\"postParagraph_post-paragraph__juWZN postParagraph_post-paragraph-innerHtml__Q5vwc\">\u00c1lex Saab foi preso em 2020, em Cabo Verde, e extraditado para os EUA, onde enfrentou acusa\u00e7\u00f5es de lavagem de dinheiro relacionadas a contratos de importa\u00e7\u00e3o do governo venezuelano. Em 2023, foi libertado como parte de um acordo que envolveu a liberta\u00e7\u00e3o de cidad\u00e3os americanos detidos pela Venezuela. Maduro o nomeou ministro em outubro de 2024.<\/p>\n<\/div>\n<p><br \/>\n<br \/>Fonte: <a href=\"https:\/\/www.gazetadopovo.com.br\/mundo\/ministro-apontado-laranja-maduro-demitido-venezuela\/\">Revista Oeste<\/a><\/p>\n","protected":false},"excerpt":{"rendered":"<p>A ditadora interina da Venezuela, Delcy Rodr\u00edguez, demitiu na sexta-feira (16) o ministro da Ind\u00fastria do pa\u00eds, \u00c1lex Saab. Empres\u00e1rio nascido na Col\u00f4mbia, Saab era um aliado pr\u00f3ximo de Nicol\u00e1s Maduro e foi acusado por autoridades dos EUA de atuar como &#8220;laranja&#8221; em esquemas de corrup\u00e7\u00e3o e lavagem de dinheiro ligados ao regime chavista. O [&hellip;]<\/p>\n","protected":false},"author":5,"featured_media":58179,"comment_status":"open","ping_status":"open","sticky":false,"template":"","format":"standard","meta":{"_seopress_robots_primary_cat":"","_seopress_titles_title":"","_seopress_titles_desc":"","_seopress_robots_index":"","footnotes":""},"categories":[1],"tags":[],"class_list":["post-58178","post","type-post","status-publish","format-standard","has-post-thumbnail","hentry","category-ultimas-noticias"],"_links":{"self":[{"href":"https:\/\/mussicom.com\/noticias\/wp-json\/wp\/v2\/posts\/58178","targetHints":{"allow":["GET"]}}],"collection":[{"href":"https:\/\/mussicom.com\/noticias\/wp-json\/wp\/v2\/posts"}],"about":[{"href":"https:\/\/mussicom.com\/noticias\/wp-json\/wp\/v2\/types\/post"}],"author":[{"embeddable":true,"href":"https:\/\/mussicom.com\/noticias\/wp-json\/wp\/v2\/users\/5"}],"replies":[{"embeddable":true,"href":"https:\/\/mussicom.com\/noticias\/wp-json\/wp\/v2\/comments?post=58178"}],"version-history":[{"count":0,"href":"https:\/\/mussicom.com\/noticias\/wp-json\/wp\/v2\/posts\/58178\/revisions"}],"wp:featuredmedia":[{"embeddable":true,"href":"https:\/\/mussicom.com\/noticias\/wp-json\/wp\/v2\/media\/58179"}],"wp:attachment":[{"href":"https:\/\/mussicom.com\/noticias\/wp-json\/wp\/v2\/media?parent=58178"}],"wp:term":[{"taxonomy":"category","embeddable":true,"href":"https:\/\/mussicom.com\/noticias\/wp-json\/wp\/v2\/categories?post=58178"},{"taxonomy":"post_tag","embeddable":true,"href":"https:\/\/mussicom.com\/noticias\/wp-json\/wp\/v2\/tags?post=58178"}],"curies":[{"name":"wp","href":"https:\/\/api.w.org\/{rel}","templated":true}]}}