{"id":58173,"date":"2026-01-17T17:55:16","date_gmt":"2026-01-17T20:55:16","guid":{"rendered":"https:\/\/mussicom.com\/exportacoes-do-agro-renovam-recordes-e-ampliam-superavit\/"},"modified":"2026-01-17T17:55:16","modified_gmt":"2026-01-17T20:55:16","slug":"exportacoes-do-agro-renovam-recordes-e-ampliam-superavit","status":"publish","type":"post","link":"https:\/\/mussicom.com\/noticias\/exportacoes-do-agro-renovam-recordes-e-ampliam-superavit\/","title":{"rendered":"Exporta\u00e7\u00f5es do agro renovam recordes e ampliam super\u00e1vit"},"content":{"rendered":"<p> <br \/>\n<\/p>\n<div>\n<div class=\"row\">\n<div class=\"col-lg col-infos mt-0 mt-lg-0\">\n<div class=\"section-sub-title\">\n<p itemprop=\"description\">&#13;<br \/>\n                                O agroneg\u00f3cio respondeu por 49% de toda a receita das exporta\u00e7\u00f5es brasileiras&#13;\n                            <\/p>\n<\/p><\/div>\n<div class=\"container\">\n<div class=\"row\">\n<div class=\"col-lg p-0\">\n<div>\n<div class=\"block-news-main-infos mt-3 text-start\">\n<p>                                            <strong class=\"fn\" itemprop=\"author\" style=\"color: rgb(112, 112, 112); \">&#13;<br \/>\n                                                Agrolink&#13;<br \/>\n&#13;<br \/>\n                                                    &#8211; Leonardo Gottems&#13;<br \/>\n&#13;<br \/>\n                                            <\/strong><br \/>\n                                        <\/p>\n<p>                                            <abbr><time datetime=\"2026 - 01 - 16T09:45\" itemprop=\"datePublished dateModified\"> Publicado em 16\/01\/2026 \u00e0s 09:45h.<\/time><\/abbr>\n                                    <\/div>\n<\/p><\/div>\n<\/p><\/div>\n<div class=\"col-lg p-0 text-lg-end\">\n<div>\n<div id=\"mdEnviarPagina\" class=\"modal fade\" role=\"dialog\">\n<div class=\"modal-dialog\">\n<div class=\"modal-content\">\n<div class=\"modal-body\">\n<p><strong>Estimado usu\u00e1rio.<\/strong><br \/>Preencha o formul\u00e1rio abaixo para remeter a p\u00e1gina.<\/p>\n<\/p><\/div>\n<\/p><\/div>\n<\/p><\/div>\n<\/div><\/div>\n<\/p><\/div>\n<\/p><\/div>\n<\/p><\/div>\n<\/p><\/div>\n<\/p><\/div>\n<div class=\"row justify-content-md-center mt-3\">\n<div class=\"col-lg-auto col-image block-news-main-image\">\n<p>                                <br \/>\n                                                <span class=\"d-block mt-1\">O agroneg\u00f3cio respondeu por 49% de toda a receita das exporta\u00e7\u00f5es brasileiras &#8211; Foto: Ivan Bueno\/APPA<\/span><\/p><\/div>\n<\/p><\/div>\n<div class=\"section-description section-description-noticias mt-3\">\n<p>O desempenho do agroneg\u00f3cio brasileiro em 2025 foi marcado por resultados hist\u00f3ricos no com\u00e9rcio exterior, consolidando o setor como principal gerador de divisas do pa\u00eds. Segundo an\u00e1lise setorial do Ita\u00fa BBA, as exporta\u00e7\u00f5es alcan\u00e7aram USD 169,2 bilh\u00f5es no ano, superando o recorde anterior, enquanto as importa\u00e7\u00f5es somaram USD 20,1 bilh\u00f5es, tamb\u00e9m em patamar in\u00e9dito, o que resultou em super\u00e1vit comercial de USD 149,1 bilh\u00f5es, alta de 2,8% na compara\u00e7\u00e3o anual.&#13;\n<\/p>\n<p>O agroneg\u00f3cio respondeu por 49% de toda a receita das exporta\u00e7\u00f5es brasileiras no per\u00edodo, impulsionado por volumes recordes em diversas cadeias. Os embarques de soja cresceram de forma expressiva, atingindo o maior volume da s\u00e9rie hist\u00f3rica, mesmo com pre\u00e7os m\u00e9dios mais baixos. Ainda assim, a receita do complexo permaneceu robusta, com a soja em gr\u00e3o mantendo participa\u00e7\u00e3o de 26% no valor total exportado pelo setor.<\/p>\n<p>No caso do caf\u00e9, houve retra\u00e7\u00e3o no volume exportado, mas a forte valoriza\u00e7\u00e3o dos pre\u00e7os internacionais garantiu faturamento recorde. O mesmo movimento de crescimento foi observado nas prote\u00ednas animais, com destaque para a carne bovina e a carne su\u00edna in natura, que registraram marcas in\u00e9ditas tanto em volume quanto em receita. A carne de frango apresentou queda nos embarques in natura, reflexo do fechamento de mercados ap\u00f3s a ocorr\u00eancia de gripe avi\u00e1ria em maio, mas o volume total exportado, considerando tamb\u00e9m produtos industrializados e miudezas, ficou levemente acima do ano anterior.&#13;\n<\/p>\n<p>O segmento sucroenerg\u00e9tico enfrentou cen\u00e1rio menos favor\u00e1vel, com redu\u00e7\u00e3o dos embarques de a\u00e7\u00facar e etanol em fun\u00e7\u00e3o da combina\u00e7\u00e3o entre pre\u00e7os mais baixos e maior oferta global. Ainda assim, o setor manteve relev\u00e2ncia na pauta exportadora. Outros produtos, como milho e algod\u00e3o, tamb\u00e9m apresentaram crescimento de volume, refor\u00e7ando a diversifica\u00e7\u00e3o das exporta\u00e7\u00f5es agropecu\u00e1rias e o papel central do setor no equil\u00edbrio das contas externas brasileiras.<br \/>&#13;<br \/>\n\u00a0<\/p>\n<\/p><\/div>\n<\/p><\/div>\n<p><script data-cfasync=\"false\">\n    !function (f, b, e, v, n, t, s) {\n        if (f.fbq) return; n = f.fbq = function () {\n            n.callMethod ?\n                n.callMethod.apply(n, arguments) : n.queue.push(arguments)\n        };\n        if (!f._fbq) f._fbq = n; n.push = n; n.loaded = !0; n.version = '2.0';\n        n.queue = []; t = b.createElement(e); t.async = !0;\n        t.src = v; s = b.getElementsByTagName(e)[0];\n        s.parentNode.insertBefore(t, s)\n    }(window, document, 'script',\n        'https:\/\/connect.facebook.net\/en_US\/fbevents.js');\n    fbq('init', '522546078623747');\n    fbq('track', 'PageView');\n<\/script><br \/>\n<br \/><br \/>\n<br \/>Fonte: <a href=\"https:\/\/www.agrolink.com.br\/noticias\/exportacoes-do-agro-renovam-recordes-e-ampliam-superavit_509973.html\">AGROLINK<\/a><\/p>\n","protected":false},"excerpt":{"rendered":"<p>&#13; O agroneg\u00f3cio respondeu por 49% de toda a receita das exporta\u00e7\u00f5es brasileiras&#13; &#13; Agrolink&#13; &#13; &#8211; Leonardo Gottems&#13; &#13; Publicado em 16\/01\/2026 \u00e0s 09:45h. Estimado usu\u00e1rio.Preencha o formul\u00e1rio abaixo para remeter a p\u00e1gina. O agroneg\u00f3cio respondeu por 49% de toda a receita das exporta\u00e7\u00f5es brasileiras &#8211; Foto: Ivan Bueno\/APPA O desempenho do agroneg\u00f3cio brasileiro [&hellip;]<\/p>\n","protected":false},"author":5,"featured_media":36434,"comment_status":"open","ping_status":"open","sticky":false,"template":"","format":"standard","meta":{"_seopress_robots_primary_cat":"","_seopress_titles_title":"","_seopress_titles_desc":"","_seopress_robots_index":"","footnotes":""},"categories":[53],"tags":[],"class_list":["post-58173","post","type-post","status-publish","format-standard","has-post-thumbnail","hentry","category-agronegocio"],"_links":{"self":[{"href":"https:\/\/mussicom.com\/noticias\/wp-json\/wp\/v2\/posts\/58173","targetHints":{"allow":["GET"]}}],"collection":[{"href":"https:\/\/mussicom.com\/noticias\/wp-json\/wp\/v2\/posts"}],"about":[{"href":"https:\/\/mussicom.com\/noticias\/wp-json\/wp\/v2\/types\/post"}],"author":[{"embeddable":true,"href":"https:\/\/mussicom.com\/noticias\/wp-json\/wp\/v2\/users\/5"}],"replies":[{"embeddable":true,"href":"https:\/\/mussicom.com\/noticias\/wp-json\/wp\/v2\/comments?post=58173"}],"version-history":[{"count":0,"href":"https:\/\/mussicom.com\/noticias\/wp-json\/wp\/v2\/posts\/58173\/revisions"}],"wp:featuredmedia":[{"embeddable":true,"href":"https:\/\/mussicom.com\/noticias\/wp-json\/wp\/v2\/media\/36434"}],"wp:attachment":[{"href":"https:\/\/mussicom.com\/noticias\/wp-json\/wp\/v2\/media?parent=58173"}],"wp:term":[{"taxonomy":"category","embeddable":true,"href":"https:\/\/mussicom.com\/noticias\/wp-json\/wp\/v2\/categories?post=58173"},{"taxonomy":"post_tag","embeddable":true,"href":"https:\/\/mussicom.com\/noticias\/wp-json\/wp\/v2\/tags?post=58173"}],"curies":[{"name":"wp","href":"https:\/\/api.w.org\/{rel}","templated":true}]}}