{"id":58154,"date":"2026-01-17T15:57:19","date_gmt":"2026-01-17T18:57:19","guid":{"rendered":"https:\/\/mussicom.com\/hacker-pede-reducao-de-pena-com-base-em-indulto-de-lula\/"},"modified":"2026-01-17T15:57:19","modified_gmt":"2026-01-17T18:57:19","slug":"hacker-pede-reducao-de-pena-com-base-em-indulto-de-lula","status":"publish","type":"post","link":"https:\/\/mussicom.com\/noticias\/hacker-pede-reducao-de-pena-com-base-em-indulto-de-lula\/","title":{"rendered":"Hacker pede redu\u00e7\u00e3o de pena com base em indulto de Lula"},"content":{"rendered":"<p> <br \/>\n<\/p>\n<div id=\"tp-post-content\">\n<p class=\"postParagraph_post-paragraph__juWZN postParagraph_post-paragraph-innerHtml__Q5vwc\">A defesa do hacker Walter Delgatti Neto pediu nesta quarta-feira (14) ao Supremo Tribunal Federal (STF) a redu\u00e7\u00e3o da pena com base no indulto de Natal assinado pelo presidente Luiz In\u00e1cio Lula da Silva (PT) em dezembro. O requerimento visa reduzir em um quarto (25%) o tempo de pris\u00e3o que ainda resta ao hacker.<\/p>\n<p class=\"postParagraph_post-paragraph__juWZN postParagraph_post-paragraph-innerHtml__Q5vwc\">Delgatti foi condenado a 8 anos e 3 meses de pris\u00e3o pela invas\u00e3o do sistema do Conselho Nacional de Justi\u00e7a (CNJ) junto com a ex-deputada Carla Zambelli (PL-SP), que recebeu pena de 10 anos de pris\u00e3o. Ele est\u00e1 em regime semiaberto desde segunda-feira (12).<\/p>\n<p class=\"postParagraph_post-paragraph__juWZN postParagraph_post-paragraph-innerHtml__Q5vwc\">No pedido, a defesa solicita a oitiva da Procuradoria-Geral da Rep\u00fablica (PGR) sobre o caso; a concess\u00e3o definitiva da comuta\u00e7\u00e3o de pena, retroativa a 25 de dezembro de 2025; e a elabora\u00e7\u00e3o de um novo c\u00e1lculo de pena, que poder\u00e1 antecipar as datas para a progress\u00e3o ao regime aberto e o livramento condicional.<\/p>\n<div class=\"postViewMore_post-view-more-container___5wai\" data-mrf-recirculation=\"Post - Veja tamb\u00e9m\">\n<p class=\"gp-styles-module-size-small-afeYRa gp-styles-module-font-family2-afeYRa gp-styles-module-color-secondary-afeYRa gp-styles-module-weight-bold-afeYRa\">VEJA TAMB\u00c9M:<\/p>\n<ul class=\"postViewMore_post-view-more-list__CU_CE\">\n<li class=\"postViewMore_post-view-more-item__2MzRb\"><span class=\"postViewMore_post-view-more-link-icon___stPC\"><svg xmlns=\"http:\/\/www.w3.org\/2000\/svg\" width=\"16\" height=\"16\" viewbox=\"0 0 16 16\"><rect width=\"16\" height=\"16\" fill=\"none\"\/><g transform=\"translate(3 3)\"><path d=\"M22.5,15l3.4,3.4-3.4,3.4\" transform=\"translate(-15.896 -11.793)\" fill=\"none\" stroke=\"#717171\" stroke-linecap=\"round\" stroke-width=\"1.4\"\/><path d=\"M6,6v4.2a2.452,2.452,0,0,0,2.5,2.4H16\" transform=\"translate(-6 -6)\" fill=\"none\" stroke=\"#717171\" stroke-linecap=\"round\" stroke-width=\"1.4\"\/><\/g><\/svg><\/span><span class=\"postViewMore_post-view-more-link-text__hO_kM\">Michelle diz que Allan dos Santos \u00e9 \u201cdos dem\u00f4nios\u201d e rebate cr\u00edtica por v\u00eddeo de Tarc\u00edsio<\/span><\/li>\n<\/ul>\n<\/div>\n<p class=\"postParagraph_post-paragraph__juWZN postParagraph_post-paragraph-innerHtml__Q5vwc\">Caber\u00e1 ao ministro Alexandre de Moraes decidir sobre o pedido. O advogado Ariovaldo Moreira, que representa Delgatti, destacou que os crimes de invas\u00e3o de dispositivo inform\u00e1tico e falsidade ideol\u00f3gica n\u00e3o constam no rol de impeditivos previstos no indulto de Lula.<\/p>\n<p class=\"postParagraph_post-paragraph__juWZN postParagraph_post-paragraph-innerHtml__Q5vwc\">A defesa argumenta que o decreto estabelece que \u201cos condenados que n\u00e3o preencham requisitos para o indulto ter\u00e3o direito \u00e0 comuta\u00e7\u00e3o de sua pena remanescente na fra\u00e7\u00e3o de 1\/4 (um quarto), desde que, at\u00e9 25 de dezembro de 2025, tenham cumprido 1\/4 da pena, se reincidente\u201d.<\/p>\n<p class=\"postParagraph_post-paragraph__juWZN postParagraph_post-paragraph-innerHtml__Q5vwc\">Segundo Moreira, no caso do Hacker, o c\u00e1lculo de um quarto da pena total corresponde a 2 anos e 22 dias. \u201cO executado atingiu este marco temporal em 24\/08\/2025. Portanto, na data de corte estabelecida (25\/12\/2025), o requisito objetivo estava plenamente satisfeito\u201d, disse.<\/p>\n<p class=\"postParagraph_post-paragraph__juWZN postParagraph_post-paragraph-innerHtml__Q5vwc\">O advogado citou \u201cbom comportamento carcer\u00e1rio\u201d de Delgatti e ressaltou que n\u00e3o foram registradas faltas graves nos \u00faltimos doze meses anteriores \u00e0 publica\u00e7\u00e3o do indulto.<\/p>\n<h2 class=\"postParagraph_post-paragraph__juWZN postParagraph_post-paragraph-innerHtml__Q5vwc postParagraph_type-tag-h2__TtFkT\">Hacker voltou para Trememb\u00e9<\/h2>\n<p class=\"postParagraph_post-paragraph__juWZN postParagraph_post-paragraph-innerHtml__Q5vwc\">O pedido de redu\u00e7\u00e3o de pena ocorre em um momento de transi\u00e7\u00e3o no cumprimento da senten\u00e7a. Nesta quarta (14), a Secretaria da Administra\u00e7\u00e3o Penitenci\u00e1ria de S\u00e3o Paulo (SAP-SP) confirmou o cumprimento da decis\u00e3o de Moraes para a progress\u00e3o de Delgatti ao regime semiaberto.<\/p>\n<p class=\"postParagraph_post-paragraph__juWZN postParagraph_post-paragraph-innerHtml__Q5vwc\">Ele foi transferido da Penitenci\u00e1ria II de Potim, localizada em Potim (SP), para a Penitenci\u00e1ria II de Trememb\u00e9, conhecida como \u201cpres\u00eddio dos famosos\u201d, em S\u00e3o Paulo. O hacker cumpria pena em Trememb\u00e9 desde fevereiro do ano passado, mas foi transferido para Potim em dezembro.<\/p>\n<\/div>\n<p><br \/>\n<br \/>Fonte: <a href=\"https:\/\/www.gazetadopovo.com.br\/republica\/defesa-hacker-walter-delgatti-pede-reducao-da-pena-com-base-em-indulto-lula\/\">Revista Oeste<\/a><\/p>\n","protected":false},"excerpt":{"rendered":"<p>A defesa do hacker Walter Delgatti Neto pediu nesta quarta-feira (14) ao Supremo Tribunal Federal (STF) a redu\u00e7\u00e3o da pena com base no indulto de Natal assinado pelo presidente Luiz In\u00e1cio Lula da Silva (PT) em dezembro. O requerimento visa reduzir em um quarto (25%) o tempo de pris\u00e3o que ainda resta ao hacker. Delgatti [&hellip;]<\/p>\n","protected":false},"author":5,"featured_media":58155,"comment_status":"open","ping_status":"open","sticky":false,"template":"","format":"standard","meta":{"_seopress_robots_primary_cat":"","_seopress_titles_title":"","_seopress_titles_desc":"","_seopress_robots_index":"","footnotes":""},"categories":[1],"tags":[],"class_list":["post-58154","post","type-post","status-publish","format-standard","has-post-thumbnail","hentry","category-ultimas-noticias"],"_links":{"self":[{"href":"https:\/\/mussicom.com\/noticias\/wp-json\/wp\/v2\/posts\/58154","targetHints":{"allow":["GET"]}}],"collection":[{"href":"https:\/\/mussicom.com\/noticias\/wp-json\/wp\/v2\/posts"}],"about":[{"href":"https:\/\/mussicom.com\/noticias\/wp-json\/wp\/v2\/types\/post"}],"author":[{"embeddable":true,"href":"https:\/\/mussicom.com\/noticias\/wp-json\/wp\/v2\/users\/5"}],"replies":[{"embeddable":true,"href":"https:\/\/mussicom.com\/noticias\/wp-json\/wp\/v2\/comments?post=58154"}],"version-history":[{"count":0,"href":"https:\/\/mussicom.com\/noticias\/wp-json\/wp\/v2\/posts\/58154\/revisions"}],"wp:featuredmedia":[{"embeddable":true,"href":"https:\/\/mussicom.com\/noticias\/wp-json\/wp\/v2\/media\/58155"}],"wp:attachment":[{"href":"https:\/\/mussicom.com\/noticias\/wp-json\/wp\/v2\/media?parent=58154"}],"wp:term":[{"taxonomy":"category","embeddable":true,"href":"https:\/\/mussicom.com\/noticias\/wp-json\/wp\/v2\/categories?post=58154"},{"taxonomy":"post_tag","embeddable":true,"href":"https:\/\/mussicom.com\/noticias\/wp-json\/wp\/v2\/tags?post=58154"}],"curies":[{"name":"wp","href":"https:\/\/api.w.org\/{rel}","templated":true}]}}