{"id":58145,"date":"2026-01-17T15:04:15","date_gmt":"2026-01-17T18:04:15","guid":{"rendered":"https:\/\/mussicom.com\/ira-apresenta-sentenca-contra-manifestante-sem-pena-de-morte\/"},"modified":"2026-01-17T15:04:15","modified_gmt":"2026-01-17T18:04:15","slug":"ira-apresenta-sentenca-contra-manifestante-sem-pena-de-morte","status":"publish","type":"post","link":"https:\/\/mussicom.com\/noticias\/ira-apresenta-sentenca-contra-manifestante-sem-pena-de-morte\/","title":{"rendered":"Ir\u00e3 apresenta senten\u00e7a contra manifestante sem pena de morte"},"content":{"rendered":"<p> <br \/>\n<\/p>\n<div id=\"tp-post-content\">\n<p class=\"postParagraph_post-paragraph__juWZN postParagraph_post-paragraph-innerHtml__Q5vwc\">O\u00a0Judici\u00e1rio do Ir\u00e3 apresentou uma vers\u00e3o de senten\u00e7a diferente da que foi anunciada por familiares em rela\u00e7\u00e3o ao manifestante Erfan Soltani, de 26 anos, preso nos protestos que tomaram as ruas do pa\u00eds. Inicialmente, ele havia sido condenado \u00e0 pena de morte, segundo denunciaram organiza\u00e7\u00f5es de direitos humanos, e sua execu\u00e7\u00e3o estava marcada para esta quarta-feira (14).<\/p>\n<p class=\"postParagraph_post-paragraph__juWZN postParagraph_post-paragraph-innerHtml__Q5vwc\">No entanto, a ag\u00eancia de not\u00edcias Mizan, ligada ao judici\u00e1rio iraniano, apresentou uma nova vers\u00e3o de senten\u00e7a, depois de dias de press\u00e3o do presidente dos EUA, Donald Trump.<\/p>\n<p class=\"postParagraph_post-paragraph__juWZN postParagraph_post-paragraph-innerHtml__Q5vwc\">&#8220;Soltani foi preso durante os dist\u00farbios e acusado de reuni\u00e3o ilegal, amea\u00e7a \u00e0 seguran\u00e7a nacional e atividades de propaganda contra o regime. Ele est\u00e1 atualmente detido na pris\u00e3o central da cidade de Karaj&#8221;, afirmou a ag\u00eancia.<\/p>\n<p class=\"postParagraph_post-paragraph__juWZN postParagraph_post-paragraph-innerHtml__Q5vwc\">&#8220;Caso as acusa\u00e7\u00f5es contra o r\u00e9u sejam comprovadas, a pena prevista em lei \u00e9 a pris\u00e3o, e a pena de morte n\u00e3o est\u00e1 prevista para esse tipo de crime&#8221;, acrescentou a publica\u00e7\u00e3o.<\/p>\n<p class=\"postParagraph_post-paragraph__juWZN postParagraph_post-paragraph-innerHtml__Q5vwc\">Com a press\u00e3o de Trump, acompanhada de amea\u00e7as de interven\u00e7\u00e3o militar, o ministro das Rela\u00e7\u00f5es Exteriores do Ir\u00e3, Abbas Araghchi, deu entrevista \u00e0 Fox News na quarta-feira e reiterou que n\u00e3o h\u00e1 planos para enforcar manifestantes detidos. &#8220;Posso afirmar com total confian\u00e7a que n\u00e3o h\u00e1 planos para enforcamentos&#8221;.<\/p>\n<p class=\"postParagraph_post-paragraph__juWZN postParagraph_post-paragraph-innerHtml__Q5vwc\">No mesmo dia, antes de serem divulgadas informa\u00e7\u00f5es sobre a condena\u00e7\u00e3o de Soltani, o chefe do Poder Judici\u00e1rio\u00a0do Ir\u00e3,\u00a0Gholam-Hossein Mohseni-Eje&#8217;i, prometeu acelerar os julgamentos de manifestantes envolvidos com os protestos pelo pa\u00eds em meio \u00e0 crescente preocupa\u00e7\u00e3o internacional com a repress\u00e3o brutal aplicada por agentes de seguran\u00e7a nas ruas.<\/p>\n<p class=\"postParagraph_post-paragraph__juWZN postParagraph_post-paragraph-innerHtml__Q5vwc\">Citado pela imprensa estatal, ele disse que os manifestantes acusados \u200b\u200bde viol\u00eancia ou &#8220;atividades terroristas\u201d ter\u00e3o \u201cprioridade no julgamento e na puni\u00e7\u00e3o\u201d.<\/p>\n<p class=\"postParagraph_post-paragraph__juWZN postParagraph_post-paragraph-innerHtml__Q5vwc\">Na \u00faltima segunda-feira, a organiza\u00e7\u00e3o Iran Human Rights Governance (IHRNGO), sediada em Oslo, reiterou que tinha conhecimento por meio de relatos de suas fontes no pa\u00eds que pelo menos um manifestante corria risco de execu\u00e7\u00e3o.<\/p>\n<p class=\"postParagraph_post-paragraph__juWZN postParagraph_post-paragraph-innerHtml__Q5vwc\">A ONG acrescentou que fontes pr\u00f3ximas \u00e0 fam\u00edlia de Erfan Soltani, de 26 anos, afirmaram que ele foi preso em 8 de janeiro em Fardis, nos arredores de Teer\u00e3, e que seus familiares foram informados de que ele havia sido condenado \u00e0 morte e que a execu\u00e7\u00e3o ocorreria no dia 14.<\/p>\n<p class=\"postParagraph_post-paragraph__juWZN postParagraph_post-paragraph-innerHtml__Q5vwc\">A pr\u00f3pria organiza\u00e7\u00e3o acrescentou que as autoridades iranianas \u00e0s vezes usam tais amea\u00e7as como forma de press\u00e3o.<\/p>\n<p class=\"postParagraph_post-paragraph__juWZN postParagraph_post-paragraph-innerHtml__Q5vwc\">A ONG Hengaw tamb\u00e9m relatou que a irm\u00e3 de Erfan Soltani, uma advogada, tentou acessar o caso por vias legais, mas as autoridades a impediram de ter acesso aos documentos do processo.<\/p>\n<p class=\"postParagraph_post-paragraph__juWZN postParagraph_post-paragraph-innerHtml__Q5vwc\">Os protestos que come\u00e7aram em 28 de dezembro ganharam for\u00e7a nas semanas seguintes e se transformaram em um massacre a partir de 8 de janeiro, quando uma repress\u00e3o em todo o pa\u00eds teve in\u00edcio, resultando em um n\u00famero incerto de mortos, estimado por organiza\u00e7\u00f5es como a IHRNGO em 3.428, com milhares de feridos e detidos.<\/p>\n<p class=\"postParagraph_post-paragraph__juWZN postParagraph_post-paragraph-innerHtml__Q5vwc\">As autoridades iranianas confirmaram at\u00e9 o momento a morte de mais de 150 membros das for\u00e7as de seguran\u00e7a, mas ainda n\u00e3o divulgaram n\u00fameros relativos a v\u00edtimas civis, alegando que o processo de identifica\u00e7\u00e3o dos mortos ainda est\u00e1 em andamento.<\/p>\n<p class=\"postParagraph_post-paragraph__juWZN postParagraph_post-paragraph-innerHtml__Q5vwc\">Na vers\u00e3o do regime iraniano, os protestos foram pac\u00edficos entre 28 de dezembro e 7 de janeiro, mas tornaram-se violentos em 8 de janeiro devido \u00e0 &#8220;infiltra\u00e7\u00e3o de agentes estrangeiros armados&#8221; que buscavam provocar um banho de sangue para desencadear uma interven\u00e7\u00e3o militar dos EUA.<\/p>\n<p class=\"postParagraph_post-paragraph__juWZN postParagraph_post-paragraph-innerHtml__Q5vwc\">Trump disse na tarde de quarta-feira que o regime do Ir\u00e3 n\u00e3o tem planos de executar pessoas que participam dos protestos que t\u00eam ocorrido no pa\u00eds nas \u00faltimas semanas.<\/p>\n<p class=\"postParagraph_post-paragraph__juWZN postParagraph_post-paragraph-innerHtml__Q5vwc\">\u201cFomos informados de que as mortes no Ir\u00e3 est\u00e3o cessando e que n\u00e3o h\u00e1 planos para execu\u00e7\u00f5es\u201d, afirmou a jornalistas no Sal\u00e3o Oval da Casa Branca, segundo informa\u00e7\u00f5es da emissora CNN. \u201cAs mortes pararam. As execu\u00e7\u00f5es pararam\u201d.<\/p>\n<\/div>\n<p><br \/>\n<br \/>Fonte: <a href=\"https:\/\/www.gazetadopovo.com.br\/mundo\/pressionado-trump-ira-apresenta-versao-sentenca-manifestante-sem-pena-morte\/\">Revista Oeste<\/a><\/p>\n","protected":false},"excerpt":{"rendered":"<p>O\u00a0Judici\u00e1rio do Ir\u00e3 apresentou uma vers\u00e3o de senten\u00e7a diferente da que foi anunciada por familiares em rela\u00e7\u00e3o ao manifestante Erfan Soltani, de 26 anos, preso nos protestos que tomaram as ruas do pa\u00eds. Inicialmente, ele havia sido condenado \u00e0 pena de morte, segundo denunciaram organiza\u00e7\u00f5es de direitos humanos, e sua execu\u00e7\u00e3o estava marcada para esta [&hellip;]<\/p>\n","protected":false},"author":5,"featured_media":58146,"comment_status":"open","ping_status":"open","sticky":false,"template":"","format":"standard","meta":{"_seopress_robots_primary_cat":"","_seopress_titles_title":"","_seopress_titles_desc":"","_seopress_robots_index":"","footnotes":""},"categories":[48],"tags":[],"class_list":["post-58145","post","type-post","status-publish","format-standard","has-post-thumbnail","hentry","category-internacional"],"_links":{"self":[{"href":"https:\/\/mussicom.com\/noticias\/wp-json\/wp\/v2\/posts\/58145","targetHints":{"allow":["GET"]}}],"collection":[{"href":"https:\/\/mussicom.com\/noticias\/wp-json\/wp\/v2\/posts"}],"about":[{"href":"https:\/\/mussicom.com\/noticias\/wp-json\/wp\/v2\/types\/post"}],"author":[{"embeddable":true,"href":"https:\/\/mussicom.com\/noticias\/wp-json\/wp\/v2\/users\/5"}],"replies":[{"embeddable":true,"href":"https:\/\/mussicom.com\/noticias\/wp-json\/wp\/v2\/comments?post=58145"}],"version-history":[{"count":0,"href":"https:\/\/mussicom.com\/noticias\/wp-json\/wp\/v2\/posts\/58145\/revisions"}],"wp:featuredmedia":[{"embeddable":true,"href":"https:\/\/mussicom.com\/noticias\/wp-json\/wp\/v2\/media\/58146"}],"wp:attachment":[{"href":"https:\/\/mussicom.com\/noticias\/wp-json\/wp\/v2\/media?parent=58145"}],"wp:term":[{"taxonomy":"category","embeddable":true,"href":"https:\/\/mussicom.com\/noticias\/wp-json\/wp\/v2\/categories?post=58145"},{"taxonomy":"post_tag","embeddable":true,"href":"https:\/\/mussicom.com\/noticias\/wp-json\/wp\/v2\/tags?post=58145"}],"curies":[{"name":"wp","href":"https:\/\/api.w.org\/{rel}","templated":true}]}}