{"id":58133,"date":"2026-01-17T14:05:48","date_gmt":"2026-01-17T17:05:48","guid":{"rendered":"https:\/\/mussicom.com\/mongagua-intensifica-acoes-para-reduzir-evasao-escolar-na-rede-de-ensino\/"},"modified":"2026-01-17T14:05:48","modified_gmt":"2026-01-17T17:05:48","slug":"mongagua-intensifica-acoes-para-reduzir-evasao-escolar-na-rede-de-ensino","status":"publish","type":"post","link":"https:\/\/mussicom.com\/noticias\/mongagua-intensifica-acoes-para-reduzir-evasao-escolar-na-rede-de-ensino\/","title":{"rendered":"Mongagu\u00e1 intensifica a\u00e7\u00f5es para reduzir evas\u00e3o escolar na Rede de Ensino"},"content":{"rendered":"<p> <br \/>\n<\/p>\n<div id=\"texto\">\n<p>A Secretaria de Educa\u00e7\u00e3o (Seduc) de Mongagu\u00e1 vem intensificando e fortalecendo a\u00e7\u00f5es voltadas \u00e0 preven\u00e7\u00e3o da evas\u00e3o escolar na Rede Municipal de Ensino. Nos primeiros seis meses de implementa\u00e7\u00e3o do novo conceito de trabalho, dados preliminares apontam uma redu\u00e7\u00e3o de 17,13% nos \u00edndices de evas\u00e3o nas S\u00e9ries Finais do Ensino Fundamental.<\/p>\n<p>O levantamento indica ainda que, entre as 14 escolas que atendem alunos das S\u00e9ries Iniciais, apenas duas registraram reten\u00e7\u00e3o por evas\u00e3o escolar. Para a gestora das S\u00e9ries Finais, Juliana Barti\u00e9, os n\u00fameros refletem o trabalho cont\u00ednuo desenvolvido pela rede. &#8220;\u00c9 o resultado de um acompanhamento permanente dos alunos e da atua\u00e7\u00e3o integrada entre escolas, fam\u00edlias e o Poder P\u00fablico&#8221;, destacou.<\/p>\n<p>Entre as principais medidas adotadas est\u00e3o o monitoramento sistem\u00e1tico da frequ\u00eancia escolar, a\u00e7\u00f5es de busca ativa, di\u00e1logo constante com os respons\u00e1veis e a atua\u00e7\u00e3o conjunta das equipes pedag\u00f3gicas com os setores de apoio social do munic\u00edpio.<\/p>\n<p>&#8220;Sempre que s\u00e3o identificadas faltas recorrentes ou sinais de risco, as unidades escolares passam a atuar de forma preventiva, com orienta\u00e7\u00e3o, acolhimento e os encaminhamentos necess\u00e1rios&#8221;, explicou a secret\u00e1ria municipal de Educa\u00e7\u00e3o, Maria Marta.<\/p>\n<p>De acordo com ela, a Seduc tamb\u00e9m investe em refor\u00e7o pedag\u00f3gico, com a implanta\u00e7\u00e3o de um projeto-piloto que dever\u00e1 ser estendido gradativamente; no desenvolvimento de projetos que fortalecem o v\u00ednculo entre o aluno e a escola, e em pr\u00e1ticas educacionais inclusivas. E as a\u00e7\u00f5es s\u00e3o complementadas por melhorias no ambiente escolar, contribuindo diretamente para o engajamento dos estudantes e para sua perman\u00eancia em sala de aula.<\/p>\n<p>&#8220;A evas\u00e3o escolar \u00e9 um desafio constante, mas seguimos empenhados no acompanhamento da vida escolar de crian\u00e7as e adolescentes, contribuindo para a constru\u00e7\u00e3o de um percurso educacional cont\u00ednuo e de qualidade, garantindo que nenhum aluno fique para tr\u00e1s e que a escola seja um espa\u00e7o de aprendizado, acolhimento e desenvolvimento social&#8221;, finalizou a secret\u00e1ria.<br \/>&#13;<br \/>\n\u00a0<\/p>\n<\/p><\/div>\n<p><script async defer crossorigin=\"anonymous\" src=\"https:\/\/connect.facebook.net\/pt_BR\/sdk.js#xfbml=1&#038;version=v12.0&#038;appId=&#038;autoLogAppEvents=1\" nonce=\"ou0fI1lo\"><\/script><br \/>\n<br \/><br \/>\n<br \/>Fonte: <a href=\"https:\/\/www.bs9.com.br\/litoral\/mongagua-intensifica-acoes-para-reduzir-evasao-escolar-na-rede-de\/37194\/\">BS9<\/a><\/p>\n","protected":false},"excerpt":{"rendered":"<p>A Secretaria de Educa\u00e7\u00e3o (Seduc) de Mongagu\u00e1 vem intensificando e fortalecendo a\u00e7\u00f5es voltadas \u00e0 preven\u00e7\u00e3o da evas\u00e3o escolar na Rede Municipal de Ensino. Nos primeiros seis meses de implementa\u00e7\u00e3o do novo conceito de trabalho, dados preliminares apontam uma redu\u00e7\u00e3o de 17,13% nos \u00edndices de evas\u00e3o nas S\u00e9ries Finais do Ensino Fundamental. O levantamento indica ainda [&hellip;]<\/p>\n","protected":false},"author":5,"featured_media":58134,"comment_status":"open","ping_status":"open","sticky":false,"template":"","format":"standard","meta":{"_seopress_robots_primary_cat":"","_seopress_titles_title":"","_seopress_titles_desc":"","_seopress_robots_index":"","footnotes":""},"categories":[52],"tags":[],"class_list":["post-58133","post","type-post","status-publish","format-standard","has-post-thumbnail","hentry","category-santoseregiao"],"_links":{"self":[{"href":"https:\/\/mussicom.com\/noticias\/wp-json\/wp\/v2\/posts\/58133","targetHints":{"allow":["GET"]}}],"collection":[{"href":"https:\/\/mussicom.com\/noticias\/wp-json\/wp\/v2\/posts"}],"about":[{"href":"https:\/\/mussicom.com\/noticias\/wp-json\/wp\/v2\/types\/post"}],"author":[{"embeddable":true,"href":"https:\/\/mussicom.com\/noticias\/wp-json\/wp\/v2\/users\/5"}],"replies":[{"embeddable":true,"href":"https:\/\/mussicom.com\/noticias\/wp-json\/wp\/v2\/comments?post=58133"}],"version-history":[{"count":0,"href":"https:\/\/mussicom.com\/noticias\/wp-json\/wp\/v2\/posts\/58133\/revisions"}],"wp:featuredmedia":[{"embeddable":true,"href":"https:\/\/mussicom.com\/noticias\/wp-json\/wp\/v2\/media\/58134"}],"wp:attachment":[{"href":"https:\/\/mussicom.com\/noticias\/wp-json\/wp\/v2\/media?parent=58133"}],"wp:term":[{"taxonomy":"category","embeddable":true,"href":"https:\/\/mussicom.com\/noticias\/wp-json\/wp\/v2\/categories?post=58133"},{"taxonomy":"post_tag","embeddable":true,"href":"https:\/\/mussicom.com\/noticias\/wp-json\/wp\/v2\/tags?post=58133"}],"curies":[{"name":"wp","href":"https:\/\/api.w.org\/{rel}","templated":true}]}}