{"id":5813,"date":"2025-03-15T01:37:00","date_gmt":"2025-03-15T04:37:00","guid":{"rendered":"https:\/\/mussicom.com\/pgr-apoia-dino-e-zanin-contra-bolsonaro-em-pedido-de-suspeicao\/"},"modified":"2025-03-15T01:37:00","modified_gmt":"2025-03-15T04:37:00","slug":"pgr-apoia-dino-e-zanin-contra-bolsonaro-em-pedido-de-suspeicao","status":"publish","type":"post","link":"https:\/\/mussicom.com\/noticias\/pgr-apoia-dino-e-zanin-contra-bolsonaro-em-pedido-de-suspeicao\/","title":{"rendered":"PGR apoia Dino e Zanin contra Bolsonaro\u00a0em pedido de suspei\u00e7\u00e3o"},"content":{"rendered":"<p> <br \/>\n<\/p>\n<div id=\"hd80s9wa1h892edh8192\">\n<p>A <strong>Procuradoria-Geral da Rep\u00fablica (PGR)<\/strong> se manifestou nesta quinta-feira, 14, contra os recursos da defesa do ex-presidente Jair Bolsonaro (PL) no Supremo Tribunal Federal (STF). Os advogados do l\u00edder liberal questionavam a imparcialidade dos ministros <strong>Fl\u00e1vio Dino e Cristiano Zanin no julgamento<\/strong> do caso que investiga uma suposta tentativa de golpe de Estado.<\/p>\n<p>Segundo a PGR, os argumentos apresentados pelos advogados do ex-presidente n\u00e3o atendem aos crit\u00e9rios legais para afastamento dos magistrados. Conforme o posicionamento do \u00f3rg\u00e3o, n\u00e3o h\u00e1 incompatibilidade com as regras previstas no C\u00f3digo de Processo Civil (CPC) e no C\u00f3digo de Processo Penal (CPP).<\/p>\n<h2 class=\"wp-block-heading\"><strong>PGR diz n\u00e3o haver elementos novos<\/strong><\/h2>\n<p>A Procuradoria diz que a defesa repetiu alega\u00e7\u00f5es rejeitadas anteriormente, sem apresentar elementos novos que justificassem a revis\u00e3o do processo. \u201cA situa\u00e7\u00e3o f\u00e1tica e jur\u00eddica que autorizou a negativa de seguimento \u00e0 argui\u00e7\u00e3o de impedimento mant\u00e9m-se inalterada, n\u00e3o havendo nas raz\u00f5es recursais fundamento novo capaz de modificar o entendimento j\u00e1 estabelecido pelo eminente Ministro presidente na decis\u00e3o de 28.2.2025\u201d, escreveu a PGR.<\/p>\n<figure class=\"wp-block-embed is-type-video is-provider-youtube wp-block-embed-youtube wp-embed-aspect-16-9 wp-has-aspect-ratio\">\n<div class=\"wp-block-embed__wrapper\">\n<div class=\"perfmatters-lazy-youtube\" data-src=\"https:\/\/www.youtube.com\/embed\/9ejBA564Xh8\" data-id=\"9ejBA564Xh8\" data-query=\"feature=oembed\" onclick=\"perfmattersLazyLoadYouTube(this);\">\n<div><img fetchpriority=\"high\" decoding=\"async\" src=\"https:\/\/i.ytimg.com\/vi\/9ejBA564Xh8\/hqdefault.jpg\" alt=\"YouTube video\" width=\"480\" height=\"360\" data-pin-nopin=\"true\" nopin=\"nopin\"\/><\/div>\n<\/div>\n<p><noscript><iframe title=\"Augusto Nunes: &#039;Gonet desmoralizou a palavra golpe e colocou PGR de joelhos&#039;\" width=\"800\" height=\"450\" src=\"https:\/\/www.youtube.com\/embed\/9ejBA564Xh8?feature=oembed\" frameborder=\"0\" allow=\"accelerometer; autoplay; clipboard-write; encrypted-media; gyroscope; picture-in-picture; web-share\" referrerpolicy=\"strict-origin-when-cross-origin\" allowfullscreen><\/iframe><\/noscript>\n<\/div>\n<\/figure>\n<p>Al\u00e9m disso, o parecer refor\u00e7a que o STF n\u00e3o admite interpreta\u00e7\u00f5es ampliadas das regras sobre impedimento de magistrados. Destaca que o pedido da defesa n\u00e3o se enquadra nas hip\u00f3teses legais que justificam o afastamento de ministros. Com essa manifesta\u00e7\u00e3o da PGR, caber\u00e1 agora ao Supremo decidir se mant\u00e9m ou rejeita os recursos da defesa de Bolsonaro.<\/p>\n<p>+ <strong>Leia mais not\u00edcias de <\/strong><strong>Pol\u00edtica<\/strong><strong> na Oeste<\/strong><\/p>\n<\/p><\/div>\n<p><br \/>\n<br \/>Fonte: <a href=\"https:\/\/revistaoeste.com\/politica\/pgr-apoia-dino-e-zanin-contra-bolsonaro\/\">Ag\u00eancia Brasil<\/a><\/p>\n","protected":false},"excerpt":{"rendered":"<p>A Procuradoria-Geral da Rep\u00fablica (PGR) se manifestou nesta quinta-feira, 14, contra os recursos da defesa do ex-presidente Jair Bolsonaro (PL) no Supremo Tribunal Federal (STF). Os advogados do l\u00edder liberal questionavam a imparcialidade dos ministros Fl\u00e1vio Dino e Cristiano Zanin no julgamento do caso que investiga uma suposta tentativa de golpe de Estado. Segundo a [&hellip;]<\/p>\n","protected":false},"author":5,"featured_media":5815,"comment_status":"open","ping_status":"open","sticky":false,"template":"","format":"standard","meta":{"_seopress_robots_primary_cat":"","_seopress_titles_title":"","_seopress_titles_desc":"","_seopress_robots_index":"","footnotes":""},"categories":[47,1],"tags":[],"class_list":["post-5813","post","type-post","status-publish","format-standard","has-post-thumbnail","hentry","category-politica","category-ultimas-noticias"],"_links":{"self":[{"href":"https:\/\/mussicom.com\/noticias\/wp-json\/wp\/v2\/posts\/5813","targetHints":{"allow":["GET"]}}],"collection":[{"href":"https:\/\/mussicom.com\/noticias\/wp-json\/wp\/v2\/posts"}],"about":[{"href":"https:\/\/mussicom.com\/noticias\/wp-json\/wp\/v2\/types\/post"}],"author":[{"embeddable":true,"href":"https:\/\/mussicom.com\/noticias\/wp-json\/wp\/v2\/users\/5"}],"replies":[{"embeddable":true,"href":"https:\/\/mussicom.com\/noticias\/wp-json\/wp\/v2\/comments?post=5813"}],"version-history":[{"count":0,"href":"https:\/\/mussicom.com\/noticias\/wp-json\/wp\/v2\/posts\/5813\/revisions"}],"wp:featuredmedia":[{"embeddable":true,"href":"https:\/\/mussicom.com\/noticias\/wp-json\/wp\/v2\/media\/5815"}],"wp:attachment":[{"href":"https:\/\/mussicom.com\/noticias\/wp-json\/wp\/v2\/media?parent=5813"}],"wp:term":[{"taxonomy":"category","embeddable":true,"href":"https:\/\/mussicom.com\/noticias\/wp-json\/wp\/v2\/categories?post=5813"},{"taxonomy":"post_tag","embeddable":true,"href":"https:\/\/mussicom.com\/noticias\/wp-json\/wp\/v2\/tags?post=5813"}],"curies":[{"name":"wp","href":"https:\/\/api.w.org\/{rel}","templated":true}]}}