{"id":58118,"date":"2026-01-17T12:57:36","date_gmt":"2026-01-17T15:57:36","guid":{"rendered":"https:\/\/mussicom.com\/toffoli-cita-insatisfacao-com-pf-ao-determinar-nova-operacao-contra-o-master\/"},"modified":"2026-01-17T12:57:36","modified_gmt":"2026-01-17T15:57:36","slug":"toffoli-cita-insatisfacao-com-pf-ao-determinar-nova-operacao-contra-o-master","status":"publish","type":"post","link":"https:\/\/mussicom.com\/noticias\/toffoli-cita-insatisfacao-com-pf-ao-determinar-nova-operacao-contra-o-master\/","title":{"rendered":"Toffoli cita insatisfa\u00e7\u00e3o com PF ao determinar nova opera\u00e7\u00e3o contra o Master"},"content":{"rendered":"<p> <br \/>\n<\/p>\n<div id=\"tp-post-content\">\n<p class=\"postParagraph_post-paragraph__juWZN postParagraph_post-paragraph-innerHtml__Q5vwc\">O ministro Dias Toffoli, do Supremo Tribunal Federal (STF), expressou insatisfa\u00e7\u00e3o com o n\u00e3o cumprimento de ordens pela Pol\u00edcia Federal na investiga\u00e7\u00e3o contra as fraudes do Banco Master e que levou \u00e0 deflagra\u00e7\u00e3o da segunda fase da Opera\u00e7\u00e3o Compliance Zero, na manh\u00e3 desta quarta (14). Foram expedidos 42 mandados de busca e apreens\u00e3o e o bloqueio de R$ 5,7 bilh\u00f5es em bens.<\/p>\n<p class=\"postParagraph_post-paragraph__juWZN postParagraph_post-paragraph-innerHtml__Q5vwc\">Os mandados foram cumpridos nos estados de S\u00e3o Paulo, Bahia, Minas Gerais, Rio Grande do Sul e Rio de Janeiro e envolveram, entre os alvos, os empres\u00e1rios e investidores Nelson Tanure e Jo\u00e3o Carlos Mansur, este \u00faltimo ex-CEO da Reag Investimentos, al\u00e9m do cunhado de Vorcaro, Fabiano Campos Zettel. Zettel foi detido na \u00faltima madrugada tentando viajar para os Emirados \u00c1rabes Unidos.<\/p>\n<p class=\"postParagraph_post-paragraph__juWZN postParagraph_post-paragraph-innerHtml__Q5vwc\">\u201cCuida-se de pedido de busca pessoal e pris\u00e3o tempor\u00e1ria de Fabiano Campos Zettel e de busca pessoal em Nelson Sequeiros Tanure, ambos alvos de pedidos anteriores de medidas cautelares ainda n\u00e3o cumpridas pela autoridade policial\u201d, escreveu Toffoli ao levantar o sigilo de uma das decis\u00f5es que embasaram a opera\u00e7\u00e3o, no final da manh\u00e3, e que a <strong>Gazeta do Povo<\/strong> teve acesso.<\/p>\n<p class=\"postParagraph_post-paragraph__juWZN postParagraph_post-paragraph-innerHtml__Q5vwc\">\u00c0 reportagem, a Pol\u00edcia Federal informou que o diretor-geral da corpora\u00e7\u00e3o, Andrei Passos Rodrigues, j\u00e1 se pronunciou nos autos. No entanto, por conta do sigilo imposto por Toffoli, o restante do processo n\u00e3o pode ser acessado.<\/p>\n<div class=\"postViewMore_post-view-more-container___5wai\" data-mrf-recirculation=\"Post - Veja tamb\u00e9m\">\n<p class=\"gp-styles-module-size-small-afeYRa gp-styles-module-font-family2-afeYRa gp-styles-module-color-secondary-afeYRa gp-styles-module-weight-bold-afeYRa\">VEJA TAMB\u00c9M:<\/p>\n<ul class=\"postViewMore_post-view-more-list__CU_CE\">\n<li class=\"postViewMore_post-view-more-item__2MzRb\">\n<div class=\"postViewMore_post-view-more-image__5gUSe\"><picture class=\"imageDefault_image-container__XGd8_\"><\/picture><\/div>\n<p>Investiga\u00e7\u00e3o v\u00ea ind\u00edcios de que Vorcaro teria antecipado ofensiva digital contra o Banco Central<\/li>\n<\/ul>\n<\/div>\n<p class=\"postParagraph_post-paragraph__juWZN postParagraph_post-paragraph-innerHtml__Q5vwc\">H\u00e1 a expectativa de que outro despacho sobre os motivos da opera\u00e7\u00e3o em si tenha o sigilo levantado nesta tarde.<\/p>\n<p class=\"postParagraph_post-paragraph__juWZN postParagraph_post-paragraph-innerHtml__Q5vwc\">Segundo o despacho, essas medidas cautelares foram requeridas \u201ccom envio da documenta\u00e7\u00e3o pertinente, no dia 06.01.2026, e deferidas na data de 07.01.2026, com ordem subsequente para cumprimento no prazo de 24 horas a partir de 12.01.2026\u201d. Toffoli destacou que a demora ocorreu mesmo diante de \u201cfartos ind\u00edcios de pr\u00e1ticas criminosas de todos os envolvidos\u201d, o que aumentaria o risco de perda de provas.<\/p>\n<p class=\"postParagraph_post-paragraph__juWZN postParagraph_post-paragraph-innerHtml__Q5vwc\">O ministro afirmou que a Pol\u00edcia Federal n\u00e3o conseguiu executar a opera\u00e7\u00e3o a partir do dia 12, como determinado, e decidiu renovar os pedidos ao identificar que os alvos viajariam na v\u00e9spera da nova fase da Compliance Zero. Para ele, a movimenta\u00e7\u00e3o refor\u00e7ou a necessidade de medidas mais duras para garantir a efic\u00e1cia da investiga\u00e7\u00e3o.<\/p>\n<p class=\"postParagraph_post-paragraph__juWZN postParagraph_post-paragraph-innerHtml__Q5vwc\">\u201cCausa esp\u00e9cie a esse relator n\u00e3o s\u00f3 o descumprimento do prazo por mim estabelecido para cumprimento das medidas cautelares ordenadas\u201d, escreveu Toffoli, ao apontar tamb\u00e9m a \u201cfalta de empenho no cumprimento da ordem judicial\u201d.<\/p>\n<p class=\"postParagraph_post-paragraph__juWZN postParagraph_post-paragraph-innerHtml__Q5vwc\">O magistrado ainda alertou que a demora poderia permitir a descaracteriza\u00e7\u00e3o de provas essenciais ao esclarecimento do caso.<\/p>\n<p class=\"postParagraph_post-paragraph__juWZN postParagraph_post-paragraph-innerHtml__Q5vwc\">\u00c0<strong>\u00a0Gazeta do Povo<\/strong>, a defesa de Daniel Vorcaro afirmou que o empres\u00e1rio &#8220;tem colaborado integral e continuamente com as autoridades competentes&#8221; e que &#8220;todas as medidas judiciais determinadas no \u00e2mbito da investiga\u00e7\u00e3o ser\u00e3o atendidas com total transpar\u00eancia&#8221;.<\/p>\n<p class=\"postParagraph_post-paragraph__juWZN postParagraph_post-paragraph-innerHtml__Q5vwc\">Segundo fontes a par da investiga\u00e7\u00e3o, a Pol\u00edcia Federal atua em duas frentes de apura\u00e7\u00e3o: uma sobre as irregularidades envolvendo a opera\u00e7\u00e3o com o BRB e outra do poss\u00edvel envolvimento com fundos que lavavam dinheiro para o crime organizado.<\/p>\n<p class=\"postParagraph_post-paragraph__juWZN postParagraph_post-paragraph-innerHtml__Q5vwc\">Alguns dos alvos das buscas est\u00e3o em endere\u00e7os de gestoras de fundos na Avenida Faria Lima, em S\u00e3o Paulo, localidade tida como o &#8220;cora\u00e7\u00e3o&#8221; do mercado financeiro brasileiro.<\/p>\n<p class=\"postParagraph_post-paragraph__juWZN postParagraph_post-paragraph-innerHtml__Q5vwc\">Entre os bens apreendidos pela Pol\u00edcia Federal, est\u00e3o aparelhos celulares, carros e dezenas de artigos de luxo, equipamentos eletr\u00f4nicos, armas e muni\u00e7\u00f5es, dinheiro em esp\u00e9cie e documentos.<\/p>\n<p class=\"postParagraph_post-paragraph__juWZN postParagraph_post-paragraph-innerHtml__Q5vwc\">&#8220;As medidas judiciais visam interromper a atua\u00e7\u00e3o da organiza\u00e7\u00e3o criminosa, assegurar a recupera\u00e7\u00e3o de ativos e dar continuidade \u00e0s investiga\u00e7\u00f5es&#8221;, completou a PF.<\/p>\n<h2 class=\"postParagraph_post-paragraph__juWZN postParagraph_post-paragraph-innerHtml__Q5vwc postParagraph_type-tag-h2__TtFkT\">Defesa de Vorcaro<\/h2>\n<p class=\"postParagraph_post-paragraph__juWZN postParagraph_post-paragraph-innerHtml__Q5vwc\">Veja abaixo o que disse a\u00a0<strong>defesa de Daniel Vorcaro<\/strong>\u00a0sobre a opera\u00e7\u00e3o desta quarta (14):<\/p>\n<p class=\"postParagraph_post-paragraph__juWZN postParagraph_post-paragraph-innerHtml__Q5vwc\"><em>A defesa de Daniel Vorcaro informa que tomou conhecimento da medida de busca e apreens\u00e3o e reafirma que o Sr. Vorcaro tem colaborado integral e continuamente com as autoridades competentes. Todas as medidas judiciais determinadas no \u00e2mbito da investiga\u00e7\u00e3o ser\u00e3o atendidas com total transpar\u00eancia.<\/em><\/p>\n<p class=\"postParagraph_post-paragraph__juWZN postParagraph_post-paragraph-innerHtml__Q5vwc\"><em>O Sr. Vorcaro permanece \u00e0 disposi\u00e7\u00e3o para prestar esclarecimentos sempre que solicitado, refor\u00e7ando seu interesse no esclarecimento completo dos fatos e no encerramento c\u00e9lere do inqu\u00e9rito. A defesa reitera confian\u00e7a no devido processo legal e seguir\u00e1 atuando nos autos para que as informa\u00e7\u00f5es sejam tratadas de forma objetiva e dentro dos limites constitucionais.<\/em><\/p>\n<\/div>\n<p><br \/>\n<br \/>Fonte: <a href=\"https:\/\/www.gazetadopovo.com.br\/economia\/toffoli-insatisfacao-pf-determinar-nova-operacao-master\/\">Gazeta do Povo<\/a><\/p>\n","protected":false},"excerpt":{"rendered":"<p>O ministro Dias Toffoli, do Supremo Tribunal Federal (STF), expressou insatisfa\u00e7\u00e3o com o n\u00e3o cumprimento de ordens pela Pol\u00edcia Federal na investiga\u00e7\u00e3o contra as fraudes do Banco Master e que levou \u00e0 deflagra\u00e7\u00e3o da segunda fase da Opera\u00e7\u00e3o Compliance Zero, na manh\u00e3 desta quarta (14). Foram expedidos 42 mandados de busca e apreens\u00e3o e o [&hellip;]<\/p>\n","protected":false},"author":5,"featured_media":58119,"comment_status":"open","ping_status":"open","sticky":false,"template":"","format":"standard","meta":{"_seopress_robots_primary_cat":"","_seopress_titles_title":"","_seopress_titles_desc":"","_seopress_robots_index":"","footnotes":""},"categories":[45],"tags":[],"class_list":["post-58118","post","type-post","status-publish","format-standard","has-post-thumbnail","hentry","category-economia"],"_links":{"self":[{"href":"https:\/\/mussicom.com\/noticias\/wp-json\/wp\/v2\/posts\/58118","targetHints":{"allow":["GET"]}}],"collection":[{"href":"https:\/\/mussicom.com\/noticias\/wp-json\/wp\/v2\/posts"}],"about":[{"href":"https:\/\/mussicom.com\/noticias\/wp-json\/wp\/v2\/types\/post"}],"author":[{"embeddable":true,"href":"https:\/\/mussicom.com\/noticias\/wp-json\/wp\/v2\/users\/5"}],"replies":[{"embeddable":true,"href":"https:\/\/mussicom.com\/noticias\/wp-json\/wp\/v2\/comments?post=58118"}],"version-history":[{"count":0,"href":"https:\/\/mussicom.com\/noticias\/wp-json\/wp\/v2\/posts\/58118\/revisions"}],"wp:featuredmedia":[{"embeddable":true,"href":"https:\/\/mussicom.com\/noticias\/wp-json\/wp\/v2\/media\/58119"}],"wp:attachment":[{"href":"https:\/\/mussicom.com\/noticias\/wp-json\/wp\/v2\/media?parent=58118"}],"wp:term":[{"taxonomy":"category","embeddable":true,"href":"https:\/\/mussicom.com\/noticias\/wp-json\/wp\/v2\/categories?post=58118"},{"taxonomy":"post_tag","embeddable":true,"href":"https:\/\/mussicom.com\/noticias\/wp-json\/wp\/v2\/tags?post=58118"}],"curies":[{"name":"wp","href":"https:\/\/api.w.org\/{rel}","templated":true}]}}