{"id":58109,"date":"2026-01-17T12:31:18","date_gmt":"2026-01-17T15:31:18","guid":{"rendered":"https:\/\/mussicom.com\/inscricoes-para-o-pe-de-meia-licenciaturas-comecam-dia-17-de-fevereiro\/"},"modified":"2026-01-17T12:31:18","modified_gmt":"2026-01-17T15:31:18","slug":"inscricoes-para-o-pe-de-meia-licenciaturas-comecam-dia-17-de-fevereiro","status":"publish","type":"post","link":"https:\/\/mussicom.com\/noticias\/inscricoes-para-o-pe-de-meia-licenciaturas-comecam-dia-17-de-fevereiro\/","title":{"rendered":"Inscri\u00e7\u00f5es para o P\u00e9-de-Meia Licenciaturas come\u00e7am dia 17 de fevereiro"},"content":{"rendered":"<p> <br \/>\n<\/p>\n<div>\n<p><strong>Estudantes de cursos de gradua\u00e7\u00e3o presenciais que formam professores para a educa\u00e7\u00e3o b\u00e1sica (ensinos infantil, fundamental e m\u00e9dio) interessados em uma das 12 mil bolsas de estudo que a Coordena\u00e7\u00e3o de Aperfei\u00e7oamento de Pessoal de N\u00edvel Superior (Capes) conceder\u00e1 por meio do programa federal Mais Professores para o Brasil poder\u00e3o se inscrever a partir do dia 17 de fevereiro, na Plataforma Freire.<\/strong><img decoding=\"async\" src=\"https:\/\/agenciabrasil.ebc.com.br\/ebc.gif?id=1675258&amp;o=node\" style=\"width:1px; height:1px; display:inline;\"\/><\/p>\n<p>Podem se candidatar \u00e0 Bolsa de Atratividade e Forma\u00e7\u00e3o para a Doc\u00eancia \u2013 P\u00e9-de-Meia Licenciaturas os <strong>estudantes que obtiveram nota m\u00e9dia igual ou superior a 650 pontos no Exame Nacional do Ensino M\u00e9dio (Enem) e que ingressaram em um curso presencial de licenciatura a partir do segundo semestre de 2025, por meio do Sistema de Sele\u00e7\u00e3o Unificada (Sisu), do Programa Universidade para Todos (Prouni) ou do processo seletivo do Fundo de Financiamento Estudantil (Fies).<\/strong><\/p>\n<p>As bolsas do P\u00e9-de-Meia Licenciaturas garantem aos estudantes contemplados uma<strong> ajuda financeira mensal de R$ 1.050, dos quais R$ 700 podem ser sacados a qualquer momento, enquanto os R$ 350 restantes servir\u00e3o para formar uma poupan\u00e7a,<\/strong> limitada a 48 parcelas (R$16.800\u00a0em valores atuais, sem corre\u00e7\u00e3o), que s\u00f3 poder\u00e1 ser movimentada ap\u00f3s o benefici\u00e1rio come\u00e7ar a dar aulas na rede p\u00fablica de ensino.<\/p>\n<p>Para preservar a bolsa, os estudantes selecionados n\u00e3o s\u00f3 dever\u00e3o se manter matriculados, como ter\u00e3o que ter \u201cdesempenho acad\u00eamico satisfat\u00f3rio\u201d, conforme as normas do curso. Tamb\u00e9m ter\u00e3o que preencher question\u00e1rios e participar das\u00a0avalia\u00e7\u00f5es e outras iniciativas promovidas pela Capes e por suas institui\u00e7\u00f5es de ensino, al\u00e9m de cumprir as demais exig\u00eancias do programa.<\/p>\n<p><strong>Mais informa\u00e7\u00f5es sobre como participar do P\u00e9-de-Meia Licenciaturas podem ser consultadas no Edital n\u00ba 2\/2026,\u00a0que a Capes publicou no <em>Di\u00e1rio Oficial da Uni\u00e3o<\/em> desta sexta-feira (16).<\/strong><\/p>\n<p>Segundo o Minist\u00e9rio da Educa\u00e7\u00e3o, o programa P\u00e9-de-Meia Licenciaturas busca atrair jovens com bom desempenho no Enem para cursos presenciais de forma\u00e7\u00e3o de professores, promovendo a escolha da doc\u00eancia como profiss\u00e3o a fim de ampliar a forma\u00e7\u00e3o de docentes em todo o pa\u00eds, evitando um apag\u00e3o educacional. Atualmente, apenas 3% dos estudantes de 15 anos afirmam querer ser professores, e a taxa de evas\u00e3o varia\u00a0entre 53% nos cursos de pedagogia e 73% em licenciaturas em \u00e1reas como f\u00edsica.<\/p>\n<p>O P\u00e9-de-Meia faz parte do Mais Professores para o Brasil, que tamb\u00e9m conta com o Bolsa Mais Professores, Portal de Forma\u00e7\u00e3o, Prova Nacional Docente e outras a\u00e7\u00f5es de valoriza\u00e7\u00e3o que, de acordo com a pasta, podem beneficiar at\u00e9 2,3 milh\u00f5es de docentes em todo o pa\u00eds.<\/p>\n<p>      <!-- Relacionada --><\/p>\n<p>            <!-- Relacionada -->\n    <\/div>\n<p><br \/>\n<br \/>Fonte: <a href=\"https:\/\/agenciabrasil.ebc.com.br\/educacao\/noticia\/2026-01\/inscricoes-para-o-pe-de-meia-licenciaturas-comecam-dia-17-de-fevereiro\">Ag\u00eancia Brasil<\/a><\/p>\n","protected":false},"excerpt":{"rendered":"<p>Estudantes de cursos de gradua\u00e7\u00e3o presenciais que formam professores para a educa\u00e7\u00e3o b\u00e1sica (ensinos infantil, fundamental e m\u00e9dio) interessados em uma das 12 mil bolsas de estudo que a Coordena\u00e7\u00e3o de Aperfei\u00e7oamento de Pessoal de N\u00edvel Superior (Capes) conceder\u00e1 por meio do programa federal Mais Professores para o Brasil poder\u00e3o se inscrever a partir do [&hellip;]<\/p>\n","protected":false},"author":5,"featured_media":18648,"comment_status":"open","ping_status":"open","sticky":false,"template":"","format":"standard","meta":{"_seopress_robots_primary_cat":"","_seopress_titles_title":"","_seopress_titles_desc":"","_seopress_robots_index":"","footnotes":""},"categories":[44],"tags":[],"class_list":["post-58109","post","type-post","status-publish","format-standard","has-post-thumbnail","hentry","category-educacao"],"_links":{"self":[{"href":"https:\/\/mussicom.com\/noticias\/wp-json\/wp\/v2\/posts\/58109","targetHints":{"allow":["GET"]}}],"collection":[{"href":"https:\/\/mussicom.com\/noticias\/wp-json\/wp\/v2\/posts"}],"about":[{"href":"https:\/\/mussicom.com\/noticias\/wp-json\/wp\/v2\/types\/post"}],"author":[{"embeddable":true,"href":"https:\/\/mussicom.com\/noticias\/wp-json\/wp\/v2\/users\/5"}],"replies":[{"embeddable":true,"href":"https:\/\/mussicom.com\/noticias\/wp-json\/wp\/v2\/comments?post=58109"}],"version-history":[{"count":0,"href":"https:\/\/mussicom.com\/noticias\/wp-json\/wp\/v2\/posts\/58109\/revisions"}],"wp:featuredmedia":[{"embeddable":true,"href":"https:\/\/mussicom.com\/noticias\/wp-json\/wp\/v2\/media\/18648"}],"wp:attachment":[{"href":"https:\/\/mussicom.com\/noticias\/wp-json\/wp\/v2\/media?parent=58109"}],"wp:term":[{"taxonomy":"category","embeddable":true,"href":"https:\/\/mussicom.com\/noticias\/wp-json\/wp\/v2\/categories?post=58109"},{"taxonomy":"post_tag","embeddable":true,"href":"https:\/\/mussicom.com\/noticias\/wp-json\/wp\/v2\/tags?post=58109"}],"curies":[{"name":"wp","href":"https:\/\/api.w.org\/{rel}","templated":true}]}}