{"id":58066,"date":"2026-01-17T08:58:27","date_gmt":"2026-01-17T11:58:27","guid":{"rendered":"https:\/\/mussicom.com\/chuvas-abaixo-da-media-tendem-a-persistir-e-agravar-seca-em-sao-paulo\/"},"modified":"2026-01-17T08:58:27","modified_gmt":"2026-01-17T11:58:27","slug":"chuvas-abaixo-da-media-tendem-a-persistir-e-agravar-seca-em-sao-paulo","status":"publish","type":"post","link":"https:\/\/mussicom.com\/noticias\/chuvas-abaixo-da-media-tendem-a-persistir-e-agravar-seca-em-sao-paulo\/","title":{"rendered":"Chuvas abaixo da m\u00e9dia tendem a persistir e agravar seca em S\u00e3o Paulo"},"content":{"rendered":"<p> <br \/>\n<\/p>\n<div id=\"texto\">\n<p>A m\u00e9dia de chuvas em praticamente todas as esta\u00e7\u00f5es de medi\u00e7\u00e3o da regi\u00e3o metropolitana de S\u00e3o Paulo est\u00e1 abaixo da m\u00e9dia hist\u00f3rica para janeiro e tende a se manter assim durante todo o primeiro trimestre do ano, com exce\u00e7\u00e3o do posto de medi\u00e7\u00e3o do Mirante de Santana, na zona norte da capital, que j\u00e1 superou a m\u00e9dia para janeiro.\u00a0<img decoding=\"async\" src=\"https:\/\/agenciabrasil.ebc.com.br\/ebc.gif?id=1675205&amp;o=node\"\/><\/p>\n<p><strong>A situa\u00e7\u00e3o se deve \u00e0 dificuldade de avan\u00e7o de frentes frias, vindas do Sul, e da umidade vinda pelo Oeste, originada do Atl\u00e2ntico e da Amaz\u00f4nia, condi\u00e7\u00f5es que t\u00eam rela\u00e7\u00e3o com a alta an\u00f4mala causada pela persist\u00eancia do fen\u00f4meno La Ni\u00f1a no Oceano Pac\u00edfico.<\/strong><\/p>\n<p>Com a influ\u00eancia do La Ni\u00f1a, confirmada pelo Instituto Nacional de Meteorologia (Inmet), a condi\u00e7\u00e3o de seca em todo o estado de S\u00e3o Paulo se agrava. O estado j\u00e1 est\u00e1 em condi\u00e7\u00e3o de seca severa ou extrema desde janeiro de 2024, com exce\u00e7\u00e3o do norte, com seca severa nos \u00faltimos 12 meses. As demais regi\u00f5es do estado s\u00e3o consideradas pelo Inmet como em condi\u00e7\u00e3o de seca extrema nos \u00faltimos 12 meses.\u00a0<\/p>\n<p><strong>O ano de 2025 j\u00e1 foi considerado seco pelo \u00f3rg\u00e3o, uma vez que as chuvas de ver\u00e3o (2024-2025) n\u00e3o foram suficientes para repor o estoque de \u00e1gua no solo.<\/strong><\/p>\n<p>&#8220;No primeiro trimestre teremos chuva abaixo da m\u00e9dia em toda a regi\u00e3o entre a sul da mesorregi\u00e3o de Bauru, regi\u00e3o de Itapetininga e regi\u00e3o metropolitana&#8221;, disse o meteorologista Leydson Dantas, do Inmet. Ele esclarece ainda que h\u00e1 possibilidade de melhora a partir do segundo semestre, com o enfraquecimento do fen\u00f4meno, condi\u00e7\u00e3o considerada 75% prov\u00e1vel pelo National Oceanic and Atmospheric Administration (Noaa), \u00f3rg\u00e3o do governo dos Estados Unidos que monitora as \u00e1guas do Pac\u00edfico e sua influ\u00eancia no clima mundial.\u00a0<\/p>\n<p>Tamb\u00e9m \u00e9 esperado, segundo o pesquisador, uma concentra\u00e7\u00e3o excepcional de chuvas na Regi\u00e3o Sul do pa\u00eds, incluindo o litoral paranaense, Santa Catarina e principalmente o Rio Grande do Sul, al\u00e9m dos vizinhos Argentina e Uruguai, enquanto o La Ni\u00f1a mantiver for\u00e7a.\u00a0<\/p>\n<p><strong>A situa\u00e7\u00e3o de escassez h\u00eddrica j\u00e1 tem impactos de curto prazo em todo o estado de S\u00e3o Paulo e de longo prazo nas por\u00e7\u00f5es noroeste e leste, segundo o monitoramento mensal da Ag\u00eancia Nacional de \u00c1guas (ANA).<\/strong>\u00a0<\/p>\n<p>Os reservat\u00f3rios que abastecem a capital e os demais munic\u00edpios da regi\u00e3o metropolitana est\u00e3o em n\u00edveis cr\u00edticos. Na medi\u00e7\u00e3o desta sexta-feira (16), o Sistema Integrado Metropolitano, monitorado pela Sabesp, estava com 27,7% de sua capacidade, mesma quantidade de 16 de janeiro de 2016, quando se recuperava da seca hist\u00f3rica de 2015, e superior ao volume de 16 de janeiro de 2014.\u00a0<\/p>\n<p><strong>O monitoramento da ANA no sistema Cantareira, com 19,39% do volume de seus reservat\u00f3rios, \u00e9 o maior manancial da regi\u00e3o, sendo respons\u00e1vel por mais de 40% do volume total do sistema.<\/strong>\u00a0O reservat\u00f3rio de Jaguari-Jacare\u00ed, que por sua vez det\u00e9m em torno de 85% do pr\u00f3prio Cantareira, est\u00e1 com apenas 16,89% de sua capacidade.\u00a0<\/p>\n<p>Segundo a Sabesp, o enfrentamento da crise est\u00e1 acontecendo com a amplia\u00e7\u00e3o da capta\u00e7\u00e3o, que aumentou no sistema Alto Tiet\u00ea, que somou \u00e0s suas \u00e1guas o volume captado do Rio Itapanha\u00fa, e investimentos em moderniza\u00e7\u00e3o de equipamentos e medidas para diminuir o desperd\u00edcio do sistema, como tubula\u00e7\u00f5es, esta\u00e7\u00f5es de tratamento e uma esta\u00e7\u00e3o de bombeamento.\u00a0<\/p>\n<p><strong>A companhia informou que tem diminu\u00eddo ou cessado o abastecimento na regi\u00e3o durante o per\u00edodo noturno desde o final de agosto de 2025.<\/strong><\/p>\n<p>Os investimentos, por sua vez, n\u00e3o diminuem a gravidade do momento. Segundo a pr\u00f3pria Sabesp, em nota, &#8220;a regi\u00e3o metropolitana de S\u00e3o Paulo enfrenta uma situa\u00e7\u00e3o h\u00eddrica historicamente desafiadora\u201d.\u00a0<\/p>\n<p><strong>\u201cA disponibilidade h\u00eddrica per capita local \u00e9 extremamente baixa, em torno de 149 m\u00b3 por habitante ao ano, compar\u00e1vel a regi\u00f5es semi\u00e1ridas e muito abaixo do recomendado internacionalmente. Esse quadro se deve \u00e0 grande concentra\u00e7\u00e3o populacional e \u00e0 limitada oferta natural de \u00e1gua na bacia\u201d, explica a Sabesp.<\/strong>\u00a0<\/p>\n<p>Ainda segundo a empresa, \u201cem 2025, a regi\u00e3o atravessou uma das piores estiagens em 10 anos, com \u00edndices de chuva entre 40% e 70% abaixo da m\u00e9dia e vaz\u00f5es afluentes drasticamente reduzidas\u201d.\u00a0<\/p>\n<p>De acordo com a Sabesp, \u201cos efeitos das mudan\u00e7as clim\u00e1ticas j\u00e1 s\u00e3o evidentes, com chuvas cada vez mais irregulares, ondas de calor mais frequentes e demanda elevada agravam a escassez h\u00eddrica&#8221;.<\/p>\n<p>Secas pelo Brasil<\/p>\n<p><strong>A ANA divulgou nesta sexta-feira o mapa do seu Monitor de Secas com os dados consolidados de dezembro.<\/strong>\u00a0Houve mudan\u00e7a em regi\u00f5es cr\u00edticas no Nordeste, no norte de Minas Gerais e em Goi\u00e1s, al\u00e9m de manuten\u00e7\u00e3o das condi\u00e7\u00f5es severas no norte, centro e noroeste de S\u00e3o Paulo e no sul de Minas Gerais. Essas regi\u00f5es j\u00e1 t\u00eam o que a ag\u00eancia considera como condi\u00e7\u00f5es de longo prazo, com impactos na hidrologia e ecologia.<\/p>\n<p>Segundo o monitoramento, que considera cinco n\u00edveis de seca, de S0 (seca fraca) at\u00e9 S4 (seca excepcional), na Regi\u00e3o Nordeste houve piora dos indicadores, com avan\u00e7o da seca extrema (S3) em partes do Rio Grande do Norte, da Para\u00edba, de Pernambuco e da Bahia, e expans\u00e3o da \u00e1rea com seca fraca (S0) e moderada (S1) em Alagoas, Sergipe e Bahia. No Cear\u00e1, por sua vez, as regi\u00f5es consideradas em seca moderada (S1) e grave (S2) tamb\u00e9m aumentaram. Houve melhora em alguns pontos, com recuo da seca grave (S2) no Maranh\u00e3o, Piau\u00ed e Bahia, e da extrema (S3) no Piau\u00ed.<\/p>\n<p><strong>Na Regi\u00e3o Sudeste a \u00e1rea com seca grave (S2) e moderada (S1) em Minas Gerais, e moderada (S1) no Rio de Janeiro e Esp\u00edrito Santo teve aumento.<\/strong>\u00a0O oeste e centro-norte do estado de S\u00e3o Paulo, por\u00e9m, tiveram melhora nos indicadores, com recuo das secas moderada (S1) e grave (S2).<\/p>\n<p>As regi\u00f5es Sul e Norte tiveram melhora na maior parte das \u00e1reas, com recuo das secas fraca (S0), moderada (S1) e grave (S2) no Paran\u00e1, al\u00e9m do desaparecimento da seca fraca (S0) no Rio Grande do Sul, recuo das secas fraca (S0) no Acre, Amap\u00e1, Amazonas e Par\u00e1, da moderada (S1) no Amazonas e Rond\u00f4nia, e da grave (S2) no Tocantins e atenua\u00e7\u00e3o da seca moderada (S1) para seca fraca (S0) no Acre, Amazonas e Rond\u00f4nia.\u00a0<\/p>\n<p><strong>O sul e sudoeste do Paran\u00e1 tiveram avan\u00e7o da seca fraca (S0), enquanto no Norte houve avan\u00e7o de seca fraca (S0) no Amap\u00e1, Amazonas, Par\u00e1 e Roraima.<\/strong>\u00a0<\/p>\n<p>A chuva no Centro-Oeste foi acima da m\u00e9dia no Mato Grosso e Mato Grosso do Sul, ambos com algumas \u00e1reas de seca fraca (S0) e perman\u00eancia de \u00e1reas com seca moderada (S1) no MS, onde houve algum avan\u00e7o de seca grave (S2) no sudeste do estado.<\/p>\n<p>Arsesp<\/p>\n<p>A Ag\u00eancia Reguladora de Servi\u00e7os P\u00fablicos do Estado de S\u00e3o Paulo (Arsesp) informou, em nota, que tem acompanhado de forma cont\u00ednua a situa\u00e7\u00e3o dos reservat\u00f3rios e dos recursos h\u00eddricos no estado de S\u00e3o Paulo.\u00a0<strong>&#8220;O atual cen\u00e1rio exige aten\u00e7\u00e3o e vem sendo conduzido com base em protocolos t\u00e9cnicos e preventivos estabelecidos no Plano Estadual de Seguran\u00e7a H\u00eddrica&#8221;, disse.<\/strong><\/p>\n<p>A ag\u00eancia lembrou que em outubro de 2025 o governo do estado de S\u00e3o Paulo anunciou um novo modelo de gest\u00e3o integrada dos recursos h\u00eddricos, com o objetivo de proteger os reservat\u00f3rios do Sistema Integrado Metropolitano (SIM) e garantir o abastecimento da Grande S\u00e3o Paulo. &#8220;A iniciativa, desenvolvida em parceria com a SP \u00c1guas e a Secretaria de Meio Ambiente, Infraestrutura e Log\u00edstica (Semil), refor\u00e7a a seguran\u00e7a h\u00eddrica e a sustentabilidade na gest\u00e3o dos mananciais&#8221;.<\/p>\n<p><strong>Atualmente, de acordo com a Arsesp, o SIM encontra-se na Faixa 3 de Atua\u00e7\u00e3o, com 27,74% de reserva\u00e7\u00e3o h\u00eddrica, e as a\u00e7\u00f5es de conting\u00eancia em vigor, como a Gest\u00e3o de Demanda Noturna (GDN) de 10 horas di\u00e1rias e as campanhas de conscientiza\u00e7\u00e3o, t\u00eam como objetivo manter seus n\u00edveis nessa faixa ou reduzi-los para patamares menos restritivos.<\/strong>\u00a0&#8220;Caso o SIM entre na Faixa 4 de Atua\u00e7\u00e3o (a partir de 27,53% de reservac\u00e3o), e nela permane\u00e7a por sete dias consecutivos, novas medidas, como a amplia\u00e7\u00e3o da GDN, ser\u00e3o adotadas, conforme o protocolo t\u00e9cnico definido para a intensifica\u00e7\u00e3o das a\u00e7\u00f5es de conting\u00eancia&#8221;,explicou.<\/p>\n<p>Sobre a recupera\u00e7\u00e3o de volume, a Arsesp disse que a gest\u00e3o do sistema \u00e9 din\u00e2mica e depende de fatores hidrol\u00f3gicos e da efetividade das medidas adotadas. Nesse contexto, a Arsesp ressalta que &#8220;acompanha a situa\u00e7\u00e3o em conjunto com a SP \u00c1guas para ajustar as estrat\u00e9gias sempre que necess\u00e1rio, garantindo a seguran\u00e7a h\u00eddrica&#8221;.<\/p>\n<p><strong>A Arsesp informou ainda que por meio da GDN, implantada em agosto de 2025, mais de 70,29 bilh\u00f5es de litros de \u00e1gua foram economizados at\u00e9 o in\u00edcio de janeiro, volume equivalente ao consumo de 12,33 milh\u00f5es de pessoas, popula\u00e7\u00e3o superior \u00e0 da cidade de S\u00e3o Paulo, durante um m\u00eas.<\/strong><\/p>\n<p>&#8220;O estado de S\u00e3o Paulo conta hoje com um sistema integrado e mais resiliente de reservat\u00f3rios, capaz de enfrentar per\u00edodos prolongados de estiagem. A Arsesp refor\u00e7a a import\u00e2ncia do uso consciente da \u00e1gua. Pequenas atitudes, como fechar a torneira ao escovar os dentes ou lavar a lou\u00e7a, reduzir o tempo de banho, reaproveitar a \u00e1gua da m\u00e1quina de lavar e corrigir vazamentos, contribuem para a recupera\u00e7\u00e3o dos mananciais e ajudam a assegurar \u00e1gua para todos&#8221;, ressalta a ag\u00eancia.<\/p>\n<p>A\u00a0<strong>Ag\u00eancia Brasil<\/strong>\u00a0est\u00e1 aberta a manifesta\u00e7\u00f5es da ANA sobre as medidas de conting\u00eancia em S\u00e3o Paulo.\u00a0<\/p>\n<p>\u00a0<\/p>\n<p>\u00a0<\/p>\n<p>\u00a0<\/p>\n<p>Ag\u00eancia Brasil<\/p>\n<\/p><\/div>\n<p><script async defer crossorigin=\"anonymous\" src=\"https:\/\/connect.facebook.net\/pt_BR\/sdk.js#xfbml=1&#038;version=v12.0&#038;appId=&#038;autoLogAppEvents=1\" nonce=\"ou0fI1lo\"><\/script><br \/>\n<br \/><br \/>\n<br \/>Fonte: <a href=\"https:\/\/www.bs9.com.br\/brasil\/chuvas-abaixo-da-media-tendem-a-persistir-e-agravar-seca-em-sao-paulo\/37189\/\">BS9<\/a><\/p>\n","protected":false},"excerpt":{"rendered":"<p>A m\u00e9dia de chuvas em praticamente todas as esta\u00e7\u00f5es de medi\u00e7\u00e3o da regi\u00e3o metropolitana de S\u00e3o Paulo est\u00e1 abaixo da m\u00e9dia hist\u00f3rica para janeiro e tende a se manter assim durante todo o primeiro trimestre do ano, com exce\u00e7\u00e3o do posto de medi\u00e7\u00e3o do Mirante de Santana, na zona norte da capital, que j\u00e1 superou [&hellip;]<\/p>\n","protected":false},"author":5,"featured_media":58067,"comment_status":"open","ping_status":"open","sticky":false,"template":"","format":"standard","meta":{"_seopress_robots_primary_cat":"","_seopress_titles_title":"","_seopress_titles_desc":"","_seopress_robots_index":"","footnotes":""},"categories":[52],"tags":[],"class_list":["post-58066","post","type-post","status-publish","format-standard","has-post-thumbnail","hentry","category-santoseregiao"],"_links":{"self":[{"href":"https:\/\/mussicom.com\/noticias\/wp-json\/wp\/v2\/posts\/58066","targetHints":{"allow":["GET"]}}],"collection":[{"href":"https:\/\/mussicom.com\/noticias\/wp-json\/wp\/v2\/posts"}],"about":[{"href":"https:\/\/mussicom.com\/noticias\/wp-json\/wp\/v2\/types\/post"}],"author":[{"embeddable":true,"href":"https:\/\/mussicom.com\/noticias\/wp-json\/wp\/v2\/users\/5"}],"replies":[{"embeddable":true,"href":"https:\/\/mussicom.com\/noticias\/wp-json\/wp\/v2\/comments?post=58066"}],"version-history":[{"count":0,"href":"https:\/\/mussicom.com\/noticias\/wp-json\/wp\/v2\/posts\/58066\/revisions"}],"wp:featuredmedia":[{"embeddable":true,"href":"https:\/\/mussicom.com\/noticias\/wp-json\/wp\/v2\/media\/58067"}],"wp:attachment":[{"href":"https:\/\/mussicom.com\/noticias\/wp-json\/wp\/v2\/media?parent=58066"}],"wp:term":[{"taxonomy":"category","embeddable":true,"href":"https:\/\/mussicom.com\/noticias\/wp-json\/wp\/v2\/categories?post=58066"},{"taxonomy":"post_tag","embeddable":true,"href":"https:\/\/mussicom.com\/noticias\/wp-json\/wp\/v2\/tags?post=58066"}],"curies":[{"name":"wp","href":"https:\/\/api.w.org\/{rel}","templated":true}]}}