{"id":58041,"date":"2026-01-17T06:52:50","date_gmt":"2026-01-17T09:52:50","guid":{"rendered":"https:\/\/mussicom.com\/eua-aplicam-sancoes-contra-integrantes-da-cupula-do-ira\/"},"modified":"2026-01-17T06:52:50","modified_gmt":"2026-01-17T09:52:50","slug":"eua-aplicam-sancoes-contra-integrantes-da-cupula-do-ira","status":"publish","type":"post","link":"https:\/\/mussicom.com\/noticias\/eua-aplicam-sancoes-contra-integrantes-da-cupula-do-ira\/","title":{"rendered":"EUA aplicam san\u00e7\u00f5es contra integrantes da c\u00fapula do Ir\u00e3"},"content":{"rendered":"<p> <br \/>\n<\/p>\n<div id=\"tp-post-content\">\n<p class=\"postParagraph_post-paragraph__juWZN postParagraph_post-paragraph-innerHtml__Q5vwc\">O Escrit\u00f3rio de Controle de Ativos Estrangeiros (OFAC, na sigla em ingl\u00eas) do Departamento do Tesouro dos Estados Unidos anunciou san\u00e7\u00f5es econ\u00f4micas nesta quinta-feira (15) contra agentes do regime do Ir\u00e3 e operadoras financeiras que agem a servi\u00e7o da ditadura isl\u00e2mica, devido \u00e0 repress\u00e3o contra os manifestantes que participam de protestos iniciados no final de dezembro.<\/p>\n<p class=\"postParagraph_post-paragraph__juWZN postParagraph_post-paragraph-innerHtml__Q5vwc\">O nome mais importante entre os sancionados foi Ali Larijani, secret\u00e1rio do Conselho Supremo de Seguran\u00e7a Nacional do Ir\u00e3, que o OFAC descreveu em comunicado como sendo \u201crespons\u00e1vel por coordenar a resposta aos protestos em nome do l\u00edder supremo do Ir\u00e3 [Ali Khamenei] e ordenou publicamente que as for\u00e7as de seguran\u00e7a iranianas usem a for\u00e7a para reprimir manifestantes pac\u00edficos\u201d.<\/p>\n<p class=\"postParagraph_post-paragraph__juWZN postParagraph_post-paragraph-innerHtml__Q5vwc\">Tamb\u00e9m foram alvos de san\u00e7\u00f5es Mohammad Reza Hashemifar, comandante das For\u00e7as de Aplica\u00e7\u00e3o da Lei do Ir\u00e3 (LEF) na prov\u00edncia de Lorestan; Nematollah Bagheri, comandante da Guarda Revolucion\u00e1ria Isl\u00e2mica na mesma prov\u00edncia; Azizollah Maleki e Yadollah Buali, comandantes da LEF e da Guarda Revolucion\u00e1ria, respectivamente, na prov\u00edncia de Fars.<\/p>\n<p class=\"postParagraph_post-paragraph__juWZN postParagraph_post-paragraph-innerHtml__Q5vwc\">O OFAC aplicou san\u00e7\u00f5es tamb\u00e9m contra operadoras financeiras com atua\u00e7\u00e3o no Ir\u00e3, Emirados \u00c1rabes, Singapura e Reino Unido que seriam usadas para lavar dinheiro do petr\u00f3leo canalizado para financiar a repress\u00e3o contra a popula\u00e7\u00e3o iraniana e grupos terroristas apoiados por Teer\u00e3.<\/p>\n<p class=\"postParagraph_post-paragraph__juWZN postParagraph_post-paragraph-innerHtml__Q5vwc\">\u201cOs Estados Unidos apoiam firmemente o povo iraniano em seu apelo por liberdade e justi\u00e7a\u201d, disse na nota o secret\u00e1rio do Tesouro, Scott Bessent.<\/p>\n<p class=\"postParagraph_post-paragraph__juWZN postParagraph_post-paragraph-innerHtml__Q5vwc\">As medidas do Departamento do Tesouro incluem bloqueio de todos os bens dos visados que estejam nos Estados Unidos ou em posse ou controle de americanos; bloqueio de empresas ou outras organiza\u00e7\u00f5es que tenham participa\u00e7\u00e3o de 50% ou mais dos citados; e proibi\u00e7\u00e3o de pessoas nos Estados Unidos ou em tr\u00e2nsito no territ\u00f3rio americano de fazer transa\u00e7\u00f5es financeiras e comerciais com os sancionados, exceto em caso de licen\u00e7a emitida pelo OFAC.<\/p>\n<p class=\"postParagraph_post-paragraph__juWZN postParagraph_post-paragraph-innerHtml__Q5vwc\">De acordo com ONGs internacionais, mais de 2,6 mil pessoas j\u00e1 foram mortas pelas autoridades de seguran\u00e7a do Ir\u00e3 e outras milhares foram presas na repress\u00e3o aos protestos iniciados no final de dezembro em raz\u00e3o da crise econ\u00f4mica no pa\u00eds persa, mas cujas reivindica\u00e7\u00f5es agora incluem a queda do regime isl\u00e2mico.<\/p>\n<\/div>\n<p><br \/>\n<br \/>Fonte: <a href=\"https:\/\/www.gazetadopovo.com.br\/mundo\/eua-aplicam-sancoes-integrantes-cupula-ira-repressao-manifestantes\/\">Revista Oeste<\/a><\/p>\n","protected":false},"excerpt":{"rendered":"<p>O Escrit\u00f3rio de Controle de Ativos Estrangeiros (OFAC, na sigla em ingl\u00eas) do Departamento do Tesouro dos Estados Unidos anunciou san\u00e7\u00f5es econ\u00f4micas nesta quinta-feira (15) contra agentes do regime do Ir\u00e3 e operadoras financeiras que agem a servi\u00e7o da ditadura isl\u00e2mica, devido \u00e0 repress\u00e3o contra os manifestantes que participam de protestos iniciados no final de [&hellip;]<\/p>\n","protected":false},"author":5,"featured_media":58042,"comment_status":"open","ping_status":"open","sticky":false,"template":"","format":"standard","meta":{"_seopress_robots_primary_cat":"","_seopress_titles_title":"","_seopress_titles_desc":"","_seopress_robots_index":"","footnotes":""},"categories":[48],"tags":[],"class_list":["post-58041","post","type-post","status-publish","format-standard","has-post-thumbnail","hentry","category-internacional"],"_links":{"self":[{"href":"https:\/\/mussicom.com\/noticias\/wp-json\/wp\/v2\/posts\/58041","targetHints":{"allow":["GET"]}}],"collection":[{"href":"https:\/\/mussicom.com\/noticias\/wp-json\/wp\/v2\/posts"}],"about":[{"href":"https:\/\/mussicom.com\/noticias\/wp-json\/wp\/v2\/types\/post"}],"author":[{"embeddable":true,"href":"https:\/\/mussicom.com\/noticias\/wp-json\/wp\/v2\/users\/5"}],"replies":[{"embeddable":true,"href":"https:\/\/mussicom.com\/noticias\/wp-json\/wp\/v2\/comments?post=58041"}],"version-history":[{"count":0,"href":"https:\/\/mussicom.com\/noticias\/wp-json\/wp\/v2\/posts\/58041\/revisions"}],"wp:featuredmedia":[{"embeddable":true,"href":"https:\/\/mussicom.com\/noticias\/wp-json\/wp\/v2\/media\/58042"}],"wp:attachment":[{"href":"https:\/\/mussicom.com\/noticias\/wp-json\/wp\/v2\/media?parent=58041"}],"wp:term":[{"taxonomy":"category","embeddable":true,"href":"https:\/\/mussicom.com\/noticias\/wp-json\/wp\/v2\/categories?post=58041"},{"taxonomy":"post_tag","embeddable":true,"href":"https:\/\/mussicom.com\/noticias\/wp-json\/wp\/v2\/tags?post=58041"}],"curies":[{"name":"wp","href":"https:\/\/api.w.org\/{rel}","templated":true}]}}